{"id":122481,"date":"2025-12-26T21:54:07","date_gmt":"2025-12-26T21:54:07","guid":{"rendered":"https:\/\/www.europesays.com\/no\/122481\/"},"modified":"2025-12-26T21:54:07","modified_gmt":"2025-12-26T21:54:07","slug":"e6-trafikk-turist-stanset-i-kveld-fratatt-retten-til-a-kjore-bil-i-norge","status":"publish","type":"post","link":"https:\/\/www.europesays.com\/no\/122481\/","title":{"rendered":"E6, Trafikk | Turist stanset i kveld: Fratatt retten til \u00e5 kj\u00f8re bil i Norge"},"content":{"rendered":"\n<p>Politiet fikk fredag kveld flere meldinger om en bil som kj\u00f8rte vinglete og over i motg\u00e5ende kj\u00f8refelt p\u00e5 E6 s\u00f8rover fra Heia. <\/p>\n<p>En patrulje ble sendt ut og de stanset bilen p\u00e5 Olsborg. <\/p>\n<p>\u2013 Bilf\u00f8rer er en utenlandsk statsborger som blir anmeldt etter vegtrafikklovens paragraf 3, alts\u00e5 uaktsom kj\u00f8ring, sier operasjonsleder Knut Laurits Slartmann i Troms politidistrikt.<\/p>\n<p>Vedkommende var ikke beruset. <\/p>\n<p>\u2013 Retten til \u00e5 kj\u00f8re bil i Norge er inndratt. Han fikk ikke kj\u00f8re videre, sier Slartmann.<\/p>\n","protected":false},"excerpt":{"rendered":"Politiet fikk fredag kveld flere meldinger om en bil som kj\u00f8rte vinglete og over i motg\u00e5ende kj\u00f8refelt p\u00e5&hellip;\n","protected":false},"author":2,"featured_media":2176,"comment_status":"","ping_status":"","sticky":false,"template":"","format":"standard","meta":{"footnotes":""},"categories":[10],"tags":[36,20,21,834,24,25,15,22,23,13,30,28,29,14,16,1510,26,27,224,3363],"class_list":{"0":"post-122481","1":"post","2":"type-post","3":"status-publish","4":"format-standard","5":"has-post-thumbnail","7":"category-norge","8":"tag-art","9":"tag-breaking-news","10":"tag-breakingnews","11":"tag-e6","12":"tag-featured-news","13":"tag-featurednews","14":"tag-headlines","15":"tag-latest-news","16":"tag-latestnews","17":"tag-news","18":"tag-no","19":"tag-norge","20":"tag-norway","21":"tag-nyheter","22":"tag-overskrifter","23":"tag-story","24":"tag-top-stories","25":"tag-topstories","26":"tag-trafikk","27":"tag-turisme"},"share_on_mastodon":{"url":"https:\/\/pubeurope.com\/@no\/115788098187698834","error":""},"_links":{"self":[{"href":"https:\/\/www.europesays.com\/no\/wp-json\/wp\/v2\/posts\/122481","targetHints":{"allow":["GET"]}}],"collection":[{"href":"https:\/\/www.europesays.com\/no\/wp-json\/wp\/v2\/posts"}],"about":[{"href":"https:\/\/www.europesays.com\/no\/wp-json\/wp\/v2\/types\/post"}],"author":[{"embeddable":true,"href":"https:\/\/www.europesays.com\/no\/wp-json\/wp\/v2\/users\/2"}],"replies":[{"embeddable":true,"href":"https:\/\/www.europesays.com\/no\/wp-json\/wp\/v2\/comments?post=122481"}],"version-history":[{"count":0,"href":"https:\/\/www.europesays.com\/no\/wp-json\/wp\/v2\/posts\/122481\/revisions"}],"wp:featuredmedia":[{"embeddable":true,"href":"https:\/\/www.europesays.com\/no\/wp-json\/wp\/v2\/media\/2176"}],"wp:attachment":[{"href":"https:\/\/www.europesays.com\/no\/wp-json\/wp\/v2\/media?parent=122481"}],"wp:term":[{"taxonomy":"category","embeddable":true,"href":"https:\/\/www.europesays.com\/no\/wp-json\/wp\/v2\/categories?post=122481"},{"taxonomy":"post_tag","embeddable":true,"href":"https:\/\/www.europesays.com\/no\/wp-json\/wp\/v2\/tags?post=122481"}],"curies":[{"name":"wp","href":"https:\/\/api.w.org\/{rel}","templated":true}]}}