{"id":122484,"date":"2025-12-26T21:56:25","date_gmt":"2025-12-26T21:56:25","guid":{"rendered":"https:\/\/www.europesays.com\/no\/122484\/"},"modified":"2025-12-26T21:56:25","modified_gmt":"2025-12-26T21:56:25","slug":"ribbecup-romjul-disse-vant-ribbecup","status":"publish","type":"post","link":"https:\/\/www.europesays.com\/no\/122484\/","title":{"rendered":"Ribbecup, Romjul | Disse vant Ribbecup"},"content":{"rendered":"\n<p>Totalt deltok 19 lag p\u00e5 \u00e5rets Ribbecup.<\/p>\n<p>\u00abSlankelaget\u00bb gikk helt til topps etter et spektakul\u00e6rt vinnerm\u00e5l av keeper og rekrutt-trener i Mj\u00f8lner \u2013 Ishak Haoual.<\/p>\n<p>Laget gjentok dermed bragden fra i fjor, da de ogs\u00e5 vant turneringen.<\/p>\n<p>Gutta vant ogs\u00e5 i fjor, laget som stikker av med seieren f\u00e5r dele ut overskuddet av turneringen til valgfritt form\u00e5l.<\/p>\n<p>I fjor ga de det til Nordpolen. I \u00e5r til barneavlastningen.<\/p>\n<p>\u2013 <a href=\"https:\/\/www.fremover.no\/slik-fornyes-barneavlastninga-i-narvik-med-lokal-stotte\/s\/5-17-1449296\" rel=\"Follow nofollow noopener\" target=\"_blank\">Vi leste om dette i Fremover<\/a> og mente at barneavlastningen fortjener disse pengene, sier Ishak.<\/p>\n<p>I finalen slo de et lag best\u00e5ende av flere tidligere A-lagsspillere fra Mj\u00f8lner, blant dem Jesper Bakli og Fredrik Arntsen.<\/p>\n<p>Les saken om gjengen som pusser opp barneavlastningen: <\/p>\n<p>  <a href=\"https:\/\/www.fremover.no\/5-17-1449296\" class=\"related-teaser has-image default-story-teaser article--c-eRUmMG article--c-eRUmMG-jKCPdD-design-default\" rel=\"nofollow noopener\" target=\"_blank\"><\/p>\n<p>    <img decoding=\"async\" loading=\"lazy\"  src=\"https:\/\/www.europesays.com\/no\/wp-content\/uploads\/2025\/12\/image_934A6296-409F-4F6A-92FC-940F73C86471_1766395232.jpeg\" alt=\"\" class=\"brick-c-cFOWSL\" style=\"\"\/><\/p>\n<p>\n            Les ogs\u00e5<\/p>\n<p>              Fikk klump i magen av barnas rom: \u2013 Vrenger seg i mammahjertet\n        <\/p>\n<p>  <\/a><br \/>\n  Dette er vinnerlaget<\/p>\n<p>Fremover gratulerer vinnerlaget, for andre \u00e5r p\u00e5 rad.<\/p>\n<p>Skal noen klare \u00e5 stoppe de fra en trippel?<\/p>\n<p><b>Slankelaget <\/b>best\u00e5r av:<\/p>\n<ul>\n<li>Johannes Aase<\/li>\n<li>Theodor Dragly<\/li>\n<li>Ishak Haoual<\/li>\n<li>Simon Holtet Aalmen<\/li>\n<li>Andreas Martinsen<\/li>\n<li>Eivind Nilsen<\/li>\n<li>M\u00e5rten Olsen<\/li>\n<li>Ole-Petter Svedenborg<\/li>\n<li>Sebastian Tande Sundby<\/li>\n<li>Truls Torbl\u00e5<\/li>\n<\/ul>\n","protected":false},"excerpt":{"rendered":"Totalt deltok 19 lag p\u00e5 \u00e5rets Ribbecup. \u00abSlankelaget\u00bb gikk helt til topps etter et spektakul\u00e6rt vinnerm\u00e5l av keeper&hellip;\n","protected":false},"author":2,"featured_media":122485,"comment_status":"","ping_status":"","sticky":false,"template":"","format":"standard","meta":{"footnotes":""},"categories":[59],"tags":[36,14531,3348,30,28,29,14530,14501,83,82,1510],"class_list":{"0":"post-122484","1":"post","2":"type-post","3":"status-publish","4":"format-standard","5":"has-post-thumbnail","7":"category-sport","8":"tag-art","9":"tag-mjolner","10":"tag-narvik","11":"tag-no","12":"tag-norge","13":"tag-norway","14":"tag-ribbecup","15":"tag-romjul","16":"tag-sport","17":"tag-sports","18":"tag-story"},"share_on_mastodon":{"url":"https:\/\/pubeurope.com\/@no\/115788106099429353","error":""},"_links":{"self":[{"href":"https:\/\/www.europesays.com\/no\/wp-json\/wp\/v2\/posts\/122484","targetHints":{"allow":["GET"]}}],"collection":[{"href":"https:\/\/www.europesays.com\/no\/wp-json\/wp\/v2\/posts"}],"about":[{"href":"https:\/\/www.europesays.com\/no\/wp-json\/wp\/v2\/types\/post"}],"author":[{"embeddable":true,"href":"https:\/\/www.europesays.com\/no\/wp-json\/wp\/v2\/users\/2"}],"replies":[{"embeddable":true,"href":"https:\/\/www.europesays.com\/no\/wp-json\/wp\/v2\/comments?post=122484"}],"version-history":[{"count":0,"href":"https:\/\/www.europesays.com\/no\/wp-json\/wp\/v2\/posts\/122484\/revisions"}],"wp:featuredmedia":[{"embeddable":true,"href":"https:\/\/www.europesays.com\/no\/wp-json\/wp\/v2\/media\/122485"}],"wp:attachment":[{"href":"https:\/\/www.europesays.com\/no\/wp-json\/wp\/v2\/media?parent=122484"}],"wp:term":[{"taxonomy":"category","embeddable":true,"href":"https:\/\/www.europesays.com\/no\/wp-json\/wp\/v2\/categories?post=122484"},{"taxonomy":"post_tag","embeddable":true,"href":"https:\/\/www.europesays.com\/no\/wp-json\/wp\/v2\/tags?post=122484"}],"curies":[{"name":"wp","href":"https:\/\/api.w.org\/{rel}","templated":true}]}}