{"id":122492,"date":"2025-12-26T22:23:14","date_gmt":"2025-12-26T22:23:14","guid":{"rendered":"https:\/\/www.europesays.com\/no\/122492\/"},"modified":"2025-12-26T22:23:14","modified_gmt":"2025-12-26T22:23:14","slug":"fn-sjefen-fordommer-moskeangrep-i-syria","status":"publish","type":"post","link":"https:\/\/www.europesays.com\/no\/122492\/","title":{"rendered":"FN-sjefen ford\u00f8mmer mosk\u00e9angrep i Syria"},"content":{"rendered":"\n<p class=\"_lead_o9xde_2 _lead_xtcu6_50 layout-component text-serif-m layout-normal text-serif-l layout-component layout-wide layout-padded _wide_17hqh_1 layout-padded\">Minst \u00e5tte personer ble drept. <\/p>\n<p><img alt=\"Slik s\u00e5 moskeen ut etter bombingen.  Foto: ALI AHMED AL-NAJJAR \/ Reuters \/ NTB\" class=\"_image_qp4xg_65 layout-component layout-wide\" data-fullscreen- data-track-element-type=\"Article image fullscreen\" data-track-name=\"ImageFullscreen\" fetchpriority=\"high\" decoding=\"sync\" loading=\"eager\" height=\"4125\" itemprop=\"image\"  src=\"https:\/\/www.europesays.com\/no\/wp-content\/uploads\/2025\/12\/0aab7464-4d34-4feb-9280-b26608dd26cf\"  style=\"object-position:0% 0%\" width=\"5500\"\/>Slik s\u00e5 moskeen ut etter bombingen.  Foto: ALI AHMED AL-NAJJAR \/ Reuters \/ NTB<\/p>\n<ul aria-hidden=\"true\" class=\"_images_ntbth_112\">\n<li><a class=\"_link_ntbth_117\" href=\"https:\/\/www.vg.no\/forfatter\/einar-torkelsen\" style=\"z-index:2\" title=\"Einar Torkelsen\" rel=\"nofollow noopener\" target=\"_blank\"><img alt=\"Bilde av Einar Torkelsen\" class=\"_image_ntbth_93\" fetchpriority=\"low\" loading=\"lazy\" decoding=\"async\" itemprop=\"image\"  src=\"https:\/\/www.europesays.com\/no\/wp-content\/uploads\/2025\/12\/1766787794_41_f6016772-ddbc-43d2-b733-41afc7cc9046\"  width=\"480\"\/><\/a><\/li>\n<li><a class=\"_link_ntbth_117\" href=\"https:\/\/www.vg.no\/forfatter\/ntb\" style=\"z-index:1\" title=\"NTB\" rel=\"nofollow noopener\" target=\"_blank\"><img alt=\"Bilde av NTB\" class=\"_image_ntbth_93\" fetchpriority=\"low\" loading=\"lazy\" decoding=\"async\" itemprop=\"image\"  src=\"https:\/\/www.europesays.com\/no\/wp-content\/uploads\/2025\/12\/1766787794_106_c33980b0-5d07-4027-84a1-813f90a7c8d6\"  width=\"480\"\/><\/a><\/li>\n<\/ul>\n<p> Oppdatert fredag 26. desember kl. 21:55     <\/p>\n<p class=\"_paragraph_o9xde_4 _paragraph_xtcu6_10 layout-component text-serif-m layout-normal text-serif-m layout-padded\">FNs generalsekret\u00e6r Ant\u00f3nio Guterres ford\u00f8mmer mosk\u00e9angrepet i Homs, som skjedde 2. juledag. <\/p>\n<p class=\"_paragraph_o9xde_4 _paragraph_xtcu6_10 layout-component text-serif-m layout-normal text-serif-m layout-padded\">Guterres krever at de ansvarlige bak angrepet m\u00e5 straffeforf\u00f8lges.<\/p>\n<p class=\"_paragraph_o9xde_4 _paragraph_xtcu6_10 layout-component text-serif-m layout-normal text-serif-m layout-padded\">\u2013 Angrep mot sivile og gudshus er uakseptable, sier han i en uttalelse. <\/p>\n<p class=\"_paragraph_o9xde_4 _paragraph_xtcu6_10 layout-component text-serif-m layout-normal text-serif-m layout-padded\">Minst \u00e5tte personer er drept og mange er skadet etter angrepet mot den alawittiske moskeen Imam Ali Bin Abi Talib.<\/p>\n<p class=\"_paragraph_o9xde_4 _paragraph_xtcu6_10 layout-component text-serif-m layout-normal text-serif-m layout-padded\">Ingen er s\u00e5 langt p\u00e5grepet for bombingen. Syriske myndigheter har anklaget terrorgruppen IS for \u00e5 st\u00e5 bak. <\/p>\n<p class=\"_paragraph_o9xde_4 _paragraph_xtcu6_10 layout-component text-serif-m layout-normal text-serif-m layout-padded\">Den islamistiske militsen Saray Ansar al-Sunna har tatt p\u00e5 seg skylden for angrepet, som skjedde under fredagsb\u00f8nnen.<\/p>\n<p class=\"_paragraph_o9xde_4 _paragraph_xtcu6_10 layout-component text-serif-m layout-normal text-serif-m layout-padded\"><a href=\"https:\/\/www.vg.no\/tag\/syria?utm_source=vg-article&amp;utm_medium=auto-tagger&amp;utm_campaign=6qj5jQ\" class=\"_link_o9xde_39\" rel=\"nofollow noopener\" target=\"_blank\">Syrias<\/a> statsstyrte nyhetsbyr\u00e5 SANA skriver at forel\u00f8pige unders\u00f8kelser tyder p\u00e5 at eksplosiver var plantet inne i moskeen. <\/p>\n<p class=\"_paragraph_o9xde_4 _paragraph_xtcu6_10 layout-component text-serif-m layout-normal text-serif-m layout-padded\">I juni tok Saray Ansar al-Sunna p\u00e5 seg ansvaret for en selvmordsbombing. Den gang skj\u00f8t en gjerningsmann mot en gresk ortodoks kirke i utkanten av den syriske byen Damaskus, f\u00f8r han detonerte en bombevest. 25 personer ble drept, if\u00f8lge AP.<\/p>\n","protected":false},"excerpt":{"rendered":"Minst \u00e5tte personer ble drept. Slik s\u00e5 moskeen ut etter bombingen. Foto: ALI AHMED AL-NAJJAR \/ Reuters \/&hellip;\n","protected":false},"author":2,"featured_media":122493,"comment_status":"","ping_status":"","sticky":false,"template":"","format":"standard","meta":{"footnotes":""},"categories":[5],"tags":[20,21,24,25,15,19,22,23,17,18,13,30,28,29,14,16,7724,3686,26,27],"class_list":{"0":"post-122492","1":"post","2":"type-post","3":"status-publish","4":"format-standard","5":"has-post-thumbnail","7":"category-overskrifter","8":"tag-breaking-news","9":"tag-breakingnews","10":"tag-featured-news","11":"tag-featurednews","12":"tag-headlines","13":"tag-hovedoppslag","14":"tag-latest-news","15":"tag-latestnews","16":"tag-main-news","17":"tag-mainnews","18":"tag-news","19":"tag-no","20":"tag-norge","21":"tag-norway","22":"tag-nyheter","23":"tag-overskrifter","24":"tag-syria","25":"tag-terror","26":"tag-top-stories","27":"tag-topstories"},"share_on_mastodon":{"url":"https:\/\/pubeurope.com\/@no\/115788212396243781","error":""},"_links":{"self":[{"href":"https:\/\/www.europesays.com\/no\/wp-json\/wp\/v2\/posts\/122492","targetHints":{"allow":["GET"]}}],"collection":[{"href":"https:\/\/www.europesays.com\/no\/wp-json\/wp\/v2\/posts"}],"about":[{"href":"https:\/\/www.europesays.com\/no\/wp-json\/wp\/v2\/types\/post"}],"author":[{"embeddable":true,"href":"https:\/\/www.europesays.com\/no\/wp-json\/wp\/v2\/users\/2"}],"replies":[{"embeddable":true,"href":"https:\/\/www.europesays.com\/no\/wp-json\/wp\/v2\/comments?post=122492"}],"version-history":[{"count":0,"href":"https:\/\/www.europesays.com\/no\/wp-json\/wp\/v2\/posts\/122492\/revisions"}],"wp:featuredmedia":[{"embeddable":true,"href":"https:\/\/www.europesays.com\/no\/wp-json\/wp\/v2\/media\/122493"}],"wp:attachment":[{"href":"https:\/\/www.europesays.com\/no\/wp-json\/wp\/v2\/media?parent=122492"}],"wp:term":[{"taxonomy":"category","embeddable":true,"href":"https:\/\/www.europesays.com\/no\/wp-json\/wp\/v2\/categories?post=122492"},{"taxonomy":"post_tag","embeddable":true,"href":"https:\/\/www.europesays.com\/no\/wp-json\/wp\/v2\/tags?post=122492"}],"curies":[{"name":"wp","href":"https:\/\/api.w.org\/{rel}","templated":true}]}}