{"id":122504,"date":"2025-12-26T22:52:16","date_gmt":"2025-12-26T22:52:16","guid":{"rendered":"https:\/\/www.europesays.com\/no\/122504\/"},"modified":"2025-12-26T22:52:16","modified_gmt":"2025-12-26T22:52:16","slug":"trafikk-politiet-politiet-rykket-ut-pa-vinglebil-kom-kjorende-i-motgaende","status":"publish","type":"post","link":"https:\/\/www.europesays.com\/no\/122504\/","title":{"rendered":"Trafikk, Politiet | Politiet rykket ut p\u00e5 vinglebil: Kom kj\u00f8rende i motg\u00e5ende"},"content":{"rendered":"\n<p>Ferdselen p\u00e5 hovedveien ble br\u00e5tt utrygg da meldingene begynte \u00e5 hagle inn til operasjonssentralen sent fredag kveld.<\/p>\n<p>Klokken 21.43 bekrefter Troms politidistrikt at de har stanset en bilist etter en sv\u00e6rt farlig situasjon nord for Narvik.<\/p>\n<p>Utenlandsk f\u00f8rer<\/p>\n<p>If\u00f8lge politiet dreide det seg om en utenlandsk bilf\u00f8rer som skapte farlige situasjoner p\u00e5 E6.<\/p>\n<p>Meldingene som kom inn til politiet beskrev en \u00abvinglebil\u00bb som beveget seg s\u00f8rover fra Heia \u2013 i motg\u00e5ende kj\u00f8refelt.<\/p>\n<p>En politipatrulje kom seg raskt til stedet og fikk stanset kj\u00f8ret\u00f8yet p\u00e5 Olsborg.<\/p>\n<p>Anmeldt og ferdigkj\u00f8rt<\/p>\n<p>Reaksjonen fra politiet var umiddelbar.<\/p>\n<p>\u2013 F\u00f8rer er en utenlandsk borger. Vedkommende er anmeldt etter veitrafikklovens paragraf 3 for uaktsom kj\u00f8ring, opplyser politiet.<\/p>\n<p>Det er ikke mistanke om ruskj\u00f8ring i saken, men konsekvensen ble likevel fatal for sj\u00e5f\u00f8rens videre ferd.<\/p>\n<p>Politiet bekrefter at retten til \u00e5 kj\u00f8re bil i Norge er inndratt p\u00e5 stedet.<\/p>\n<p>\u2013 Han fikk ikke kj\u00f8re videre, sl\u00e5r politiet fast.<\/p>\n","protected":false},"excerpt":{"rendered":"Ferdselen p\u00e5 hovedveien ble br\u00e5tt utrygg da meldingene begynte \u00e5 hagle inn til operasjonssentralen sent fredag kveld. Klokken&hellip;\n","protected":false},"author":2,"featured_media":2503,"comment_status":"","ping_status":"","sticky":false,"template":"","format":"standard","meta":{"footnotes":""},"categories":[10],"tags":[36,14532,20,21,24,25,15,22,23,13,30,28,29,14,16,468,1510,26,27,224],"class_list":{"0":"post-122504","1":"post","2":"type-post","3":"status-publish","4":"format-standard","5":"has-post-thumbnail","7":"category-norge","8":"tag-art","9":"tag-bilforer","10":"tag-breaking-news","11":"tag-breakingnews","12":"tag-featured-news","13":"tag-featurednews","14":"tag-headlines","15":"tag-latest-news","16":"tag-latestnews","17":"tag-news","18":"tag-no","19":"tag-norge","20":"tag-norway","21":"tag-nyheter","22":"tag-overskrifter","23":"tag-politiet","24":"tag-story","25":"tag-top-stories","26":"tag-topstories","27":"tag-trafikk"},"share_on_mastodon":{"url":"https:\/\/pubeurope.com\/@no\/115788326100673697","error":""},"_links":{"self":[{"href":"https:\/\/www.europesays.com\/no\/wp-json\/wp\/v2\/posts\/122504","targetHints":{"allow":["GET"]}}],"collection":[{"href":"https:\/\/www.europesays.com\/no\/wp-json\/wp\/v2\/posts"}],"about":[{"href":"https:\/\/www.europesays.com\/no\/wp-json\/wp\/v2\/types\/post"}],"author":[{"embeddable":true,"href":"https:\/\/www.europesays.com\/no\/wp-json\/wp\/v2\/users\/2"}],"replies":[{"embeddable":true,"href":"https:\/\/www.europesays.com\/no\/wp-json\/wp\/v2\/comments?post=122504"}],"version-history":[{"count":0,"href":"https:\/\/www.europesays.com\/no\/wp-json\/wp\/v2\/posts\/122504\/revisions"}],"wp:featuredmedia":[{"embeddable":true,"href":"https:\/\/www.europesays.com\/no\/wp-json\/wp\/v2\/media\/2503"}],"wp:attachment":[{"href":"https:\/\/www.europesays.com\/no\/wp-json\/wp\/v2\/media?parent=122504"}],"wp:term":[{"taxonomy":"category","embeddable":true,"href":"https:\/\/www.europesays.com\/no\/wp-json\/wp\/v2\/categories?post=122504"},{"taxonomy":"post_tag","embeddable":true,"href":"https:\/\/www.europesays.com\/no\/wp-json\/wp\/v2\/tags?post=122504"}],"curies":[{"name":"wp","href":"https:\/\/api.w.org\/{rel}","templated":true}]}}