{"id":122509,"date":"2025-12-26T23:06:22","date_gmt":"2025-12-26T23:06:22","guid":{"rendered":"https:\/\/www.europesays.com\/no\/122509\/"},"modified":"2025-12-26T23:06:22","modified_gmt":"2025-12-26T23:06:22","slug":"einar-ogrey-brandsdal-avslorer-da-far-du-ikke-jobb","status":"publish","type":"post","link":"https:\/\/www.europesays.com\/no\/122509\/","title":{"rendered":"Einar \u00d8grey Brandsdal avsl\u00f8rer: &#8211; Da f\u00e5r du ikke jobb"},"content":{"rendered":"<p>    Kort fortalt<\/p>\n<ul>\n<li class=\"lab-bodytext-line\">Milliard\u00e6r og \u00abSpillet\u00bb-aktuelle Einar \u00d8grey Brandsdal deler innsikt om hva som er viktig i jobbintervjuer.<\/li>\n<li class=\"lab-bodytext-line\">Han legger vekt p\u00e5 spesifikke ting, og kan raskt avgj\u00f8re hvem som passer.<\/li>\n<li class=\"lab-bodytext-line\">Brandsdal bruker uformelle tester for \u00e5 vurdere kandidater.<\/li>\n<li class=\"lab-bodytext-line\">Han mener at en blanding av ulike faktorer er avgj\u00f8rende for ansettelse.<\/li>\n<\/ul>\n<p class=\"italic ai-disclaimer\" data-lab-italic=\"italic\">Sammendraget er laget av ChatGPT og godkjent av B\u00f8rsen.<\/p>\n<p>      Vis mer<br \/>\n      Vis mindre<\/p>\n<p>&#8211; Det er et par ting som absolutt ikke b\u00f8r gj\u00f8res i et jobbintervju.<\/p>\n<p>Det sier Einar \u00d8grey Brandsdal til Dagbladet.\u00a0<\/p>\n<p class=\"font-weight-bold m-font-weight-bold\" data-lab-font_weight=\"font-weight-bold\">Det er torsdag formiddag, og 49-\u00e5ringen har satt av tid til en liten innf\u00f8ring i \u00abdo&#8217;s and dont&#8217;s\u00bb n\u00e5r det gjelder jobbs\u00f8king.<\/p>\n<p>Selv har han fast h\u00e5ndtrykk, st\u00f8dig blikkontakt og \u00e5pent kroppsspr\u00e5k da han m\u00f8ter Dagbladet i Blivakkers fysiske butikk i Oslo sentrum. <br \/>Alt etter egen bok der, alts\u00e5.\u00a0<\/p>\n<p>Vet det p\u00e5 minutter\t<\/p>\n<p>Einar, som de siste 30 \u00e5ra har blitt s\u00f8kkrik p\u00e5 netthandel, r\u00f8per at han har en finger med i spillet p\u00e5 alle intervjuer til viktige stillinger i firmaet Brandsdal Group.<\/p>\n<p>&#8211; Jeg trekker ekstremt kjapt konklusjoner basert p\u00e5 magef\u00f8lelse. Jeg kjenner p\u00e5 f\u00e5 minutter om jeg vil ansette en person eller ikke, sier han og skjenker vann i flere glass.<\/p>\n<p>&#8211; Vil du ha kaffe, forresten?<\/p>\n<p class=\"italic m-italic\" data-lab-italic=\"italic\">&#8211; Nei takk, jeg drikker ikke kaffe.<\/p>\n<p class=\"no_italic m-no_italic\" data-lab-italic=\"\">&#8211; Det gj\u00f8r ikke jeg lenger heller, sier Einar.\u00a0<\/p>\n<p class=\"no_italic m-no_italic\" data-lab-italic=\"\">Han ler lett. Hm. Kanskje jeg fikk inn et ekstrapoeng allerede der?\u00a0<\/p>\n<p>&#8211; Der er det penger\t<\/p>\n<p>Einar bekrefter min oppfatning av s\u00f8rlendinger: Han er sindig, fredull og snakker rolig med mild stemme. S\u00e5nn typisk telefonselger-stemme, egentlig.<\/p>\n<p class=\"font-weight-bold m-font-weight-bold\" data-lab-font_weight=\"font-weight-bold\">&#8211; Jeg var faktisk telefonselger i mange \u00e5r. Jeg har solgt alt mulig, fra flyfoto til st\u00f8vsugere! utbryter han ivrig.\u00a0<\/p>\n<p>Den lange mannen p\u00e5 andre siden av bordet sier han liker bedre \u00e5 stille sp\u00f8rsm\u00e5l enn \u00e5 svare p\u00e5 dem, men svarer likevel \u00e6rlig og utfyllende p\u00e5 alt.\u00a0<\/p>\n<p>    <a itemprop=\"url\" href=\"https:\/\/borsen.dagbladet.no\/nyheter\/avslorer-aldri-vaert-lavere\/83872603\" rel=\"nofollow noopener\" target=\"_blank\"><\/p>\n<p>        <img loading=\"lazy\" decoding=\"async\" src=\"https:\/\/www.europesays.com\/no\/wp-content\/uploads\/2025\/12\/1766790373_403_83900642.webp\" width=\"980\" height=\"441\" title=\"Avsl\u00f8rer: Aldri v\u00e6rt lavere\" alt=\"\" class=\"lazyload\" style=\"--aspect-ratio-image: 2.22; \"\/><\/p>\n<p>        Avsl\u00f8rer: Aldri v\u00e6rt lavere<\/p>\n<p>    <\/a><\/p>\n<p>49-\u00e5ringen, som i h\u00f8st er aktuell i TV 2-serien \u00abSpillet\u00bb, r\u00f8per at han har v\u00e6rt business-minded fra barnsben av.\u00a0<\/p>\n<p>&#8211;\u00a0 Jeg har alltid likt \u00e5 tjene egne penger. Jeg ville egentlig bare rett ut i jobb etter niende klasse.<\/p>\n<p>        <img loading=\"lazy\" decoding=\"async\" src=\"https:\/\/www.europesays.com\/no\/wp-content\/uploads\/2025\/12\/83905165.webp\" width=\"980\" height=\"559\" title=\"NETTBUTIKK-KONGEN: Einar \u00d8grey Brandsdals st\u00f8rste suksess har v\u00e6rt auksjonsstedet Netthandelen.no, som han opprettet p\u00e5 80-tallet - og skj\u00f8nnhetsnettstedet Blivakker.no fra 2007 . Foto: Lars Eivind Bones \/ Dagbladet\" alt=\"\" class=\"\" style=\"--aspect-ratio-image: 1.75; \"\/><\/p>\n<p>\n        NETTBUTIKK-KONGEN: Einar \u00d8grey Brandsdals st\u00f8rste suksess har v\u00e6rt auksjonsstedet Netthandelen.no, som han opprettet p\u00e5 80-tallet &#8211; og skj\u00f8nnhetsnettstedet Blivakker.no fra 2007 . Foto: Lars Eivind Bones \/ Dagbladet\n    <\/p>\n<p>P\u00e5 ungdomsskolen fikk han h\u00f8re at elektriker-studenter p\u00e5 yrkesskolen hadde laget forsterkere og solgt de for 4000 kroner. Delene kostet lite, men det ferdige produktet ble solgt for mye.\u00a0<\/p>\n<p>&#8211; Da begynte hodet mitt \u00e5 spinne. Der er det penger, tenkte jeg!<\/p>\n<p>Elektriker ble han ikke, men Einar har klart seg mer enn godt likevel: I skrivende stund er han oppf\u00f8rt med en formue p\u00e5 2,75 milliarder kroner.<\/p>\n<p>&#8211; Vi selger for 1,5 milliarder i \u00e5r, og nettsalget st\u00e5r for kanskje 1,2 milliarder, sier han, og legger til at de totalt har 420 ansatte.\u00a0<\/p>\n<p>&#8211; Sier mye om deg som person\t<\/p>\n<p>Milliard\u00e6ren, som ikke er nevneverdig interessert i \u00e5 snakke om egen lommebok, deler mer enn gjerne detaljer fra hva han ser etter i jobbkandidater.\u00a0<\/p>\n<p class=\"font-weight-bold m-font-weight-bold\" data-lab-font_weight=\"font-weight-bold\">Og det er spesielt \u00e9n ting som har blitt en snakkis de siste m\u00e5nedene:\u00a0<\/p>\n<p class=\"font-weight-normal m-font-weight-normal\" data-lab-font_weight=\"font-weight-normal\">Nemlig \u00abkaffetesten\u00bb.\u00a0<\/p>\n<p>&#8211; Hvordan du holder i kaffekoppen kan si mye om deg som person, sier Einar lurt.\u00a0<\/p>\n<p>Raskt tar familiefaren tak i en pappkopp med \u00abBlivakker\u00bb p\u00e5, logoen til skj\u00f8nnhetsgiganten han har driftet siden oppstart i 2007:<\/p>\n<p>          <img loading=\"lazy\" decoding=\"async\" src=\"https:\/\/www.europesays.com\/no\/wp-content\/uploads\/2025\/12\/83905158.webp\" width=\"1800\" height=\"612\" title=\"\" alt=\"\" class=\"\" style=\"--aspect-ratio-image: 2.94; \"\/><\/p>\n<p>\n        Oslo 20251120. Einar Brandsdal i butikken i \u00d8stbanehallen i Oslo. &laquo;Bli Vakker&raquo; er navnet p\u00e5 en norsk nettbutikk og et kosmetikkselskap grunnlagt av Einar \u00d8grey Brandsdal. Han er gr\u00fcnderen bak b\u00e5de BliVakker.no og Netthandelen.no, og Brandsdal Group er holdingselskapet for nettbutikkene hans. Foto: Lars Eivind Bones \/ Dagbladet<br \/>\n        Lars Eivind Bones\n    <\/p>\n<p>        &#8211; S\u00e5nn skal du IKKE holde, sier han og klamrer hendene rundt koppen.<\/p>\n<p>          <img loading=\"lazy\" decoding=\"async\" src=\"https:\/\/www.europesays.com\/no\/wp-content\/uploads\/2025\/12\/83905154.webp\" width=\"1800\" height=\"810\" title=\"\" alt=\"\" class=\"\" style=\"--aspect-ratio-image: 2.22; \"\/><\/p>\n<p>\n        Oslo 20251120. Einar Brandsdal i butikken i \u00d8stbanehallen i Oslo. &laquo;Bli Vakker&raquo; er navnet p\u00e5 en norsk nettbutikk og et kosmetikkselskap grunnlagt av Einar \u00d8grey Brandsdal. Han er gr\u00fcnderen bak b\u00e5de BliVakker.no og Netthandelen.no, og Brandsdal Group er holdingselskapet for nettbutikkene hans. Foto: Lars Eivind Bones \/ Dagbladet<br \/>\n        Lars Eivind Bones\n    <\/p>\n<p>Einar poserer velvillig og noe overdrevent med pappkoppen, f\u00f8r han p\u00e5peker at kaffetesten ikke er en faktisk dealbreaker under et jobbintervju.<\/p>\n<p>&#8211; Jeg skrev p\u00e5 LinkedIn eller Facebook for ti-femten \u00e5r siden at jeg kunne lese mye fra intervjuobjektene hvis de brukte for mye tid p\u00e5 kaffekoppen. Men det har blitt mye hauset opp, alts\u00e5 &#8211; jeg er ikke s\u00e5 bombastisk.\u00a0<\/p>\n<p class=\"italic m-italic\" data-lab-italic=\"italic\">&#8211; Hva er problemet med \u00e5 bruke lang tid, da?\u00a0<\/p>\n<p class=\"no_italic m-no_italic\" data-lab-italic=\"\">&#8211; Jeg er ute etter folk med mye speed og energi. Hvis de nyter kaffen, g\u00e5r det for treigt. Haha!\u00a0<\/p>\n<p class=\"no_italic m-no_italic\" data-lab-italic=\"\">Det samme gjelder om jobbs\u00f8keren bruker for lang tid p\u00e5 \u00e5 drikke \u00e9n slurk, supplerer han:<\/p>\n<p class=\"no_italic m-no_italic\" data-lab-italic=\"\">&#8211; Da mister jeg litt interessen, sier han, noe satt p\u00e5 spissen.\u00a0<\/p>\n<p>        <img loading=\"lazy\" decoding=\"async\" src=\"https:\/\/www.europesays.com\/no\/wp-content\/uploads\/2025\/12\/83905160.webp\" width=\"980\" height=\"559\" title=\"ILLUSTRERER: Einar tar ikke lett p\u00e5 modell-jobben for kaffetesten. Foto: Lars Eivind Bones \/ Dagbladet\" alt=\"\" class=\"\" style=\"--aspect-ratio-image: 1.75; \"\/><\/p>\n<p>\n        ILLUSTRERER: Einar tar ikke lett p\u00e5 modell-jobben for kaffetesten. Foto: Lars Eivind Bones \/ Dagbladet\n    <\/p>\n<p class=\"no_italic m-no_italic\" data-lab-italic=\"\">Einar understreker at alle arbeidsplasser trenger litt av alt, og at han selv \u00f8nsker b\u00e5de rolige og \u00abnedp\u00e5\u00bb ansatte, s\u00e5 vel som de energiske.\u00a0<\/p>\n<p class=\"no_italic m-no_italic\" data-lab-italic=\"\">&#8211; Men \u00e9n ting gj\u00f8r jeg ganske ofte, r\u00f8per han.\u00a0<\/p>\n<p>&#8211; Flere gir opp\t<\/p>\n<p class=\"no_italic m-no_italic\" data-lab-italic=\"\">Einar har nemlig et spesifikt grep han trekker opp av hatten der han anser det som n\u00f8dvendig:<\/p>\n<p class=\"no_italic m-no_italic\" data-lab-italic=\"\">&#8211; Enkelte sier de har god koll p\u00e5 tall, men s\u00e5 tror jeg ikke alltid helt p\u00e5 det. Da slenger jeg et mattestykke ut i l\u00f8se lufta.<\/p>\n<p class=\"no_italic m-no_italic font-weight-bold m-font-weight-bold\" data-lab-italic=\"\" data-lab-font_weight=\"font-weight-bold\">Blivakker-guruen slipper fatt i pappkoppen, og br\u00e5tt blir Dagbladets utsendte omgjort til et par aspel\u00f8v av noen jobbs\u00f8kere:<\/p>\n<p class=\"no_italic m-no_italic\" data-lab-italic=\"\">&#8211; Hvis en jakke koster 1300 kroner, og dere f\u00e5r 30 prosent rabatt. Hvor mye m\u00e5 dere betale?\u00a0<\/p>\n<p class=\"no_italic m-no_italic\" data-lab-italic=\"\">&#8211; Det blir 390 kroner i rabatt, og jakka koster alts\u00e5 910 kroner, skyter Dagbladets fotograf inn, sekunder seinere.<\/p>\n<p>        KRITISERES: Donald Trumps overd\u00e5dige Halloween-fest med Great Gatsby-tema p\u00e5 Mar-a-Lago har f\u00e5tt kraftig kritikk. Reporter: Jostein Sletten \/ Dagbladet<\/p>\n<p class=\"no_italic m-no_italic\" data-lab-italic=\"\">&#8211; BRA! Kjempebra! sier Einar og klapper seg p\u00e5 l\u00e5ret.<\/p>\n<p class=\"italic m-italic\" data-lab-italic=\"italic\">&#8211; Wow, blir han ansatt n\u00e5? Kommer litt an p\u00e5 hvordan han holder kaffekoppen, kanskje?\u00a0<\/p>\n<p class=\"no_italic m-no_italic\" data-lab-italic=\"\">&#8211; Hehe, det er faktisk mange som ikke tar det der s\u00e5 kjapt. Enkelte sitter og knoter og blir stressa. Flere har sagt pass fordi de ikke orker. De gir opp!\u00a0<\/p>\n<p>Dette er avgj\u00f8rende\t<\/p>\n<p>En annen ting Einar merker seg ved jobbs\u00f8kere, er om de tar heis eller trapp.<\/p>\n<p>&#8211; Tar du heisen, f\u00e5r du ikke jobb. Hos oss er det \u00e9n etasje fra resepsjonen til kontoret!\u00a0<\/p>\n<p>&#8211; Men den trappa er litt lang da, legger han til og gliser.\u00a0<\/p>\n<p>    <a itemprop=\"url\" href=\"https:\/\/borsen.dagbladet.no\/nyheter\/dritt-for-fattige-folk\/83900117\" rel=\"nofollow noopener\" target=\"_blank\"><\/p>\n<p>        <img loading=\"lazy\" decoding=\"async\" src=\"https:\/\/www.europesays.com\/no\/wp-content\/uploads\/2025\/12\/83900238.webp\" width=\"980\" height=\"441\" title=\"- Dritt for fattige folk\" alt=\"\" class=\"lazyload\" style=\"--aspect-ratio-image: 2.22; \"\/><\/p>\n<p>        &#8211; Dritt for fattige folk<\/p>\n<p>    <\/a><\/p>\n<p>49-\u00e5ringen sier at en blanding av kvaliteter, erfaring og god kjemi er avgj\u00f8rende for at jobbintervjuet skal g\u00e5 rette veien.\u00a0<\/p>\n<p>&#8211; Du l\u00e6rer veldig mye i l\u00f8pet av en samtale, kommenterer han.\u00a0<\/p>\n<p>Idet vi runder av, sp\u00f8r Dagbladets fotograf om Einar hadde ansatt undertegnede journalist. Sp\u00f8rsm\u00e5let etterlater et uventet og nerv\u00f8st stikk i brystet, som s\u00e5 forsterkes av en kunstpause Einar velger \u00e5 foreta seg.<\/p>\n<p>Med en stram mine rynker han pannen, ser n\u00e6rmest vurderende ut, og svarer omsider:<\/p>\n<p>&#8211; Ja. Jeg ville ansatt dere begge, jeg!\u00a0<\/p>\n","protected":false},"excerpt":{"rendered":"Kort fortalt Milliard\u00e6r og \u00abSpillet\u00bb-aktuelle Einar \u00d8grey Brandsdal deler innsikt om hva som er viktig i jobbintervjuer. Han&hellip;\n","protected":false},"author":2,"featured_media":122510,"comment_status":"","ping_status":"","sticky":false,"template":"","format":"standard","meta":{"footnotes":""},"categories":[10],"tags":[20,21,3368,24,25,15,416,14534,14533,479,22,23,13,30,28,29,14,16,4005,2398,26,27,208],"class_list":{"0":"post-122509","1":"post","2":"type-post","3":"status-publish","4":"format-standard","5":"has-post-thumbnail","7":"category-norge","8":"tag-breaking-news","9":"tag-breakingnews","10":"tag-einar-ogrey-brandsdal","11":"tag-featured-news","12":"tag-featurednews","13":"tag-headlines","14":"tag-jobb","15":"tag-jobbintervju","16":"tag-jobbsoking","17":"tag-kjendis","18":"tag-latest-news","19":"tag-latestnews","20":"tag-news","21":"tag-no","22":"tag-norge","23":"tag-norway","24":"tag-nyheter","25":"tag-overskrifter","26":"tag-some","27":"tag-spillet","28":"tag-top-stories","29":"tag-topstories","30":"tag-tv-2"},"share_on_mastodon":{"url":"https:\/\/pubeurope.com\/@no\/115788381768010271","error":""},"_links":{"self":[{"href":"https:\/\/www.europesays.com\/no\/wp-json\/wp\/v2\/posts\/122509","targetHints":{"allow":["GET"]}}],"collection":[{"href":"https:\/\/www.europesays.com\/no\/wp-json\/wp\/v2\/posts"}],"about":[{"href":"https:\/\/www.europesays.com\/no\/wp-json\/wp\/v2\/types\/post"}],"author":[{"embeddable":true,"href":"https:\/\/www.europesays.com\/no\/wp-json\/wp\/v2\/users\/2"}],"replies":[{"embeddable":true,"href":"https:\/\/www.europesays.com\/no\/wp-json\/wp\/v2\/comments?post=122509"}],"version-history":[{"count":0,"href":"https:\/\/www.europesays.com\/no\/wp-json\/wp\/v2\/posts\/122509\/revisions"}],"wp:featuredmedia":[{"embeddable":true,"href":"https:\/\/www.europesays.com\/no\/wp-json\/wp\/v2\/media\/122510"}],"wp:attachment":[{"href":"https:\/\/www.europesays.com\/no\/wp-json\/wp\/v2\/media?parent=122509"}],"wp:term":[{"taxonomy":"category","embeddable":true,"href":"https:\/\/www.europesays.com\/no\/wp-json\/wp\/v2\/categories?post=122509"},{"taxonomy":"post_tag","embeddable":true,"href":"https:\/\/www.europesays.com\/no\/wp-json\/wp\/v2\/tags?post=122509"}],"curies":[{"name":"wp","href":"https:\/\/api.w.org\/{rel}","templated":true}]}}