{"id":122517,"date":"2025-12-26T23:15:12","date_gmt":"2025-12-26T23:15:12","guid":{"rendered":"https:\/\/www.europesays.com\/no\/122517\/"},"modified":"2025-12-26T23:15:12","modified_gmt":"2025-12-26T23:15:12","slug":"fullstendig-kaos-1400-fly-kansellert","status":"publish","type":"post","link":"https:\/\/www.europesays.com\/no\/122517\/","title":{"rendered":"Fullstendig kaos: 1400 fly kansellert"},"content":{"rendered":"<p class=\"kicker bg-cyan color_mobile_bg-cyan hasTextPadding mobile-hasTextPadding\" style=\"\">Reise<\/p>\n<p>  Tusenvis av passasjerer sitter fast p\u00e5 flyplasser p\u00e5 \u00f8stkysten av USA.<\/p>\n<p>\n    TR\u00d8BBEL: Folk som skal reise med fly fra det nord\u00f8stlige USA m\u00e5 sm\u00f8re seg med t\u00e5lmodighet. Foto: Flightradar24\/skjedmdump\n  <\/p>\n<p>  <a id=\"topic-banner-link\" href=\"#\" target=\"_blank\" rel=\"noopener noreferrer\"><br \/>\n    <img decoding=\"async\" id=\"topic-banner-image\" src=\"\" alt=\"\" style=\"max-width:100%; height:auto; border-radius:8px; transition:filter 0.3s ease;\"\/><br \/>\n  <\/a><\/p>\n<p>Mens vi her hjemme er i ferd med \u00e5 skalke lukene i p\u00e5vente av storm, har kaoset allerede brutt l\u00f8s p\u00e5 andre siden av Atlanterhavet<\/p>\n<p>Kraftige sn\u00f8byger feier over store deler av det nord\u00f8stlige USA.\u00a0<\/p>\n<p>Det melder blant andre <a href=\"https:\/\/abcnews.go.com\/US\/dangerous-snowstorm-hitting-nyc-new-jersey-upstate-new\/story?id=128702220\" rel=\"nofollow noopener\" target=\"_blank\">ABC News<\/a>.<\/p>\n<p>Det sn\u00f8r n\u00e5 kraftig over deler av New York, Pennsylvania, New Jersey, Connecticut, Massachusetts og Rhode Island, skriver kanalen.\u00a0<\/p>\n<p>New Jersey har innf\u00f8rt unntakstilstand, mens New Yorks guvern\u00f8r Kathy Hochul har satt br\u00f8ytebiler og str\u00f8mmannskap i beredskap.<\/p>\n<p>For flyreisende f\u00f8rer dette ogs\u00e5 til mye tr\u00f8bbel<\/p>\n<p class=\"font-weight-bold m-font-weight-bold\" data-lab-font_weight=\"font-weight-bold\">Mer enn 1400 flyavganger er kansellert s\u00e5 langt fredag. Det er New Yorks tre flyplasser, samt flyplassen i Philadelphia som er hardest rammet.\u00a0<\/p>\n<p>        Tips oss i denne saken<\/p>\n<p class=\"subtitle\">Har du tips eller opplysninger om denne saken? Ring oss p\u00e5 2400 eller skriv til oss her:<\/p>\n<p>I tillegg skal over 4600 flygninger v\u00e6re forsinket, if\u00f8lge <a href=\"https:\/\/www.reuters.com\/business\/us-airlines-cancel-over-1000-flights-due-winter-storm-warnings-2025-12-26\/\" rel=\"nofollow noopener\" target=\"_blank\">Reuters<\/a><\/p>\n<p>Dette er det verste sn\u00f8v\u00e6ret i New York siden 2022, skriver <a href=\"https:\/\/edition.cnn.com\/2025\/12\/26\/weather\/winter-storm-snow-northeast-nyc-climate\" rel=\"nofollow noopener\" target=\"_blank\">CNN<\/a>.<\/p>\n<p>Flyplasser i det ber\u00f8rte omr\u00e5dene legger n\u00e5 ut advarsler i sosiale medier der de ber folk forholde seg til beskjeder fra flyselskapene.\u00a0<\/p>\n","protected":false},"excerpt":{"rendered":"Reise Tusenvis av passasjerer sitter fast p\u00e5 flyplasser p\u00e5 \u00f8stkysten av USA. TR\u00d8BBEL: Folk som skal reise med&hellip;\n","protected":false},"author":2,"featured_media":122518,"comment_status":"","ping_status":"","sticky":false,"template":"","format":"standard","meta":{"footnotes":""},"categories":[5],"tags":[20,21,24,25,1991,15,19,22,23,17,18,3998,13,30,28,29,14,16,1992,26,27,50],"class_list":{"0":"post-122517","1":"post","2":"type-post","3":"status-publish","4":"format-standard","5":"has-post-thumbnail","7":"category-overskrifter","8":"tag-breaking-news","9":"tag-breakingnews","10":"tag-featured-news","11":"tag-featurednews","12":"tag-ferie","13":"tag-headlines","14":"tag-hovedoppslag","15":"tag-latest-news","16":"tag-latestnews","17":"tag-main-news","18":"tag-mainnews","19":"tag-metadz","20":"tag-news","21":"tag-no","22":"tag-norge","23":"tag-norway","24":"tag-nyheter","25":"tag-overskrifter","26":"tag-reise","27":"tag-top-stories","28":"tag-topstories","29":"tag-usa"},"share_on_mastodon":{"url":"https:\/\/pubeurope.com\/@no\/115788416520190705","error":""},"_links":{"self":[{"href":"https:\/\/www.europesays.com\/no\/wp-json\/wp\/v2\/posts\/122517","targetHints":{"allow":["GET"]}}],"collection":[{"href":"https:\/\/www.europesays.com\/no\/wp-json\/wp\/v2\/posts"}],"about":[{"href":"https:\/\/www.europesays.com\/no\/wp-json\/wp\/v2\/types\/post"}],"author":[{"embeddable":true,"href":"https:\/\/www.europesays.com\/no\/wp-json\/wp\/v2\/users\/2"}],"replies":[{"embeddable":true,"href":"https:\/\/www.europesays.com\/no\/wp-json\/wp\/v2\/comments?post=122517"}],"version-history":[{"count":0,"href":"https:\/\/www.europesays.com\/no\/wp-json\/wp\/v2\/posts\/122517\/revisions"}],"wp:featuredmedia":[{"embeddable":true,"href":"https:\/\/www.europesays.com\/no\/wp-json\/wp\/v2\/media\/122518"}],"wp:attachment":[{"href":"https:\/\/www.europesays.com\/no\/wp-json\/wp\/v2\/media?parent=122517"}],"wp:term":[{"taxonomy":"category","embeddable":true,"href":"https:\/\/www.europesays.com\/no\/wp-json\/wp\/v2\/categories?post=122517"},{"taxonomy":"post_tag","embeddable":true,"href":"https:\/\/www.europesays.com\/no\/wp-json\/wp\/v2\/tags?post=122517"}],"curies":[{"name":"wp","href":"https:\/\/api.w.org\/{rel}","templated":true}]}}