{"id":122519,"date":"2025-12-26T23:21:29","date_gmt":"2025-12-26T23:21:29","guid":{"rendered":"https:\/\/www.europesays.com\/no\/122519\/"},"modified":"2025-12-26T23:21:29","modified_gmt":"2025-12-26T23:21:29","slug":"vi-gjorde-det-vi-haper-andre-vil-gjore-for-oss-nrk-innlandet-lokale-nyheter-tv-og-radio","status":"publish","type":"post","link":"https:\/\/www.europesays.com\/no\/122519\/","title":{"rendered":"\u2013 Vi gjorde det vi h\u00e5per andre vil gj\u00f8re for oss \u2013 NRK Innlandet \u2013 Lokale nyheter, TV og radio"},"content":{"rendered":"<p>Saken oppsummert:<\/p>\n<p>\u2022 Ekteparet Frode og Mari Hval Guldahl stoppet for \u00e5 hjelpe etter en elgp\u00e5kj\u00f8rsel p\u00e5 julaften. <br \/>\u2022 De tok p\u00e5 refleksvester, hjalp til med \u00e5 dirigere trafikken og lot den skjelvne sj\u00e5f\u00f8ren sitte i bilen deres for \u00e5 varme seg. <br \/>\u2022 Frode uttrykte bekymring over bilister som kj\u00f8rte forbi i h\u00f8y fart, til tross for den farlige situasjonen. <br \/>\u2022 Ekteparet mente det var en selvf\u00f8lge \u00e5 hjelpe, og h\u00e5per andre ville gjort det samme for dem i en lignende situasjon. <br \/>\u2022 Den uheldige sj\u00e5f\u00f8ren var sv\u00e6rt takknemlig for hjelpen og har sendt blomster som takk. <br \/>\u2022 Hendelsen viser betydningen av medmenneskelighet og ansvar i uventede situasjoner.<\/p>\n<p>Oppsummeringen er laget av en KI-tjeneste fra OpenAI. Innholdet er kvalitetssikret av NRKs journalister f\u00f8r publisering.<\/p>\n<p>Den hyggelige julekvelden fikk en br\u00e5 stopp ikke langt unna hjemmet p\u00e5 Vallset for Frode og kona Mari Hval Guldahl.<\/p>\n<p>Langs den bekm\u00f8rke fylkesvegen ved Mausethmyra l\u00e5 en skadet elg, og to biler med n\u00f8dlysene p\u00e5.<\/p>\n<p>\u2013 For meg er det en selvf\u00f8lge \u00e5 stoppe, sier Guldahl.<\/p>\n<p><strong>\u2013 At folk stopper p\u00e5 julaften, og hjelper meg og er s\u00e5 t\u00e5lmodige og hjelpsomme og omsorgsfulle&#8230; de redda hele kvelden, sier den uheldige sj\u00e5f\u00f8ren, som \u00f8nsker \u00e5 v\u00e6re anonym.<\/strong><\/p>\n<p>Ga omsorg<\/p>\n<p>Frode og kona tok p\u00e5 seg refleksvester, tilb\u00f8d den skjelvne bilisten deres varme bil og hjalp til med \u00e5 dirigere trafikken.<\/p>\n<p>Og her kommer Frode med en appell:<\/p>\n<p><strong>\u2013 De fleste kj\u00f8rer sakte forbi, men det er noen som holder urovekkende h\u00f8y fart, og som nesten ikke demper farten. Det er bekymringsfullt, for det var stappm\u00f8rkt og flere i refleksvest p\u00e5 strekninga, forteller Guldahl.<\/strong><\/p>\n<p>Han ansl\u00e5r at de var der i vel en time, til situasjonen var under kontroll.<\/p>\n<p>\u2013 Det var julaften, var dere ikke opptatt av \u00e5 komme dere hjem?<\/p>\n<p>\u2013 Nei, \u00e5 rase hjem etter \u00e5 ha feiret jul med familien, og bare passere uten \u00e5 stoppe.. nei, det ville ikke falt meg inn i det hele tatt, sier Guldahl, og legger til:<\/p>\n<p>\u2013 Vi gjorde det vi h\u00e5per andre vil gj\u00f8re for oss, om vi skulle v\u00e6rt uheldige og kj\u00f8re p\u00e5 en elg. At man stopper og bryr seg, og tar ansvar for personen.<\/p>\n<p>Sj\u00e5f\u00f8ren: \u2013 De bet\u00f8d alt<\/p>\n<p>Selv om Frode og kona oppfattet den uheldige bilisten som fattet og rolig, sier bilisten til NRK at hun ikke f\u00f8lte seg slik.<\/p>\n<p><strong>\u2013 Jeg var helt utafor etter det som hadde skjedd. Uten dem som stoppa vet jeg ikke hva jeg skulle gjort, for all fornuft forsvant jo i det \u00f8yeblikket.<\/strong><\/p>\n<p>Bilisten kom uskadet fra uhellet, mens bilen m\u00e5tte sendes p\u00e5 verksted. Etter \u00e5 ha etterlyst de gode hjelperne p\u00e5 Facebook, har hun bestilt blomster til ekteparet og en annen som hjalp til.<\/p>\n<p>\u2013 Det er viktig at de som fortjener det, f\u00e5r en liten klapp p\u00e5 ryggen, og en takk for at de er som de er.<\/p>\n<p>Publisert<\/p>\n<p>26.12.2025, kl. 16.32<\/p>\n<p>Oppdatert<\/p>\n<p>26.12.2025, kl. 16.36<\/p>\n","protected":false},"excerpt":{"rendered":"Saken oppsummert: \u2022 Ekteparet Frode og Mari Hval Guldahl stoppet for \u00e5 hjelpe etter en elgp\u00e5kj\u00f8rsel p\u00e5 julaften.&hellip;\n","protected":false},"author":2,"featured_media":122520,"comment_status":"","ping_status":"","sticky":false,"template":"","format":"standard","meta":{"footnotes":""},"categories":[10],"tags":[20,21,24,25,15,22,23,13,30,28,29,14,16,26,27],"class_list":{"0":"post-122519","1":"post","2":"type-post","3":"status-publish","4":"format-standard","5":"has-post-thumbnail","7":"category-norge","8":"tag-breaking-news","9":"tag-breakingnews","10":"tag-featured-news","11":"tag-featurednews","12":"tag-headlines","13":"tag-latest-news","14":"tag-latestnews","15":"tag-news","16":"tag-no","17":"tag-norge","18":"tag-norway","19":"tag-nyheter","20":"tag-overskrifter","21":"tag-top-stories","22":"tag-topstories"},"share_on_mastodon":{"url":"https:\/\/pubeurope.com\/@no\/115788440081628619","error":""},"_links":{"self":[{"href":"https:\/\/www.europesays.com\/no\/wp-json\/wp\/v2\/posts\/122519","targetHints":{"allow":["GET"]}}],"collection":[{"href":"https:\/\/www.europesays.com\/no\/wp-json\/wp\/v2\/posts"}],"about":[{"href":"https:\/\/www.europesays.com\/no\/wp-json\/wp\/v2\/types\/post"}],"author":[{"embeddable":true,"href":"https:\/\/www.europesays.com\/no\/wp-json\/wp\/v2\/users\/2"}],"replies":[{"embeddable":true,"href":"https:\/\/www.europesays.com\/no\/wp-json\/wp\/v2\/comments?post=122519"}],"version-history":[{"count":0,"href":"https:\/\/www.europesays.com\/no\/wp-json\/wp\/v2\/posts\/122519\/revisions"}],"wp:featuredmedia":[{"embeddable":true,"href":"https:\/\/www.europesays.com\/no\/wp-json\/wp\/v2\/media\/122520"}],"wp:attachment":[{"href":"https:\/\/www.europesays.com\/no\/wp-json\/wp\/v2\/media?parent=122519"}],"wp:term":[{"taxonomy":"category","embeddable":true,"href":"https:\/\/www.europesays.com\/no\/wp-json\/wp\/v2\/categories?post=122519"},{"taxonomy":"post_tag","embeddable":true,"href":"https:\/\/www.europesays.com\/no\/wp-json\/wp\/v2\/tags?post=122519"}],"curies":[{"name":"wp","href":"https:\/\/api.w.org\/{rel}","templated":true}]}}