{"id":122523,"date":"2025-12-26T23:29:10","date_gmt":"2025-12-26T23:29:10","guid":{"rendered":"https:\/\/www.europesays.com\/no\/122523\/"},"modified":"2025-12-26T23:29:10","modified_gmt":"2025-12-26T23:29:10","slug":"anders-kjorer-rute-42-jeg-kaller-den-fnattbussen-itromso-no","status":"publish","type":"post","link":"https:\/\/www.europesays.com\/no\/122523\/","title":{"rendered":"(+) Anders kj\u00f8rer rute 42: \u2013 Jeg kaller den \u00abfnattbussen\u00bb &#8211; itromso.no"},"content":{"rendered":"<ol>\n<li><a href=\"https:\/\/news.google.com\/rss\/articles\/CBMijwFBVV95cUxQdHlIVU9teW1TTTVQeVJnZlgxc3lkMXZzWFl2eV8yZHNMNVpjLXhlQWJpUkhDQ0FRd3V0My1VbnludDBPNTdYMVZPY3VKbkVUZF8wZUd6TjJBeHNNU3hKWkcza3BLQUhjOTFzQVBhYXc4aEZ1bW5YVjEzTHBtcGxQT3lmMDhvblFjYzhvQ3dFYw?oc=5\" target=\"_blank\" rel=\"nofollow noopener\">(+) Anders kj\u00f8rer rute 42: \u2013 Jeg kaller den \u00abfnattbussen\u00bb<\/a>&nbsp;&nbsp;itromso.no<\/li>\n<li><a href=\"https:\/\/news.google.com\/rss\/articles\/CBMie0FVX3lxTE5XbnpJYVpJRDYxZGN2bTdTY0JaeHFfcWZSbFlNVDFqb2JUQ0lKTmJReEt4NmV6TGpodHB6THhHWTUxMXlYamY0eHhRWkM0d3RycUZLNnFGRkc0YmNKd0taOS1ZekdoeEI1YWJwZWpzSGFadzMyZVNKclRyOA?oc=5\" target=\"_blank\" rel=\"nofollow noopener\">Fjellheisen, Turisme | Sjekk den k\u00f8a: \u2013 Det smalt skikkelig<\/a>&nbsp;&nbsp;Nordlys<\/li>\n<li><a href=\"https:\/\/news.google.com\/rss\/articles\/CBMihwFBVV95cUxPeGhfbU9NS3pNMFlTcU5xYmdCRUlPdmJNS3l3OFZ6ZVNhUjJnT1VDcEJRUmZDYTVkd1FnOHhQMVBDZG56RGdfTTA2NXV5cHYydU1kS2dRNkZqWFhhVGFIcmFiX1ZlZWd5S1dPdTRsLXB3aDc4TFMzQmxlWVRXdzJINWRiZW1EWGs?oc=5\" target=\"_blank\" rel=\"nofollow noopener\">(+) Bekymret for sikkerheten: \u2013 Aldri sett s\u00e5 lang k\u00f8 der f\u00f8r<\/a>&nbsp;&nbsp;itromso.no<\/li>\n<li><a href=\"https:\/\/news.google.com\/rss\/articles\/CBMiqwFBVV95cUxOYlpONkVpeHBmd1BDU09KNW00V1ZqUi11Y0ZTNU5JSjA1LUhEbDJMaDVYX2k2QUs4aTRKcXFHUW9Sdk1DRTk5bGV2eUlCU3FGbS0tTmc0bW4wdU03d3h5MEFtME1lOWVxZ3c2ZVo2S0JiYmtmemFJTVlhNW0ta0JhbGpZa0VNOFlDcWN2RlIxUUNJVDhPbUFYb0EwVklyUk5Ma2NOV0xXLWNURXM?oc=5\" target=\"_blank\" rel=\"nofollow noopener\">Turisme, Turist | Sjekk dette kaoset: \u2013 Bussj\u00e5f\u00f8ren slamret igjen d\u00f8ra og sa at \u00abnok er nok!\u00bb<\/a>&nbsp;&nbsp;Nordlys<\/li>\n<li><a href=\"https:\/\/news.google.com\/rss\/articles\/CBMickFVX3lxTE5ydnlldzBORkZSSHZwazRiNWdNZF9PMF9pQ2UwWUJGeXVIYy1acW9TZnA4QUl0RllSSXdTMFZBU2IwSlJpSHJ5NldhdHhOdm1TdjVxVU5KVDREUHdISHhaaHFIb1pYOGJ5ckZEYTJKSFR0QQ?oc=5\" target=\"_blank\" rel=\"nofollow noopener\">Fjellheisen, Turisme | K\u00f8knuffing mellom turister<\/a>&nbsp;&nbsp;Nordlys<\/li>\n<\/ol>\n","protected":false},"excerpt":{"rendered":"(+) Anders kj\u00f8rer rute 42: \u2013 Jeg kaller den \u00abfnattbussen\u00bb&nbsp;&nbsp;itromso.no Fjellheisen, Turisme | Sjekk den k\u00f8a: \u2013 Det&hellip;\n","protected":false},"author":2,"featured_media":122524,"comment_status":"","ping_status":"","sticky":false,"template":"","format":"standard","meta":{"footnotes":""},"categories":[10],"tags":[20,21,2760,24,25,15,5135,22,23,13,30,28,29,14,16,4137,26,27,3363],"class_list":{"0":"post-122523","1":"post","2":"type-post","3":"status-publish","4":"format-standard","5":"has-post-thumbnail","7":"category-norge","8":"tag-breaking-news","9":"tag-breakingnews","10":"tag-buss","11":"tag-featured-news","12":"tag-featurednews","13":"tag-headlines","14":"tag-kollektivtransport","15":"tag-latest-news","16":"tag-latestnews","17":"tag-news","18":"tag-no","19":"tag-norge","20":"tag-norway","21":"tag-nyheter","22":"tag-overskrifter","23":"tag-tide","24":"tag-top-stories","25":"tag-topstories","26":"tag-turisme"},"share_on_mastodon":{"url":"https:\/\/pubeurope.com\/@no\/115788471545644996","error":""},"_links":{"self":[{"href":"https:\/\/www.europesays.com\/no\/wp-json\/wp\/v2\/posts\/122523","targetHints":{"allow":["GET"]}}],"collection":[{"href":"https:\/\/www.europesays.com\/no\/wp-json\/wp\/v2\/posts"}],"about":[{"href":"https:\/\/www.europesays.com\/no\/wp-json\/wp\/v2\/types\/post"}],"author":[{"embeddable":true,"href":"https:\/\/www.europesays.com\/no\/wp-json\/wp\/v2\/users\/2"}],"replies":[{"embeddable":true,"href":"https:\/\/www.europesays.com\/no\/wp-json\/wp\/v2\/comments?post=122523"}],"version-history":[{"count":0,"href":"https:\/\/www.europesays.com\/no\/wp-json\/wp\/v2\/posts\/122523\/revisions"}],"wp:featuredmedia":[{"embeddable":true,"href":"https:\/\/www.europesays.com\/no\/wp-json\/wp\/v2\/media\/122524"}],"wp:attachment":[{"href":"https:\/\/www.europesays.com\/no\/wp-json\/wp\/v2\/media?parent=122523"}],"wp:term":[{"taxonomy":"category","embeddable":true,"href":"https:\/\/www.europesays.com\/no\/wp-json\/wp\/v2\/categories?post=122523"},{"taxonomy":"post_tag","embeddable":true,"href":"https:\/\/www.europesays.com\/no\/wp-json\/wp\/v2\/tags?post=122523"}],"curies":[{"name":"wp","href":"https:\/\/api.w.org\/{rel}","templated":true}]}}