{"id":122527,"date":"2025-12-27T00:13:42","date_gmt":"2025-12-27T00:13:42","guid":{"rendered":"https:\/\/www.europesays.com\/no\/122527\/"},"modified":"2025-12-27T00:13:42","modified_gmt":"2025-12-27T00:13:42","slug":"skjaeran-vurderer-nye-gulrotter-for-kommunesammenslaing-2","status":"publish","type":"post","link":"https:\/\/www.europesays.com\/no\/122527\/","title":{"rendered":"Skj\u00e6ran vurderer nye gulr\u00f8tter for kommunesammensl\u00e5ing"},"content":{"rendered":"<p>\u2013 Vi vil vurdere om dagens gulr\u00f8tter for kommunesammensl\u00e5ing er tilstrekkelige. Arbeiderpartiet har alltid v\u00e6rt for st\u00f8rre kommuner, men det er stor forskjell p\u00e5 \u00e5 bruke statlig tvang og at kommuner selv f\u00e5r eierskap til prosessene. P\u00e5 1960-tallet var det annerledes. I 2020-\u00e5rene m\u00e5 slike sammensl\u00e5inger v\u00e6re frivillige, mener han.<\/p>\n<p>Det tredje kommunal- og distriktsministeren vil prioritere, er \u00e5 forsterke oppf\u00f8lgingen i Robek-systemet. Robek er et register over kommuner og fylkeskommuner som er i \u00f8konomisk ubalanse. \u00c5rsbudsjettet til disse kommunene blir kontrollert av Statsforvalteren, og de m\u00e5 utarbeide en tiltaksplan som sikrer at det blir orden i kommune\u00f8konomien igjen.<\/p>\n<p class=\"subhead\" data-element-type=\"subhead\" data-element-label=\"Mellomtittel\">Robek er ikke en straff<\/p>\n<p>\u2013 Vi har satt i gang arbeid med et \u00abtrinn to\u00bb i systemet dersom kommuner ikke kommer tilbake i balanse gjennom dagens oppf\u00f8lging, sier Skj\u00e6ran.<\/p>\n<p>\u2013 Det er viktig at Robek ikke er en straff \u2013 det handler om kommuner med ubalanse i driftsinntekter og -utgifter. Man kommer inn, f\u00e5r hjelp og kommer p\u00e5 rett kj\u00f8l.<\/p>\n<p><b>Registeret ble opprettet i 2001, da med 57 kommuner p\u00e5 listen. I 2005 hadde tallet vokst til 118 kommuner, men var nede i ti i 2019.<\/b><\/p>\n<p>N\u00e5 er antallet Robek-kommuner \u00f8kende igjen. Per desember 2025 er det 27 kommuner som blir \u00f8konomisk styrt av Statsforvalteren, og det er ventet at det blir flere i \u00e5rene framover. Derfor vil regjeringen ha et \u00abtrinn to\u00bb i oppf\u00f8lgingen. Hva dette skal inneb\u00e6re, vil ikke Skj\u00e6ran g\u00e5 spesifikt inn p\u00e5.<\/p>\n<p class=\"subhead\" data-element-type=\"subhead\" data-element-label=\"Mellomtittel\">Fylkeskommunen er fredet<\/p>\n<p>\u2013 Om det betyr sammensl\u00e5ing, er for tidlig \u00e5 si. Vi har startet arbeidet, men vil avvente f\u00f8r vi konkluderer. Men det er en del av verkt\u00f8ykassen for et velfungerende system, understreker han.<\/p>\n<p><b>Det er uansett ikke aktuelt for Ap \u00e5 legge ned fylkeskommunen, slik Fremskrittspartiet og H\u00f8yre har foresl\u00e5tt for \u00e5 redusere byr\u00e5krati og effektivisere forvaltningen. Det er heller ikke planer om \u00e5 sl\u00e5 sammen fylker.<\/b><\/p>\n<p>\u2013 Vi har n\u00e5 15 fylker. Dersom det er fylkeskommuner som selv \u00f8nsker sammensl\u00e5ing, skal vi st\u00f8tte det, men det kommer ikke som initiativ fra oss, avslutter Skj\u00e6ran.<\/p>\n","protected":false},"excerpt":{"rendered":"\u2013 Vi vil vurdere om dagens gulr\u00f8tter for kommunesammensl\u00e5ing er tilstrekkelige. Arbeiderpartiet har alltid v\u00e6rt for st\u00f8rre kommuner,&hellip;\n","protected":false},"author":2,"featured_media":122528,"comment_status":"","ping_status":"","sticky":false,"template":"","format":"standard","meta":{"footnotes":""},"categories":[10],"tags":[20,21,24,25,15,22,23,13,30,28,29,14,16,26,27],"class_list":{"0":"post-122527","1":"post","2":"type-post","3":"status-publish","4":"format-standard","5":"has-post-thumbnail","7":"category-norge","8":"tag-breaking-news","9":"tag-breakingnews","10":"tag-featured-news","11":"tag-featurednews","12":"tag-headlines","13":"tag-latest-news","14":"tag-latestnews","15":"tag-news","16":"tag-no","17":"tag-norge","18":"tag-norway","19":"tag-nyheter","20":"tag-overskrifter","21":"tag-top-stories","22":"tag-topstories"},"share_on_mastodon":{"url":"https:\/\/pubeurope.com\/@no\/115788644652446417","error":""},"_links":{"self":[{"href":"https:\/\/www.europesays.com\/no\/wp-json\/wp\/v2\/posts\/122527","targetHints":{"allow":["GET"]}}],"collection":[{"href":"https:\/\/www.europesays.com\/no\/wp-json\/wp\/v2\/posts"}],"about":[{"href":"https:\/\/www.europesays.com\/no\/wp-json\/wp\/v2\/types\/post"}],"author":[{"embeddable":true,"href":"https:\/\/www.europesays.com\/no\/wp-json\/wp\/v2\/users\/2"}],"replies":[{"embeddable":true,"href":"https:\/\/www.europesays.com\/no\/wp-json\/wp\/v2\/comments?post=122527"}],"version-history":[{"count":0,"href":"https:\/\/www.europesays.com\/no\/wp-json\/wp\/v2\/posts\/122527\/revisions"}],"wp:featuredmedia":[{"embeddable":true,"href":"https:\/\/www.europesays.com\/no\/wp-json\/wp\/v2\/media\/122528"}],"wp:attachment":[{"href":"https:\/\/www.europesays.com\/no\/wp-json\/wp\/v2\/media?parent=122527"}],"wp:term":[{"taxonomy":"category","embeddable":true,"href":"https:\/\/www.europesays.com\/no\/wp-json\/wp\/v2\/categories?post=122527"},{"taxonomy":"post_tag","embeddable":true,"href":"https:\/\/www.europesays.com\/no\/wp-json\/wp\/v2\/tags?post=122527"}],"curies":[{"name":"wp","href":"https:\/\/api.w.org\/{rel}","templated":true}]}}