{"id":122529,"date":"2025-12-27T00:14:19","date_gmt":"2025-12-27T00:14:19","guid":{"rendered":"https:\/\/www.europesays.com\/no\/122529\/"},"modified":"2025-12-27T00:14:19","modified_gmt":"2025-12-27T00:14:19","slug":"karoline-leavitt-venter-sitt-andre-barn-med-ektemannen-nicholas-riccio","status":"publish","type":"post","link":"https:\/\/www.europesays.com\/no\/122529\/","title":{"rendered":"Karoline Leavitt venter sitt andre barn med ektemannen Nicholas Riccio"},"content":{"rendered":"<p class=\"kicker \" style=\"\">Karoline Leavitt:\u00a0<\/p>\n<p>  President Donald Trumps ansikt utad, Karoline Leavitt, venter sitt andre barn med ektemannen Nicholas Riccio.\u00a0\u00a0<\/p>\n<p>\n    VENTER BARN: Karoline Leavitt og ektemannen Nicholas Riccio venter sitt andre barn sammen. Foto: Julia Demaree Nikhinson \/ AP \/ NTB\n  <\/p>\n<p>Donald Trumps (79) pressetalskvinne, <a href=\"https:\/\/www.dagbladet.no\/nyheter\/avslorende-naerbilder-sjokkerer\/83999304\" rel=\"nofollow noopener\" target=\"_blank\">Karoline Leavitt (28)<\/a>, er gravid med sitt andre barn. Det deler hun selv p\u00e5 Instagram.\u00a0<\/p>\n<p>    <a itemprop=\"url\" href=\"https:\/\/www.dagbladet.no\/kjendis\/minner-om-autoritaere-regimer\/84028945\" rel=\"nofollow noopener\" target=\"_blank\"><\/p>\n<p>        <img loading=\"lazy\" decoding=\"async\" src=\"https:\/\/www.europesays.com\/no\/wp-content\/uploads\/2025\/12\/84029029.webp\" width=\"980\" height=\"441\" title=\"- Minner om autorit\u00e6re regimer\" alt=\"\" class=\"lazyload\" style=\"--aspect-ratio-image: 2.22; \"\/><\/p>\n<p>        &#8211; Minner om autorit\u00e6re regimer<\/p>\n<p>    <\/a><\/p>\n<p class=\"font-weight-bold m-font-weight-bold\" data-lab-font_weight=\"font-weight-bold\"> 28-\u00e5ringen giftet seg med 60 \u00e5r gamle Nicholas Riccio i januar i \u00e5r, og i slutten av 2024 fikk de sitt f\u00f8rste barn, Niko (1). <\/p>\n<p data-lab-font_weight=\"\">\u00abEktemannen min og jeg er i ekstase og gleder oss til \u00e5 at v\u00e5r s\u00f8nn skal bli en storebror\u00bb, skriver Leavitt, under et bilde av seg selv med synlig gravidmage foran juletreet.<\/p>\n<p>        <img loading=\"lazy\" decoding=\"async\" src=\"https:\/\/www.europesays.com\/no\/wp-content\/uploads\/2025\/12\/84029589.webp\" width=\"667\" height=\"467\" title=\"KALKUN: Karoline Leavitt og s\u00f8nnen Niko avbildet i forbindelse med h\u00f8sttakkefest tidligere i \u00e5r. Foto: Jonathan Ernst \/ REUTERS \/ NTB\" alt=\"\" class=\"\" style=\"--aspect-ratio-image: 1.43; \"\/><\/p>\n<p>\n        KALKUN: Karoline Leavitt og s\u00f8nnen Niko avbildet i forbindelse med h\u00f8sttakkefest tidligere i \u00e5r. Foto: Jonathan Ernst \/ REUTERS \/ NTB\n    <\/p>\n<p>Bildene viser at hun og ektemannen venter en liten jente, og Leavitt opplyser at hun har termnin allerede i mai 2026.\u00a0<\/p>\n<p> \u00abJeg er ogs\u00e5 sv\u00e6rt takknemlig for president Trump og v\u00e5r stabssjef Susie Wiles for st\u00f8tten, og for at de har lagt til rette for et familievennlig milj\u00f8 i Det hvite hus. 2026 kommer til \u00e5 bli et fantastisk \u00e5r, og jeg gleder meg enormt til \u00e5 bli jentemamma!\u00bb, fortsetter hun. <\/p>\n<p> I den politiske podkasten \u00ab<a href=\"https:\/\/podcasts.apple.com\/us\/podcast\/pod-force-one\/id1818418128\" rel=\"nofollow noopener\" target=\"_blank\">Pod Force One<\/a>\u00bb ble Karoline spurt rett ut om hun \u00abikke kunne finne gutter p\u00e5 sin egen alder som var like modne\u00bb tidligere i \u00e5r.\u00a0<\/p>\n<p> &#8211; \u00c6rlig talt, nei, svarer Leavitt med et smil. <\/p>\n<p>        <img loading=\"lazy\" decoding=\"async\" src=\"https:\/\/www.europesays.com\/no\/wp-content\/uploads\/2025\/12\/84029593.webp\" width=\"686\" height=\"460\" title=\"ST\u00d8TTESPILLER: Karoline Leavitt har v\u00e6rt Donald Trumps talsperson siden han ble innsatt som president tidligere i \u00e5r. Foto: Mandel Ngan \/ AFP \/ NTB\" alt=\"\" class=\"\" style=\"--aspect-ratio-image: 1.49; \"\/><\/p>\n<p>\n        ST\u00d8TTESPILLER: Karoline Leavitt har v\u00e6rt Donald Trumps talsperson siden han ble innsatt som president tidligere i \u00e5r. Foto: Mandel Ngan \/ AFP \/ NTB\n    <\/p>\n<p> Leavitt sier foreldrene hennes brukte tid p\u00e5 \u00e5 akseptere ektemannen, blant annet fordi mora hennes er yngre enn Riccio. <\/p>\n<p>&#8211; Da de ble kjent med ham og s\u00e5 hvem han er, og hvor mye han forguder meg, ble det lettere, sier hun.\u00a0<\/p>\n<p>        E-POSTER: Under en pressekonferanse fikk pressesekret\u00e6r Karoline Leavitt sp\u00f8rsm\u00e5l om lekkede e-poster som Jeffrey Epstein skrev om Trump i 2011. Video: Reuters \/ AFP \/ Davidoff Studios \/ Getty Images.<\/p>\n<p>I dag beskriver hun forholdet mellom 32 \u00e5r eldre Riccio og familien som \u00abhelt greit\u00bb.<\/p>\n<p> &#8211; N\u00e5 er vi venner alle sammen. Det er et vanlig familieforhold. Ektemannen min har stor respekt for foreldrene mine og hvordan de oppdro meg, s\u00e5 vi har det mye g\u00f8y sammen n\u00e5r de kommer p\u00e5 bes\u00f8k. <\/p>\n","protected":false},"excerpt":{"rendered":"Karoline Leavitt:\u00a0 President Donald Trumps ansikt utad, Karoline Leavitt, venter sitt andre barn med ektemannen Nicholas Riccio.\u00a0\u00a0 VENTER&hellip;\n","protected":false},"author":2,"featured_media":122530,"comment_status":"","ping_status":"","sticky":false,"template":"","format":"standard","meta":{"footnotes":""},"categories":[5],"tags":[20,21,24,25,15,19,479,22,23,17,18,13,30,28,29,14,16,26,27],"class_list":{"0":"post-122529","1":"post","2":"type-post","3":"status-publish","4":"format-standard","5":"has-post-thumbnail","7":"category-overskrifter","8":"tag-breaking-news","9":"tag-breakingnews","10":"tag-featured-news","11":"tag-featurednews","12":"tag-headlines","13":"tag-hovedoppslag","14":"tag-kjendis","15":"tag-latest-news","16":"tag-latestnews","17":"tag-main-news","18":"tag-mainnews","19":"tag-news","20":"tag-no","21":"tag-norge","22":"tag-norway","23":"tag-nyheter","24":"tag-overskrifter","25":"tag-top-stories","26":"tag-topstories"},"share_on_mastodon":{"url":"https:\/\/pubeurope.com\/@no\/115788648694873141","error":""},"_links":{"self":[{"href":"https:\/\/www.europesays.com\/no\/wp-json\/wp\/v2\/posts\/122529","targetHints":{"allow":["GET"]}}],"collection":[{"href":"https:\/\/www.europesays.com\/no\/wp-json\/wp\/v2\/posts"}],"about":[{"href":"https:\/\/www.europesays.com\/no\/wp-json\/wp\/v2\/types\/post"}],"author":[{"embeddable":true,"href":"https:\/\/www.europesays.com\/no\/wp-json\/wp\/v2\/users\/2"}],"replies":[{"embeddable":true,"href":"https:\/\/www.europesays.com\/no\/wp-json\/wp\/v2\/comments?post=122529"}],"version-history":[{"count":0,"href":"https:\/\/www.europesays.com\/no\/wp-json\/wp\/v2\/posts\/122529\/revisions"}],"wp:featuredmedia":[{"embeddable":true,"href":"https:\/\/www.europesays.com\/no\/wp-json\/wp\/v2\/media\/122530"}],"wp:attachment":[{"href":"https:\/\/www.europesays.com\/no\/wp-json\/wp\/v2\/media?parent=122529"}],"wp:term":[{"taxonomy":"category","embeddable":true,"href":"https:\/\/www.europesays.com\/no\/wp-json\/wp\/v2\/categories?post=122529"},{"taxonomy":"post_tag","embeddable":true,"href":"https:\/\/www.europesays.com\/no\/wp-json\/wp\/v2\/tags?post=122529"}],"curies":[{"name":"wp","href":"https:\/\/api.w.org\/{rel}","templated":true}]}}