{"id":122533,"date":"2025-12-27T00:28:24","date_gmt":"2025-12-27T00:28:24","guid":{"rendered":"https:\/\/www.europesays.com\/no\/122533\/"},"modified":"2025-12-27T00:28:24","modified_gmt":"2025-12-27T00:28:24","slug":"hylles-av-putin","status":"publish","type":"post","link":"https:\/\/www.europesays.com\/no\/122533\/","title":{"rendered":"Hylles av Putin"},"content":{"rendered":"<p>  Donald Trump med klar beskjed f\u00f8r toppm\u00f8tet s\u00f8ndag.\u00a0<\/p>\n<p>\n    M\u00d8TES: S\u00f8ndag er det duket for et nytt m\u00f8te mellom de to presidentene Volodymyr Zelenskyj og Donald Trump. Foto: AP\n  <\/p>\n<p>Ukrainas president Volodymyr Zeleskyj uttalte torsdag at det 20-punkts lange fredsforslaget er 90 prosent klart.\u00a0<\/p>\n<p class=\"font-weight-bold m-font-weight-bold\" data-lab-font_weight=\"font-weight-bold\">Talsperson for det russiske utenriksdepartementet, Maria Zakharova har ogs\u00e5 uttalt at jobben med med fredsplanen <a href=\"https:\/\/www.dagbladet.no\/nyheter\/raser-falske-nyheter\/84029163\" rel=\"nofollow noopener\" target=\"_blank\">g\u00e5r sakte men sikkert framover<\/a>.\u00a0<\/p>\n<p>&#8211; Vi h\u00e5per at Trumps pragmatisme og rasjonalitet skal bidra til \u00e5 finne en l\u00f8sning innenfor rammen av internasjonal rett, sier hun if\u00f8lge Reuters. <\/p>\n<p>        <img loading=\"lazy\" decoding=\"async\" src=\"https:\/\/www.europesays.com\/no\/wp-content\/uploads\/2025\/12\/1766795304_284_84029824.webp\" width=\"980\" height=\"559\" title=\"P\u00c5 GANG: En fredsavtale mellom Russland og Ukraina er p\u00e5 gang. S\u00f8ndag skal Volodymyr Zelenskyj m\u00f8te Donald Trump. Foto: AP\" alt=\"\" class=\"\" style=\"--aspect-ratio-image: 1.75; \"\/><\/p>\n<p>\n        P\u00c5 GANG: En fredsavtale mellom Russland og Ukraina er p\u00e5 gang. S\u00f8ndag skal Volodymyr Zelenskyj m\u00f8te Donald Trump. Foto: AP\n    <\/p>\n<p>Overfor avisa <a href=\"https:\/\/www.politico.com\/news\/2025\/12\/26\/trump-to-politico-zelenskyy-doesnt-have-anything-until-i-approve-it-00706783?utm_medium=twitter&amp;utm_source=dlvr.it\" rel=\"nofollow noopener\" target=\"_blank\">Politico<\/a> er imidlertid Donald Trump ganske s\u00e5 lunken med tanke p\u00e5 framdriften.\u00a0<\/p>\n<p class=\"font-weight-bold m-font-weight-bold\" data-lab-font_weight=\"font-weight-bold\">&#8211; Han (Zelenskyj jour. anm) har ingentig f\u00f8r jeg godkjenner det, sier han til avisa.\u00a0<\/p>\n<p>Han tror likevel at s\u00f8ndagens m\u00f8te mellom de to kan bli produktivt.\u00a0<\/p>\n<p>&#8211; Jeg tror det kommer til \u00e5 g\u00e5 bra med b\u00e5de ham og Putin, uttaler presidenten, og legger til at han forventer \u00e5 snakke med den russiske presidenten snart.\u00a0<\/p>\n<p>&#8211; S\u00e5 mye jeg vil.\u00a0<\/p>\n","protected":false},"excerpt":{"rendered":"Donald Trump med klar beskjed f\u00f8r toppm\u00f8tet s\u00f8ndag.\u00a0 M\u00d8TES: S\u00f8ndag er det duket for et nytt m\u00f8te mellom&hellip;\n","protected":false},"author":2,"featured_media":122534,"comment_status":"","ping_status":"","sticky":false,"template":"","format":"standard","meta":{"footnotes":""},"categories":[5],"tags":[20,21,24,25,15,19,22,23,17,18,13,30,28,29,14,16,26,27,412],"class_list":{"0":"post-122533","1":"post","2":"type-post","3":"status-publish","4":"format-standard","5":"has-post-thumbnail","7":"category-overskrifter","8":"tag-breaking-news","9":"tag-breakingnews","10":"tag-featured-news","11":"tag-featurednews","12":"tag-headlines","13":"tag-hovedoppslag","14":"tag-latest-news","15":"tag-latestnews","16":"tag-main-news","17":"tag-mainnews","18":"tag-news","19":"tag-no","20":"tag-norge","21":"tag-norway","22":"tag-nyheter","23":"tag-overskrifter","24":"tag-top-stories","25":"tag-topstories","26":"tag-utenriks"},"share_on_mastodon":{"url":"https:\/\/pubeurope.com\/@no\/115788703779735468","error":""},"_links":{"self":[{"href":"https:\/\/www.europesays.com\/no\/wp-json\/wp\/v2\/posts\/122533","targetHints":{"allow":["GET"]}}],"collection":[{"href":"https:\/\/www.europesays.com\/no\/wp-json\/wp\/v2\/posts"}],"about":[{"href":"https:\/\/www.europesays.com\/no\/wp-json\/wp\/v2\/types\/post"}],"author":[{"embeddable":true,"href":"https:\/\/www.europesays.com\/no\/wp-json\/wp\/v2\/users\/2"}],"replies":[{"embeddable":true,"href":"https:\/\/www.europesays.com\/no\/wp-json\/wp\/v2\/comments?post=122533"}],"version-history":[{"count":0,"href":"https:\/\/www.europesays.com\/no\/wp-json\/wp\/v2\/posts\/122533\/revisions"}],"wp:featuredmedia":[{"embeddable":true,"href":"https:\/\/www.europesays.com\/no\/wp-json\/wp\/v2\/media\/122534"}],"wp:attachment":[{"href":"https:\/\/www.europesays.com\/no\/wp-json\/wp\/v2\/media?parent=122533"}],"wp:term":[{"taxonomy":"category","embeddable":true,"href":"https:\/\/www.europesays.com\/no\/wp-json\/wp\/v2\/categories?post=122533"},{"taxonomy":"post_tag","embeddable":true,"href":"https:\/\/www.europesays.com\/no\/wp-json\/wp\/v2\/tags?post=122533"}],"curies":[{"name":"wp","href":"https:\/\/api.w.org\/{rel}","templated":true}]}}