{"id":122536,"date":"2025-12-27T00:40:09","date_gmt":"2025-12-27T00:40:09","guid":{"rendered":"https:\/\/www.europesays.com\/no\/122536\/"},"modified":"2025-12-27T00:40:09","modified_gmt":"2025-12-27T00:40:09","slug":"ukraina-kraftige-eksplosjoner-i-kyiv","status":"publish","type":"post","link":"https:\/\/www.europesays.com\/no\/122536\/","title":{"rendered":"Ukraina: Kraftige eksplosjoner i Kyiv"},"content":{"rendered":"\n<p class=\"_lead_o9xde_2 _lead_xtcu6_50 layout-component text-serif-m layout-normal text-serif-l layout-component layout-wide layout-padded _wide_17hqh_1 layout-padded\">Kyivs ordf\u00f8rer Vitalij Klitschko melder om eksplosjoner i Ukrainas hovedstad natt til l\u00f8rdag. <\/p>\n<ul aria-hidden=\"true\" class=\"_images_ntbth_112\">\n<li><a class=\"_link_ntbth_117\" href=\"https:\/\/www.vg.no\/forfatter\/anja-ariel-toernes-brekke\" style=\"z-index:1\" title=\"Anja A. T. Brekke\" rel=\"nofollow noopener\" target=\"_blank\"><img alt=\"Bilde av Anja A. T. Brekke\" class=\"_image_ntbth_93\" fetchpriority=\"low\" loading=\"lazy\" decoding=\"async\" itemprop=\"image\"  src=\"https:\/\/www.europesays.com\/no\/wp-content\/uploads\/2025\/12\/1766796007_648_064db0a6-f784-4fee-a84a-81e3f5807bb6\"  width=\"480\"\/><\/a><\/li>\n<\/ul>\n<p> Oppdatert l\u00f8rdag 27. desember kl. 01:11     <\/p>\n<p class=\"_paragraph_o9xde_4 _paragraph_xtcu6_10 layout-component text-serif-m layout-normal text-serif-m layout-padded\">\u2013 Eksplosjoner i hovedstaden. Luftforsvaret fungerer. Bli v\u00e6rende i tilfluktsrom, skriver Klitschko p\u00e5 Telegram rundt klokken halv ett. <\/p>\n<p class=\"_paragraph_o9xde_4 _paragraph_xtcu6_10 layout-component text-serif-m layout-normal text-serif-m layout-padded\">Kyiv er under et massivt russisk angrep, skriver Reuters og viser til talspersoner. Reuters\u2019 \u00f8yenvitner rapporterer at luftforsvaret er i aksjon i hele byen.<\/p>\n<p class=\"_paragraph_o9xde_4 _paragraph_xtcu6_10 layout-component text-serif-m layout-normal text-serif-m layout-padded\">\u2013 Bli v\u00e6rende p\u00e5 trygge steder! Fienden angriper hovedstaden! skriver\u00a0Tymur Tkachenko, leder av Kyivs milit\u00e6radministrasjon, p\u00e5 Telegram.<\/p>\n<p class=\"_paragraph_o9xde_4 _paragraph_xtcu6_10 layout-component text-serif-m layout-normal text-serif-m layout-padded\">Flyalarmen g\u00e5r i hele landet, melder <a href=\"https:\/\/www.vg.no\/tag\/ukraina?utm_source=vg-article&amp;utm_medium=auto-tagger&amp;utm_campaign=oEp1EV\" class=\"_link_o9xde_39\" rel=\"nofollow noopener\" target=\"_blank\">Ukrainas<\/a> luftforsvar. <\/p>\n<p>    <img decoding=\"async\" alt=\"Tips oss illustrasjon\" src=\"https:\/\/www.europesays.com\/no\/wp-content\/uploads\/2025\/10\/pssst-small.webp.webp\"\/>    <\/p>\n<p class=\"title-serif-s\">Har du tips?<\/p>\n<p class=\"text-sans-m\">Send oss informasjon, bilder eller video.<\/p>\n<p>  <a href=\"https:\/\/www.vg.no\/tips-oss\" rel=\"nofollow noopener\" target=\"_blank\"> Tips oss <\/a>      <\/p>\n","protected":false},"excerpt":{"rendered":"Kyivs ordf\u00f8rer Vitalij Klitschko melder om eksplosjoner i Ukrainas hovedstad natt til l\u00f8rdag. Oppdatert l\u00f8rdag 27. desember kl.&hellip;\n","protected":false},"author":2,"featured_media":122537,"comment_status":"","ping_status":"","sticky":false,"template":"","format":"standard","meta":{"footnotes":""},"categories":[12],"tags":[20,21,24,25,15,22,23,13,30,28,29,14,16,188,26,27,489,42,43,44,45],"class_list":{"0":"post-122536","1":"post","2":"type-post","3":"status-publish","4":"format-standard","5":"has-post-thumbnail","7":"category-verden","8":"tag-breaking-news","9":"tag-breakingnews","10":"tag-featured-news","11":"tag-featurednews","12":"tag-headlines","13":"tag-latest-news","14":"tag-latestnews","15":"tag-news","16":"tag-no","17":"tag-norge","18":"tag-norway","19":"tag-nyheter","20":"tag-overskrifter","21":"tag-russland","22":"tag-top-stories","23":"tag-topstories","24":"tag-ukraina","25":"tag-verden","26":"tag-world","27":"tag-world-news","28":"tag-worldnews"},"share_on_mastodon":{"url":"https:\/\/pubeurope.com\/@no\/115788750891874584","error":""},"_links":{"self":[{"href":"https:\/\/www.europesays.com\/no\/wp-json\/wp\/v2\/posts\/122536","targetHints":{"allow":["GET"]}}],"collection":[{"href":"https:\/\/www.europesays.com\/no\/wp-json\/wp\/v2\/posts"}],"about":[{"href":"https:\/\/www.europesays.com\/no\/wp-json\/wp\/v2\/types\/post"}],"author":[{"embeddable":true,"href":"https:\/\/www.europesays.com\/no\/wp-json\/wp\/v2\/users\/2"}],"replies":[{"embeddable":true,"href":"https:\/\/www.europesays.com\/no\/wp-json\/wp\/v2\/comments?post=122536"}],"version-history":[{"count":0,"href":"https:\/\/www.europesays.com\/no\/wp-json\/wp\/v2\/posts\/122536\/revisions"}],"wp:featuredmedia":[{"embeddable":true,"href":"https:\/\/www.europesays.com\/no\/wp-json\/wp\/v2\/media\/122537"}],"wp:attachment":[{"href":"https:\/\/www.europesays.com\/no\/wp-json\/wp\/v2\/media?parent=122536"}],"wp:term":[{"taxonomy":"category","embeddable":true,"href":"https:\/\/www.europesays.com\/no\/wp-json\/wp\/v2\/categories?post=122536"},{"taxonomy":"post_tag","embeddable":true,"href":"https:\/\/www.europesays.com\/no\/wp-json\/wp\/v2\/tags?post=122536"}],"curies":[{"name":"wp","href":"https:\/\/api.w.org\/{rel}","templated":true}]}}