{"id":122538,"date":"2025-12-27T00:48:12","date_gmt":"2025-12-27T00:48:12","guid":{"rendered":"https:\/\/www.europesays.com\/no\/122538\/"},"modified":"2025-12-27T00:48:12","modified_gmt":"2025-12-27T00:48:12","slug":"joe-rogan-ut-mot-donald-trump","status":"publish","type":"post","link":"https:\/\/www.europesays.com\/no\/122538\/","title":{"rendered":"Joe Rogan ut mot Donald Trump"},"content":{"rendered":"<p>  Virker \u00e5 ha f\u00e5tt nok av den amerikanske presidenten.<\/p>\n<p>\n    KOMPISER: Vennskapet mellom Donald Trump og Joe Rogan kan se ut til \u00e5 v\u00e6re over. Foto: Scanpix\n  <\/p>\n<p>Podkastverten Joe Rogan ga Donald Trump sin st\u00f8tte under valgkampen, men har i senere tid ytret seg mer kritisk mot den amerikanske presidenten.\u00a0<\/p>\n<p class=\"font-weight-bold m-font-weight-bold\" data-lab-font_weight=\"font-weight-bold\">I den nyeste utgaven av\u00a0 \u00abThe Joe Rogan Experience\u00bb , kan det virke som om han har f\u00e5tt nok.<\/p>\n<p>        D\u00d8DELIG ANGREP: President Donald Trump beordret angrep mot IS-tilknyttede grupper i Nigeria, natt til 2.juledag norsk tid. <\/p>\n<p>Partisk\t<\/p>\n<p>Det melder blant andre <a href=\"https:\/\/www.independent.co.uk\/news\/world\/americas\/us-politics\/joe-rogan-tom-segura-trump-kennedy-center-plaques-b2890319.html\" rel=\"nofollow noopener\" target=\"_blank\">The Independent<\/a> og <a href=\"https:\/\/www.forbes.com\/sites\/zacharyfolk\/2025\/12\/24\/joe-rogan-discusses-whether-trump-is-losing-it\/\" rel=\"nofollow noopener\" target=\"_blank\">Forbes<\/a>.\u00a0<\/p>\n<p>I episoden tar Rogan og komiker Tom Segura blant annet for seg navneendringen av Kennedy Center, som n\u00e5 ogs\u00e5 har f\u00e5tt Trumps navn.\u00a0<\/p>\n<p>Samtidig snakket de om det nye galleriet \u00abPresidental Hall of Fame\u00bb.<\/p>\n<p class=\"font-weight-bold m-font-weight-bold\" data-lab-font_weight=\"font-weight-bold\">Under bildene er det hengt opp plaketter som hyller de republikanske og h\u00e5ner de demokratiske presidentene.\u00a0<\/p>\n<p>For eksempel er portrettet av Joe Biden fjernet og erstattet med bilde av en underskriftsmaskin. P\u00e5 plaketten under st\u00e5r\u00a0det blant annet at:<\/p>\n<p> \u00abSleepy Joe Biden var den klart verste presidenten i USAs historie. Biden tiltr\u00e5dte embetet som f\u00f8lge av det mest korrupte valget som noen gang er sett i USA\u00bb.<\/p>\n<p>    <a itemprop=\"url\" href=\"https:\/\/www.dagbladet.no\/nyheter\/raser-falske-nyheter\/84029163\" rel=\"nofollow noopener\" target=\"_blank\"><\/p>\n<p>        <img loading=\"lazy\" decoding=\"async\" src=\"https:\/\/www.europesays.com\/no\/wp-content\/uploads\/2025\/12\/84029209.webp\" width=\"980\" height=\"441\" title=\"Raser: - Falske nyheter\" alt=\"\" class=\"lazyload\" style=\"--aspect-ratio-image: 2.22; \"\/><\/p>\n<p>        Raser: &#8211; Falske nyheter<\/p>\n<p>    <\/a><\/p>\n<p>M\u00e5 holdes i sjakk\t<\/p>\n<p class=\"font-weight-bold m-font-weight-bold\" data-lab-font_weight=\"font-weight-bold\">&#8211; Det er ingenting som er spr\u00f8ere enn plakettene under presidentene, sa Rogan i tirsdagens episode.<\/p>\n<p>Segura mener slike p\u00e5funn er et tegn p\u00e5 at den 79 \u00e5r gamle presidenten er i ferd med \u00e5 miste grepet.<\/p>\n<p>&#8211; Jeg tror alle gj\u00f8r det n\u00e5r du kommer til en viss alder, svarer Rogan som mener Trump trenger en h\u00f8yre h\u00e5nd som kan holde han i sjakk.\u00a0<\/p>\n","protected":false},"excerpt":{"rendered":"Virker \u00e5 ha f\u00e5tt nok av den amerikanske presidenten. KOMPISER: Vennskapet mellom Donald Trump og Joe Rogan kan&hellip;\n","protected":false},"author":2,"featured_media":122539,"comment_status":"","ping_status":"","sticky":false,"template":"","format":"standard","meta":{"footnotes":""},"categories":[12],"tags":[20,21,55,24,25,15,14537,22,23,13,30,28,29,14,16,26,27,412,42,43,44,45],"class_list":{"0":"post-122538","1":"post","2":"type-post","3":"status-publish","4":"format-standard","5":"has-post-thumbnail","7":"category-verden","8":"tag-breaking-news","9":"tag-breakingnews","10":"tag-donald-trump","11":"tag-featured-news","12":"tag-featurednews","13":"tag-headlines","14":"tag-joe-rogan","15":"tag-latest-news","16":"tag-latestnews","17":"tag-news","18":"tag-no","19":"tag-norge","20":"tag-norway","21":"tag-nyheter","22":"tag-overskrifter","23":"tag-top-stories","24":"tag-topstories","25":"tag-utenriks","26":"tag-verden","27":"tag-world","28":"tag-world-news","29":"tag-worldnews"},"share_on_mastodon":{"url":"https:\/\/pubeurope.com\/@no\/115788782386850596","error":""},"_links":{"self":[{"href":"https:\/\/www.europesays.com\/no\/wp-json\/wp\/v2\/posts\/122538","targetHints":{"allow":["GET"]}}],"collection":[{"href":"https:\/\/www.europesays.com\/no\/wp-json\/wp\/v2\/posts"}],"about":[{"href":"https:\/\/www.europesays.com\/no\/wp-json\/wp\/v2\/types\/post"}],"author":[{"embeddable":true,"href":"https:\/\/www.europesays.com\/no\/wp-json\/wp\/v2\/users\/2"}],"replies":[{"embeddable":true,"href":"https:\/\/www.europesays.com\/no\/wp-json\/wp\/v2\/comments?post=122538"}],"version-history":[{"count":0,"href":"https:\/\/www.europesays.com\/no\/wp-json\/wp\/v2\/posts\/122538\/revisions"}],"wp:featuredmedia":[{"embeddable":true,"href":"https:\/\/www.europesays.com\/no\/wp-json\/wp\/v2\/media\/122539"}],"wp:attachment":[{"href":"https:\/\/www.europesays.com\/no\/wp-json\/wp\/v2\/media?parent=122538"}],"wp:term":[{"taxonomy":"category","embeddable":true,"href":"https:\/\/www.europesays.com\/no\/wp-json\/wp\/v2\/categories?post=122538"},{"taxonomy":"post_tag","embeddable":true,"href":"https:\/\/www.europesays.com\/no\/wp-json\/wp\/v2\/tags?post=122538"}],"curies":[{"name":"wp","href":"https:\/\/api.w.org\/{rel}","templated":true}]}}