{"id":122540,"date":"2025-12-27T00:55:07","date_gmt":"2025-12-27T00:55:07","guid":{"rendered":"https:\/\/www.europesays.com\/no\/122540\/"},"modified":"2025-12-27T00:55:07","modified_gmt":"2025-12-27T00:55:07","slug":"ukrainas-hovedstad-utsatt-for-kraftig-angrep-nrk-urix-utenriksnyheter-og-dokumentarer","status":"publish","type":"post","link":"https:\/\/www.europesays.com\/no\/122540\/","title":{"rendered":"Ukrainas hovedstad utsatt for kraftig angrep \u2013 NRK Urix \u2013 Utenriksnyheter og -dokumentarer"},"content":{"rendered":"<p>Like f\u00f8r klokka ett natt til l\u00f8rdag norsk tid meldte b\u00e5de Reuters og AFP at deres folk i Kyiv hadde h\u00f8rt kraftige eksplosjoner.<\/p>\n<p>Opplysningene bekreftes av ordf\u00f8rer Vitalij Klitsjko, som ber innbyggerne g\u00e5 i bomberommene.<\/p>\n<p>\u2013 Eksplosjoner i hovedstaden. Luftvernet er aktivert. G\u00e5 i dekning, skriver han p\u00e5 Telegram.<\/p>\n<p>Ogs\u00e5 NRKs korrespondent i Kyiv melder om et kraftig angrep. Han opplyser at angrepet virker \u00e5 v\u00e6re rettet med flere av byens fjernvarmeanlegg.<\/p>\n<p>Det ukrainske forsvaret melder at Russland har avfyrt b\u00e5de kryssermissiler og ballistiske missiler.<\/p>\n<p>Luftsirene er utl\u00f8st i store deler av Ukraina.<\/p>\n<p><img decoding=\"async\"   src=\"data:image\/gif;base64,R0lGODlhAQABAIAAAAAAAP\/\/\/yH5BAEAAAAALAAAAAABAAEAAAIBRAA7\" loading=\"eager\" alt=\"Trump og Zelenskyj\" title=\"Foto: TOM BRENNER \/ AFP \/ NTB\"\/><\/p>\n<p class=\"\">USAs president Donald Trump og Ukrainas president Volodymyr Zelenskyj under et m\u00f8te i Det hvite hus i oktober. <\/p>\n<p>Foto: TOM BRENNER \/ AFP \/ NTB<\/p>\n<p>Zelenskyj til USA<\/p>\n<p>Fredag morgen meldte Ukrainas president Volodymyr Zelenskyj har avtalt et m\u00f8te med sin amerikanske motpart Donald Trump i Florida s\u00f8ndag.<\/p>\n<p>Han sier videre at en 20-punkts fredsplan er 90 prosent ferdig.<\/p>\n<p>Torsdag snakket Zelenskyj med de amerikanske utsendingene Steve Witkoff og Jared Kushner.<\/p>\n<p>Zelenskyj uttalte at samtalene var veldig gode, og at fokuset l\u00e5 p\u00e5 \u00e5 f\u00e5 slutt p\u00e5 den \u00abbrutale russiske krigen\u00bb.<\/p>\n<p>Publisert<\/p>\n<p>27.12.2025, kl. 01.27<\/p>\n<p>Oppdatert<\/p>\n<p>27.12.2025, kl. 01.54<\/p>\n","protected":false},"excerpt":{"rendered":"Like f\u00f8r klokka ett natt til l\u00f8rdag norsk tid meldte b\u00e5de Reuters og AFP at deres folk i&hellip;\n","protected":false},"author":2,"featured_media":62464,"comment_status":"","ping_status":"","sticky":false,"template":"","format":"standard","meta":{"footnotes":""},"categories":[12],"tags":[20,21,24,25,15,22,23,13,30,28,29,14,16,26,27,42,43,44,45],"class_list":{"0":"post-122540","1":"post","2":"type-post","3":"status-publish","4":"format-standard","5":"has-post-thumbnail","7":"category-verden","8":"tag-breaking-news","9":"tag-breakingnews","10":"tag-featured-news","11":"tag-featurednews","12":"tag-headlines","13":"tag-latest-news","14":"tag-latestnews","15":"tag-news","16":"tag-no","17":"tag-norge","18":"tag-norway","19":"tag-nyheter","20":"tag-overskrifter","21":"tag-top-stories","22":"tag-topstories","23":"tag-verden","24":"tag-world","25":"tag-world-news","26":"tag-worldnews"},"share_on_mastodon":{"url":"https:\/\/pubeurope.com\/@no\/115788809691753100","error":""},"_links":{"self":[{"href":"https:\/\/www.europesays.com\/no\/wp-json\/wp\/v2\/posts\/122540","targetHints":{"allow":["GET"]}}],"collection":[{"href":"https:\/\/www.europesays.com\/no\/wp-json\/wp\/v2\/posts"}],"about":[{"href":"https:\/\/www.europesays.com\/no\/wp-json\/wp\/v2\/types\/post"}],"author":[{"embeddable":true,"href":"https:\/\/www.europesays.com\/no\/wp-json\/wp\/v2\/users\/2"}],"replies":[{"embeddable":true,"href":"https:\/\/www.europesays.com\/no\/wp-json\/wp\/v2\/comments?post=122540"}],"version-history":[{"count":0,"href":"https:\/\/www.europesays.com\/no\/wp-json\/wp\/v2\/posts\/122540\/revisions"}],"wp:featuredmedia":[{"embeddable":true,"href":"https:\/\/www.europesays.com\/no\/wp-json\/wp\/v2\/media\/62464"}],"wp:attachment":[{"href":"https:\/\/www.europesays.com\/no\/wp-json\/wp\/v2\/media?parent=122540"}],"wp:term":[{"taxonomy":"category","embeddable":true,"href":"https:\/\/www.europesays.com\/no\/wp-json\/wp\/v2\/categories?post=122540"},{"taxonomy":"post_tag","embeddable":true,"href":"https:\/\/www.europesays.com\/no\/wp-json\/wp\/v2\/tags?post=122540"}],"curies":[{"name":"wp","href":"https:\/\/api.w.org\/{rel}","templated":true}]}}