{"id":122543,"date":"2025-12-27T01:03:10","date_gmt":"2025-12-27T01:03:10","guid":{"rendered":"https:\/\/www.europesays.com\/no\/122543\/"},"modified":"2025-12-27T01:03:10","modified_gmt":"2025-12-27T01:03:10","slug":"dramatisk-jul-i-california-tre-omkommet-i-uvaeret","status":"publish","type":"post","link":"https:\/\/www.europesays.com\/no\/122543\/","title":{"rendered":"Dramatisk jul i California: Tre omkommet i uv\u00e6ret"},"content":{"rendered":"\n<p class=\"_lead_o9xde_2 _lead_xtcu6_50 layout-component text-serif-m layout-normal text-serif-l layout-component layout-wide layout-padded _wide_17hqh_1 layout-padded\">Tre personer er d\u00f8de. Og det er mer v\u00e6r i vente.<\/p>\n<p><img alt=\"GJ\u00d8RME-JUL: Her st\u00e5r en Tesla begravet  i s\u00f8le og jord i fjellbyen Wrightwood i California. Foto: William Liang \/ AP \/ NTB\" class=\"_image_qp4xg_65 layout-component layout-wide\" data-fullscreen- data-track-element-type=\"Article image fullscreen\" data-track-name=\"ImageFullscreen\" fetchpriority=\"high\" decoding=\"sync\" loading=\"eager\" height=\"5504\" itemprop=\"image\"  src=\"https:\/\/www.europesays.com\/no\/wp-content\/uploads\/2025\/12\/c184c36a-b7a9-4470-b23e-36df4cfe27a0\"  style=\"object-position:60.22892441860465% 51.444404069767444%\" width=\"8256\"\/>GJ\u00d8RME-JUL: Her st\u00e5r en Tesla begravet  i s\u00f8le og jord i fjellbyen Wrightwood i California. Foto: William Liang \/ AP \/ NTB<\/p>\n<ul aria-hidden=\"true\" class=\"_images_ntbth_112\">\n<li><a class=\"_link_ntbth_117\" href=\"https:\/\/www.vg.no\/forfatter\/morten-s-hopperstad\" style=\"z-index:1\" title=\"Morten S. Hopperstad\" rel=\"nofollow noopener\" target=\"_blank\"><img alt=\"Bilde av Morten S. Hopperstad\" class=\"_image_ntbth_93\" fetchpriority=\"low\" loading=\"lazy\" decoding=\"async\" itemprop=\"image\"  src=\"https:\/\/www.europesays.com\/no\/wp-content\/uploads\/2025\/12\/1766797389_282_93d60eb2-0dd9-4446-a8b8-c143528ca129\"  width=\"480\"\/><\/a><\/li>\n<\/ul>\n<p> Oppdatert l\u00f8rdag 27. desember kl. 01:40    <\/p>\n<ul class=\"_list_o9xde_3 _list_64s2r_85 _unordered_o9xde_106 text-sans-m\">\n<li class=\"_item_o9xde_30\">Kraftig uv\u00e6r har rammet California: Tre personer er d\u00f8de.<\/li>\n<li class=\"_item_o9xde_30\">Juleh\u00f8ytiden preges av voldsom vind, regn og sn\u00f8fall.<\/li>\n<li class=\"_item_o9xde_30\">Guvern\u00f8r Gavin Newsom erkl\u00e6rer unntakstilstand i seks fylker.<\/li>\n<li class=\"_item_o9xde_30\">Over 900 flyavganger er forsinket eller innstilt. <\/li>\n<li class=\"_item_o9xde_30\">Innbyggere m\u00e5 forberede seg p\u00e5 flere oversv\u00f8mmelser og skred.<\/li>\n<\/ul>\n<p>Vis mer <\/p>\n<p class=\"_paragraph_o9xde_4 _paragraph_xtcu6_10 layout-component text-serif-m layout-normal text-serif-m layout-padded\">\u2013 Vi er klare. Alle mann er p\u00e5 dekk n\u00e5, sier talsperson Shawn Millerick i brannvesenet i San Bernardino fylke til <a href=\"https:\/\/www.theguardian.com\/us-news\/2025\/dec\/26\/california-storms-wind-rain-snow\" class=\"_link_o9xde_39\" rel=\"nofollow noopener\" target=\"_blank\">The Guardian<\/a>.<\/p>\n<p class=\"_paragraph_o9xde_4 _paragraph_xtcu6_10 layout-component text-serif-m layout-normal text-serif-m layout-padded\">Juleh\u00f8ytiden ble alt annet en stille og rolig i <a href=\"https:\/\/www.vg.no\/tag\/california?utm_source=vg-article&amp;utm_medium=auto-tagger&amp;utm_campaign=43qWPe\" class=\"_link_o9xde_39\" rel=\"nofollow noopener\" target=\"_blank\">California<\/a> i USA.<\/p>\n<p class=\"_paragraph_o9xde_4 _paragraph_xtcu6_10 layout-component text-serif-m layout-normal text-serif-m layout-padded\">Et kraftig stormsystem med sterk vind, regn og sn\u00f8fall har f\u00f8rt til store skader p\u00e5 blant annet hus, biler og veisystemer. I tillegg har tre personer omkommet i uv\u00e6ret, if\u00f8lge <a href=\"https:\/\/www.nbcnews.com\/weather\/storms\/3-dead-catastrophic-christmas-flooding-california-rain-way-rcna251000\" class=\"_link_o9xde_39\" rel=\"nofollow noopener\" target=\"_blank\">NBC<\/a>:<\/p>\n<p class=\"_paragraph_o9xde_4 _paragraph_xtcu6_10 layout-component text-serif-m layout-normal text-serif-m layout-padded\">** En politibetjent d\u00f8de i en trafikkulykke da han var p\u00e5 jobb julaften. <\/p>\n<p class=\"_paragraph_o9xde_4 _paragraph_xtcu6_10 layout-component text-serif-m layout-normal text-serif-m layout-padded\">** En mann i 70-\u00e5rene fra REdding d\u00f8de som en f\u00f8lge av alvorlige oversv\u00f8mmelser.<\/p>\n<p class=\"_paragraph_o9xde_4 _paragraph_xtcu6_10 layout-component text-serif-m layout-normal text-serif-m layout-padded\">** En eldre mann skal ha omkommet julaften etter at en st\u00f8rre gren falt p\u00e5 mannen og p\u00e5f\u00f8rte ham hjertestans.<\/p>\n<p>Foto: William Liang \/ AP \/ NTB<\/p>\n<p>\u2013 En helt vill jul<\/p>\n<p class=\"_paragraph_o9xde_4 _paragraph_xtcu6_10 layout-component text-serif-m layout-normal text-serif-m layout-padded\">Innbyggerne i fjellbyen Wrightwood har f\u00e5tt beskjed om at de m\u00e5 v\u00e6re klare til \u00e5 evakuere p\u00e5 grunn av mer gj\u00f8rmeskred, som allerede har rammet byen hardt.<\/p>\n<p class=\"_paragraph_o9xde_4 _paragraph_xtcu6_10 layout-component text-serif-m layout-normal text-serif-m layout-padded\">Veisystemet inn mot fjellbyen har blitt dekket av steiner, rusk, og tjukk gj\u00f8rme. I tillegg har str\u00f8mmen g\u00e5tt i de aller flereste husstandene. Totalt skal det ha kommet n\u00e6rmere 300mm nedb\u00f8r p\u00e5 f\u00e5 dager, if\u00f8lge NBC &#8211; og det er ventet ytterligere 25\u201370mm mer nedb\u00f8r.<\/p>\n<p class=\"_paragraph_o9xde_4 _paragraph_xtcu6_10 layout-component text-serif-m layout-normal text-serif-m layout-padded\">N\u00e5 har en bensinstasjon og en kaf\u00e9 blitt et samlingspunkt for innbyggerne og tilreisende, siden de har aggregater.<\/p>\n<p class=\"_paragraph_o9xde_4 _paragraph_xtcu6_10 layout-component text-serif-m layout-normal text-serif-m layout-padded\">\u2013 Det er virkelig en helt vill jul, sier Jill Jenkins til The Guardian.<\/p>\n<p class=\"_paragraph_o9xde_4 _paragraph_xtcu6_10 layout-component text-serif-m layout-normal text-serif-m layout-padded\">Davey Schneider gikk over to kilometer gjennom regn og flomvann opp til leggene fra boligen sin i Wrightwood p\u00e5 julaften for \u00e5 redde katter fra bestefarens hus, if\u00f8lge The Guardian.<\/p>\n<p class=\"_paragraph_o9xde_4 _paragraph_xtcu6_10 layout-component text-serif-m layout-normal text-serif-m layout-padded\">\u2013 Jeg ville hjelpe dem fordi jeg ikke var sikker p\u00e5 om de kom til \u00e5 overleve.  Heldigvis overlevde alle, sier Schneider.<\/p>\n<p><img alt=\"MYE VANN: Her kj\u00f8rer en bil gjennom en oversv\u00f8mt gate i San Bernardino County i California.  Foto: Damian Nikodem \/ Reuters \/ NTB\" class=\"_image_qp4xg_65 layout-component layout-normal\" data-fullscreen- data-track-element-type=\"Article image fullscreen\" data-track-name=\"ImageFullscreen\" decoding=\"async\" loading=\"lazy\" height=\"1689\" itemprop=\"image\"  src=\"https:\/\/www.europesays.com\/no\/wp-content\/uploads\/2025\/12\/dfa59f54-3845-44f5-aaa9-c56c909e262c\"  style=\"object-position:27.501667778519014% 36.61930136175251%\" width=\"2998\"\/>MYE VANN: Her kj\u00f8rer en bil gjennom en oversv\u00f8mt gate i San Bernardino County i California.  Foto: Damian Nikodem \/ Reuters \/ NTBUnntakstilstand<\/p>\n<p class=\"_paragraph_o9xde_4 _paragraph_xtcu6_10 layout-component text-serif-m layout-normal text-serif-m layout-padded\">Stormsystemet f\u00f8rte til den v\u00e5teste juleperioden i sentrum av Los Angeles p\u00e5 54 \u00e5r, if\u00f8lge National Weather Service.<\/p>\n<p class=\"_paragraph_o9xde_4 _paragraph_xtcu6_10 layout-component text-serif-m layout-normal text-serif-m layout-padded\">Uv\u00e6ret var f\u00f8rst ventet \u00e5 avtal 2. juledag, men det er fortsatt risiko for h\u00f8ye b\u00f8lger langs kysten, oversv\u00f8mmelser i Los Angeles og sn\u00f8skred i Sierra Nevada, if\u00f8lge The Guardian.<\/p>\n<p class=\"_paragraph_o9xde_4 _paragraph_xtcu6_10 layout-component text-serif-m layout-normal text-serif-m layout-padded\">Guvern\u00f8r Gavin Newsom i California har erkl\u00e6rt unntakstilstand i seks fylker for \u00e5 muliggj\u00f8re statlig bistand. Delstaten har utplasserte n\u00f8dvendige ressurser og nasjonalgarden er satt i beredskap.<\/p>\n<p class=\"_paragraph_o9xde_4 _paragraph_xtcu6_10 layout-component text-serif-m layout-normal text-serif-m layout-padded\"><strong class=\"_strong_o9xde_25\">Lurer du p\u00e5 hvordan v\u00e6ret blir der du bor i Norge? Sjekk her:<\/strong><\/p>\n<p>900 flyavganger innstilt<\/p>\n<p class=\"_paragraph_o9xde_4 _paragraph_xtcu6_10 layout-component text-serif-m layout-normal text-serif-m layout-padded\">If\u00f8lge flere medier er minst 32 millioner mennesker p\u00e5virket av flomvarselet i California.<\/p>\n<p class=\"_paragraph_o9xde_4 _paragraph_xtcu6_10 layout-component text-serif-m layout-normal text-serif-m layout-padded\">Stormen og flommene kan ogs\u00e5 skape utfordringer for en av de mest hektiske reisehelgene i \u00e5ret, med titalls millioner mennesker p\u00e5 vei hjem fra julefeiring.<\/p>\n<p class=\"_paragraph_o9xde_4 _paragraph_xtcu6_10 layout-component text-serif-m layout-normal text-serif-m layout-padded\">2. juledag var mer enn 900 flyavganger forsinket og over 500 innstilt p\u00e5 tvers av USA, if\u00f8lge NBC.<\/p>\n<p class=\"_paragraph_o9xde_4 _paragraph_xtcu6_10 layout-component text-serif-m layout-normal text-serif-m layout-padded\">Flyselskapene anbefaler passasjerer \u00e5 endre reiseruter for \u00e5 unng\u00e5 d\u00e5rlig v\u00e6r langs kystene. <\/p>\n<p class=\"_paragraph_o9xde_4 _paragraph_xtcu6_10 layout-component text-serif-m layout-normal text-serif-m layout-padded\">I Philadelphia, Boston og New York vil sn\u00f8en begynne \u00e5 falle i l\u00f8pet av 2. juledag. I New York er det ventet 25 centimeter i enkelte omr\u00e5der, mens New York City kan f\u00e5 mellom 10 og 20 centimeter sn\u00f8.<\/p>\n<p class=\"_paragraph_o9xde_4 _paragraph_xtcu6_10 layout-component text-serif-m layout-normal text-serif-m layout-padded\">If\u00f8lge NBC vil stormene avta l\u00f8rdag ettermiddag.<\/p>\n<p class=\"_paragraph_o9xde_4 _paragraph_xtcu6_10 layout-component text-serif-m layout-normal text-serif-m layout-padded\"><strong class=\"_strong_o9xde_25\">Meteorologisk institutt advarer om vindkast over 40 meter per sekund i Norge. Sjekk vinden der du bor:<\/strong><\/p>\n","protected":false},"excerpt":{"rendered":"Tre personer er d\u00f8de. Og det er mer v\u00e6r i vente. GJ\u00d8RME-JUL: Her st\u00e5r en Tesla begravet i&hellip;\n","protected":false},"author":2,"featured_media":122544,"comment_status":"","ping_status":"","sticky":false,"template":"","format":"standard","meta":{"footnotes":""},"categories":[10],"tags":[20,21,2776,24,25,15,22,23,13,30,28,29,14,16,26,27,50,3230,7585],"class_list":{"0":"post-122543","1":"post","2":"type-post","3":"status-publish","4":"format-standard","5":"has-post-thumbnail","7":"category-norge","8":"tag-breaking-news","9":"tag-breakingnews","10":"tag-california","11":"tag-featured-news","12":"tag-featurednews","13":"tag-headlines","14":"tag-latest-news","15":"tag-latestnews","16":"tag-news","17":"tag-no","18":"tag-norge","19":"tag-norway","20":"tag-nyheter","21":"tag-overskrifter","22":"tag-top-stories","23":"tag-topstories","24":"tag-usa","25":"tag-uvaer","26":"tag-vind"},"share_on_mastodon":{"url":"https:\/\/pubeurope.com\/@no\/115788841376959779","error":""},"_links":{"self":[{"href":"https:\/\/www.europesays.com\/no\/wp-json\/wp\/v2\/posts\/122543","targetHints":{"allow":["GET"]}}],"collection":[{"href":"https:\/\/www.europesays.com\/no\/wp-json\/wp\/v2\/posts"}],"about":[{"href":"https:\/\/www.europesays.com\/no\/wp-json\/wp\/v2\/types\/post"}],"author":[{"embeddable":true,"href":"https:\/\/www.europesays.com\/no\/wp-json\/wp\/v2\/users\/2"}],"replies":[{"embeddable":true,"href":"https:\/\/www.europesays.com\/no\/wp-json\/wp\/v2\/comments?post=122543"}],"version-history":[{"count":0,"href":"https:\/\/www.europesays.com\/no\/wp-json\/wp\/v2\/posts\/122543\/revisions"}],"wp:featuredmedia":[{"embeddable":true,"href":"https:\/\/www.europesays.com\/no\/wp-json\/wp\/v2\/media\/122544"}],"wp:attachment":[{"href":"https:\/\/www.europesays.com\/no\/wp-json\/wp\/v2\/media?parent=122543"}],"wp:term":[{"taxonomy":"category","embeddable":true,"href":"https:\/\/www.europesays.com\/no\/wp-json\/wp\/v2\/categories?post=122543"},{"taxonomy":"post_tag","embeddable":true,"href":"https:\/\/www.europesays.com\/no\/wp-json\/wp\/v2\/tags?post=122543"}],"curies":[{"name":"wp","href":"https:\/\/api.w.org\/{rel}","templated":true}]}}