{"id":122545,"date":"2025-12-27T01:04:11","date_gmt":"2025-12-27T01:04:11","guid":{"rendered":"https:\/\/www.europesays.com\/no\/122545\/"},"modified":"2025-12-27T01:04:11","modified_gmt":"2025-12-27T01:04:11","slug":"bakkens-hoydemaske-stilt-inn-pa-7000-m-o-h","status":"publish","type":"post","link":"https:\/\/www.europesays.com\/no\/122545\/","title":{"rendered":"Bakkens h\u00f8ydemaske stilt inn p\u00e5 7000 m.o.h."},"content":{"rendered":"\n<p class=\"_lead_o9xde_2 _lead_xtcu6_50 layout-component text-serif-m layout-normal text-serif-l layout-component layout-wide layout-padded _wide_17hqh_1 layout-padded\">Da Sivert Guttorm Bakken (27) ble funnet d\u00f8d p\u00e5 hotellrommet i Italia, var h\u00f8ydemasken hans stilt inn p\u00e5 et niv\u00e5 tilsvarende rundt 7000 meter over havet.<\/p>\n<p><img alt=\" Foto: MATHIAS BERGELD \/ Bildbyr\u00e5n\" class=\"_image_qp4xg_65 layout-component layout-wide\" data-fullscreen- data-track-element-type=\"Article image fullscreen\" data-track-name=\"ImageFullscreen\" fetchpriority=\"high\" decoding=\"sync\" loading=\"eager\" height=\"4000\" itemprop=\"image\"  src=\"https:\/\/www.europesays.com\/no\/wp-content\/uploads\/2025\/12\/1935bb7b-adf8-4886-9a88-03ddbb9ffd6a\"  style=\"object-position:0% 0%\" width=\"6000\"\/> Foto: MATHIAS BERGELD \/ Bildbyr\u00e5n Oppdatert fredag 26. desember kl. 23:07    <\/p>\n<ul class=\"_list_o9xde_3 _list_64s2r_85 _unordered_o9xde_106 text-sans-m\">\n<li class=\"_item_o9xde_30\">Skiskytteren Sivert Guttorm Bakken (27) d\u00f8de p\u00e5 hotellrommet sitt i Italia.<\/li>\n<li class=\"_item_o9xde_30\">H\u00f8ydemasken hans var stilt inn p\u00e5 et niv\u00e5 tilsvarende 7000 meter over havet.<\/li>\n<li class=\"_item_o9xde_30\">Italiensk politi unders\u00f8ker masken og relaterte gjenstander.<\/li>\n<li class=\"_item_o9xde_30\">D\u00f8ds\u00e5rsaken er fortsatt ukjent, og obduksjonsresultater er ventet snart.<\/li>\n<\/ul>\n<p>Vis mer <\/p>\n<p class=\"_paragraph_o9xde_4 _paragraph_xtcu6_10 layout-component text-serif-m layout-normal text-serif-m layout-padded\">Det forteller flere kilder med kjennskap til saken uavhengig av hverandre til VG.<\/p>\n<p class=\"_paragraph_o9xde_4 _paragraph_xtcu6_10 layout-component text-serif-m layout-normal text-serif-m layout-padded\">Det var p\u00e5 morgenen lillejulaften at skiskytteren d\u00f8de p\u00e5 1800 meters h\u00f8yde i Lavaze. Da Bakken<a href=\"https:\/\/www.vg.no\/sport\/i\/k0J8M9\/skiskytterforbundet-bakken-funnet-med-hoeydemaske\" data-track-element-type=\"Link\" data-track-id=\"link:k0J8M9\" class=\"_link_o9xde_39\" rel=\"nofollow noopener\" target=\"_blank\"> ble funnet <\/a>p\u00e5 hotellrommet sitt nord i Italia, hadde han p\u00e5 seg en s\u00e5kalt h\u00f8ydemaske.<\/p>\n<p class=\"_paragraph_o9xde_4 _paragraph_xtcu6_10 layout-component text-serif-m layout-normal text-serif-m layout-padded\">Denne er n\u00e5 beslaglagt av italiensk politi og vil unders\u00f8kes n\u00e6rmere de kommende dagene.<\/p>\n<p class=\"_paragraph_o9xde_4 _paragraph_xtcu6_10 layout-component text-serif-m layout-normal text-serif-m layout-padded\">VG er i dag kjent med at h\u00f8ydemasken Bakken hadde p\u00e5 seg, var innstilt p\u00e5 en h\u00f8yde tilsvarende 7000 meter over havet. Det betyr at luften han pustet inn, inneholdt sv\u00e6rt lite oksygen.<\/p>\n<p><img alt=\"HER BODDE BAKKEN: Hotellet nord i Italia der Sivert Guttorm Bakken ble funnet d\u00f8d lillejulaften.  Foto: Bendik Hansen \/ VG\" class=\"_image_qp4xg_65 layout-component layout-normal\" data-fullscreen- data-track-element-type=\"Article image fullscreen\" data-track-name=\"ImageFullscreen\" decoding=\"async\" loading=\"lazy\" height=\"4284\" itemprop=\"image\"  src=\"https:\/\/www.europesays.com\/no\/wp-content\/uploads\/2025\/12\/cd274905-bb88-441d-9ae9-08d4a723d866\"  style=\"object-position:0% 0%\" width=\"5712\"\/>HER BODDE BAKKEN: Hotellet nord i Italia der Sivert Guttorm Bakken ble funnet d\u00f8d lillejulaften.  Foto: Bendik Hansen \/ VG<\/p>\n<p class=\"_paragraph_o9xde_4 _paragraph_xtcu6_10 layout-component text-serif-m layout-normal text-serif-m layout-padded\">\u00c5 trene i h\u00f8yden gj\u00f8res generelt for \u00e5 \u00f8ke produksjonen av r\u00f8de blodceller, fordi kroppen opplever \u00e5 ha lite oksygen. Flere r\u00f8de blodceller gir igjen bedre utholdenhet.<\/p>\n<p class=\"_paragraph_o9xde_4 _paragraph_xtcu6_10 layout-component text-serif-m layout-normal text-serif-m layout-padded\">VG har forelagt bistandsadvokat Bernt Heiberg hos Elden Advokatfirma AS opplysningene om et niv\u00e5 tilsvarende 7000 meter over havet. Han svarer per epost:<\/p>\n<p class=\"_paragraph_o9xde_4 _paragraph_xtcu6_10 layout-component text-serif-m layout-normal text-serif-m layout-padded\">\u00abDet er for tidlig \u00e5 kommentere p\u00e5 dette. Italiensk politi har rutinemessig tatt beslag i gjenstander og utstyr som befant seg p\u00e5 rommet, og vil unders\u00f8ke dette n\u00e6rmere. S\u00e5 snart vi f\u00e5r tilgang til politidokumentene, og rapporten fra den forel\u00f8pige rettsmedisinske unders\u00f8kelsen, vil vi kommentere dette gitt at det er noe politiets etterforskning har klart \u00e5 kartlegge\u00bb.<\/p>\n<p class=\"_paragraph_o9xde_4 _paragraph_xtcu6_10 layout-component text-serif-m layout-normal text-serif-m layout-padded\">D\u00f8ds\u00e5rsaken til <a href=\"https:\/\/www.vg.no\/tag\/sivert-guttorm-bakken?utm_source=vg-article&amp;utm_medium=auto-tagger&amp;utm_campaign=ExWBp5\" class=\"_link_o9xde_39\" rel=\"nofollow noopener\" target=\"_blank\">Sivert Guttorm Bakken<\/a> er fortsatt ukjent. Det gjennomf\u00f8res i helgen en obduksjon etter d\u00f8dsfallet som har rystet skiskytterverden i julen. Resultatet er ventet \u00e5 v\u00e6re klart tidlig kommende uke.<\/p>\n<p class=\"_paragraph_o9xde_4 _paragraph_xtcu6_10 layout-component text-serif-m layout-normal text-serif-m layout-padded\">Etter det VG har grunn til \u00e5 tro, er det ikke konkludert med at Bakken selv hadde stilt inn h\u00f8ydemasken p\u00e5 et niv\u00e5 tilsvarende 7000 meter over havet.<\/p>\n<p class=\"_paragraph_o9xde_4 _paragraph_xtcu6_10 layout-component text-serif-m layout-normal text-serif-m layout-padded\">Det er heller ikke fastsl\u00e5tt at dette niv\u00e5et var det reelle p\u00e5 tidspunktet da Bakken d\u00f8de. Unders\u00f8kelsene som n\u00e5 p\u00e5g\u00e5r, handler blant annet om \u00e5 finne ut av dette.<\/p>\n<p><img alt=\"Foto: Fredrik Ouren Jostad \/ VG\" class=\"_image_qp4xg_65 layout-component layout-normal\" data-fullscreen- data-track-element-type=\"Article image fullscreen\" data-track-name=\"ImageFullscreen\" decoding=\"async\" loading=\"lazy\" height=\"5464\" itemprop=\"image\"  src=\"https:\/\/www.europesays.com\/no\/wp-content\/uploads\/2025\/12\/34725aa9-74dc-488c-adba-8e2b81341a51\"  style=\"object-position:0% 0%\" width=\"8192\"\/>Foto: Fredrik Ouren Jostad \/ VG<\/p>\n<p class=\"_paragraph_o9xde_4 _paragraph_xtcu6_10 layout-component text-serif-m layout-normal text-serif-m layout-padded\">En alternativ teori som ogs\u00e5 skal unders\u00f8kes, etter det VG forst\u00e5r, handler om at apparatet kan ha blitt justert etter at 27-\u00e5ringen ble funnet d\u00f8d &#8211; i et kaotisk \u00f8yeblikk der noen ville hjelpe den norske skiskytteren.<\/p>\n<p class=\"_paragraph_o9xde_4 _paragraph_xtcu6_10 layout-component text-serif-m layout-normal text-serif-m layout-padded\">Italiensk politi unders\u00f8ker n\u00e5 det konkrete apparatet som simulerer kunstig h\u00f8yde.<\/p>\n<p class=\"_paragraph_o9xde_4 _paragraph_xtcu6_10 layout-component text-serif-m layout-normal text-serif-m layout-padded\">Det \u00e5 bruke h\u00f8ydemasker for \u00e5 simulere kunstig h\u00f8yde er ikke forbudt etter dagens regelverk.<\/p>\n<p class=\"_paragraph_o9xde_4 _paragraph_xtcu6_10 layout-component text-serif-m layout-normal text-serif-m layout-padded\">Olympiatoppen frar\u00e5der likevel bruk av simulert h\u00f8yde etter det tragiske d\u00f8dsfallet i julen.<\/p>\n<p class=\"_paragraph_o9xde_4 _paragraph_xtcu6_10 layout-component text-serif-m layout-normal text-serif-m layout-padded\">Samtidig har Norges Skiskytterforbund <a href=\"https:\/\/www.vg.no\/sport\/i\/8pmOEr\/forbundet-kjent-med-bruk-av-hoeydemasker-ikke-i-organiserte-treningstilbud\" data-track-element-type=\"Link\" data-track-id=\"link:8pmOEr\" class=\"_link_o9xde_39\" rel=\"nofollow noopener\" target=\"_blank\">v\u00e6rt klar over<\/a> at enkelte ut\u00f8vere skaffet seg h\u00f8ydesimuleringsutstyr. Toppidrettssjef Tore \u00d8vreb\u00f8 ved Olympiatoppen har forel\u00f8pig v\u00e6rt sv\u00e6rt ordknapp etter Bakkens d\u00f8dsfall.<\/p>\n<p class=\"_paragraph_o9xde_4 _paragraph_xtcu6_10 layout-component text-serif-m layout-normal text-serif-m layout-padded\">\u00abDet verserer for tiden mange rykter og ubekreftede opplysninger knyttet til Bakkens d\u00f8dsfall. F\u00f8rst n\u00e5r vi har mottatt en redegj\u00f8relse fra politiet og rettsmedisinske myndigheter i Italia, vil vi kunne uttale oss om hva som trolig har skjedd, og om den sannsynlige d\u00f8ds\u00e5rsaken. Det skjer trolig f\u00f8rst i neste uke\u00bb, heter det i en melding fra Elden Advokatfirma.<\/p>\n<p class=\"_paragraph_o9xde_4 _paragraph_xtcu6_10 layout-component text-serif-m layout-normal text-serif-m layout-padded\">Forbudet mot bruk av h\u00f8ydehus i norsk idrett ble opphevet p\u00e5 Idrettstinget &#8211; norsk idretts generalforsamling &#8211; i 2021. Da hadde det v\u00e6rt forbudt \u00e5 benytte h\u00f8ydetelt, h\u00f8ydehus eller h\u00f8ydemasker siden 2003.<\/p>\n","protected":false},"excerpt":{"rendered":"Da Sivert Guttorm Bakken (27) ble funnet d\u00f8d p\u00e5 hotellrommet i Italia, var h\u00f8ydemasken hans stilt inn p\u00e5&hellip;\n","protected":false},"author":2,"featured_media":122546,"comment_status":"","ping_status":"","sticky":false,"template":"","format":"standard","meta":{"footnotes":""},"categories":[5],"tags":[20,21,24,25,15,19,2440,22,23,17,18,13,30,28,29,14,16,13042,769,26,27],"class_list":{"0":"post-122545","1":"post","2":"type-post","3":"status-publish","4":"format-standard","5":"has-post-thumbnail","7":"category-overskrifter","8":"tag-breaking-news","9":"tag-breakingnews","10":"tag-featured-news","11":"tag-featurednews","12":"tag-headlines","13":"tag-hovedoppslag","14":"tag-idrettspolitikk","15":"tag-latest-news","16":"tag-latestnews","17":"tag-main-news","18":"tag-mainnews","19":"tag-news","20":"tag-no","21":"tag-norge","22":"tag-norway","23":"tag-nyheter","24":"tag-overskrifter","25":"tag-sivert-guttorm-bakken","26":"tag-skiskyting","27":"tag-top-stories","28":"tag-topstories"},"share_on_mastodon":{"url":"https:\/\/pubeurope.com\/@no\/115788845176319772","error":""},"_links":{"self":[{"href":"https:\/\/www.europesays.com\/no\/wp-json\/wp\/v2\/posts\/122545","targetHints":{"allow":["GET"]}}],"collection":[{"href":"https:\/\/www.europesays.com\/no\/wp-json\/wp\/v2\/posts"}],"about":[{"href":"https:\/\/www.europesays.com\/no\/wp-json\/wp\/v2\/types\/post"}],"author":[{"embeddable":true,"href":"https:\/\/www.europesays.com\/no\/wp-json\/wp\/v2\/users\/2"}],"replies":[{"embeddable":true,"href":"https:\/\/www.europesays.com\/no\/wp-json\/wp\/v2\/comments?post=122545"}],"version-history":[{"count":0,"href":"https:\/\/www.europesays.com\/no\/wp-json\/wp\/v2\/posts\/122545\/revisions"}],"wp:featuredmedia":[{"embeddable":true,"href":"https:\/\/www.europesays.com\/no\/wp-json\/wp\/v2\/media\/122546"}],"wp:attachment":[{"href":"https:\/\/www.europesays.com\/no\/wp-json\/wp\/v2\/media?parent=122545"}],"wp:term":[{"taxonomy":"category","embeddable":true,"href":"https:\/\/www.europesays.com\/no\/wp-json\/wp\/v2\/categories?post=122545"},{"taxonomy":"post_tag","embeddable":true,"href":"https:\/\/www.europesays.com\/no\/wp-json\/wp\/v2\/tags?post=122545"}],"curies":[{"name":"wp","href":"https:\/\/api.w.org\/{rel}","templated":true}]}}