{"id":122549,"date":"2025-12-27T01:10:23","date_gmt":"2025-12-27T01:10:23","guid":{"rendered":"https:\/\/www.europesays.com\/no\/122549\/"},"modified":"2025-12-27T01:10:23","modified_gmt":"2025-12-27T01:10:23","slug":"lofoten-vagan-advarer-mot-kraftige-vindkast-vurder-om-du-bor-reise","status":"publish","type":"post","link":"https:\/\/www.europesays.com\/no\/122549\/","title":{"rendered":"Lofoten, V\u00e5gan | Advarer mot kraftige vindkast: \u2013 Vurder om du b\u00f8r reise"},"content":{"rendered":"\n<p>Det er sendt ut oransje farevarsel for kraftig vind i Troms, Nordland og Lofoten p\u00e5 l\u00f8rdag. Statens vegvesen ber trafikantene f\u00f8lge situasjonen n\u00f8ye dersom de skal ut og reise.<\/p>\n<p>\u2013 S\u00f8rg for \u00e5 holde deg oppdatert p\u00e5 forholdene hvis du skal ut p\u00e5 tur, melder Statens vegvesen i en pressemelding.<\/p>\n<p>Nordland og S\u00f8r-Troms er ventet \u00e5 f\u00e5 det t\u00f8ffeste v\u00e6ret. Det er meldt vindkast opp mot 35\u201344 meter per sekund og sn\u00f8fokk gjennom fredag og l\u00f8rdag, noe som gj\u00f8r kj\u00f8reforholdene sv\u00e6rt krevende.<\/p>\n<p>Vurder konsekvensene<\/p>\n<p>Ferger, fjelloverganger, veier og bruer kan bli stengt p\u00e5 kort varsel som f\u00f8lge av den kraftige vinden.<\/p>\n<p>\u2013 Vurder konsekvensene av \u00e5 reise, og sjekk forholdene p\u00e5 Vegvesen trafikk dersom du m\u00e5 ut, advarer Oddbj\u00f8rg Mikkelsen, avdelingsdirekt\u00f8r for drift og vedlikehold nord i Statens vegvesen.<\/p>\n<p>Mikkelsen oppfordrer samtidig til at alle respekterer r\u00f8dt lys og stengte veier, da det er fare for liv og helse dersom man ikke overholder dette.<\/p>\n<p><b>Dette er varslene fra meteorologisk institutt fredag:<\/b><\/p>\n<ul>\n<li>Oransje niv\u00e5 for vindkast i Nordland og Troms. <\/li>\n<li>Varsel om sn\u00f8fokk i Troms og Finnmark.<\/li>\n<li>Gult vindkastvarsel for resten av Troms og deler av Finnmark. <\/li>\n<li>Gult vindkastvarsel for Innlandet og Tr\u00f8ndelag. <\/li>\n<li>Varsel om sn\u00f8fokk i deler av \u00d8st-Finnmark. <\/li>\n<\/ul>\n","protected":false},"excerpt":{"rendered":"Det er sendt ut oransje farevarsel for kraftig vind i Troms, Nordland og Lofoten p\u00e5 l\u00f8rdag. Statens vegvesen&hellip;\n","protected":false},"author":2,"featured_media":122550,"comment_status":"","ping_status":"","sticky":false,"template":"","format":"standard","meta":{"footnotes":""},"categories":[10],"tags":[36,20,21,24,25,1186,15,22,23,803,1461,13,30,28,29,14,16,1510,26,27,3230,1459,1460],"class_list":{"0":"post-122549","1":"post","2":"type-post","3":"status-publish","4":"format-standard","5":"has-post-thumbnail","7":"category-norge","8":"tag-art","9":"tag-breaking-news","10":"tag-breakingnews","11":"tag-featured-news","12":"tag-featurednews","13":"tag-flakstad","14":"tag-headlines","15":"tag-latest-news","16":"tag-latestnews","17":"tag-lofoten","18":"tag-moskenes","19":"tag-news","20":"tag-no","21":"tag-norge","22":"tag-norway","23":"tag-nyheter","24":"tag-overskrifter","25":"tag-story","26":"tag-top-stories","27":"tag-topstories","28":"tag-uvaer","29":"tag-vagan","30":"tag-vestvagoy"},"share_on_mastodon":{"url":"https:\/\/pubeurope.com\/@no\/115788868675195156","error":""},"_links":{"self":[{"href":"https:\/\/www.europesays.com\/no\/wp-json\/wp\/v2\/posts\/122549","targetHints":{"allow":["GET"]}}],"collection":[{"href":"https:\/\/www.europesays.com\/no\/wp-json\/wp\/v2\/posts"}],"about":[{"href":"https:\/\/www.europesays.com\/no\/wp-json\/wp\/v2\/types\/post"}],"author":[{"embeddable":true,"href":"https:\/\/www.europesays.com\/no\/wp-json\/wp\/v2\/users\/2"}],"replies":[{"embeddable":true,"href":"https:\/\/www.europesays.com\/no\/wp-json\/wp\/v2\/comments?post=122549"}],"version-history":[{"count":0,"href":"https:\/\/www.europesays.com\/no\/wp-json\/wp\/v2\/posts\/122549\/revisions"}],"wp:featuredmedia":[{"embeddable":true,"href":"https:\/\/www.europesays.com\/no\/wp-json\/wp\/v2\/media\/122550"}],"wp:attachment":[{"href":"https:\/\/www.europesays.com\/no\/wp-json\/wp\/v2\/media?parent=122549"}],"wp:term":[{"taxonomy":"category","embeddable":true,"href":"https:\/\/www.europesays.com\/no\/wp-json\/wp\/v2\/categories?post=122549"},{"taxonomy":"post_tag","embeddable":true,"href":"https:\/\/www.europesays.com\/no\/wp-json\/wp\/v2\/tags?post=122549"}],"curies":[{"name":"wp","href":"https:\/\/api.w.org\/{rel}","templated":true}]}}