{"id":122557,"date":"2025-12-27T01:53:09","date_gmt":"2025-12-27T01:53:09","guid":{"rendered":"https:\/\/www.europesays.com\/no\/122557\/"},"modified":"2025-12-27T01:53:09","modified_gmt":"2025-12-27T01:53:09","slug":"tinashe-williamson-fant-hap-i-ketaminbehandling","status":"publish","type":"post","link":"https:\/\/www.europesays.com\/no\/122557\/","title":{"rendered":"(+) Tinashe Williamson fant h\u00e5p i ketaminbehandling"},"content":{"rendered":"\n<p class=\"_paragraph_o9xde_4 _paragraph_xtcu6_10 layout-component text-serif-m layout-normal text-serif-m layout-padded\">Det var siste kvelden p\u00e5 \u00d8ya. Musikkfestivalen var tradisjon for Tinashe, men denne kvelden f\u00f8lte hun seg tom, sliten og ville hjem. <\/p>\n<p class=\"_paragraph_o9xde_4 _paragraph_xtcu6_10 layout-component text-serif-m layout-normal text-serif-m layout-padded\">Det siste bandet skulle p\u00e5 scenen, over henne s\u00e5 hun flokker med trekkfugler p\u00e5 vei s\u00f8rover. H\u00f8sten var i anmarsj. H\u00f8sten \u2013 den tyngste tida i \u00e5ret for Tinashe.<\/p>\n<p class=\"_paragraph_o9xde_4 _paragraph_xtcu6_10 layout-component text-serif-m layout-normal text-serif-m layout-padded\">P\u00e5 vei hjem m\u00f8tte hun en kompis. <\/p>\n<p class=\"_paragraph_o9xde_4 _paragraph_xtcu6_10 layout-component text-serif-m layout-normal text-serif-m layout-padded\">\u00abHvordan har du det?\u00bb spurte han. <\/p>\n<p class=\"_paragraph_o9xde_4 _paragraph_xtcu6_10 layout-component text-serif-m layout-normal text-serif-m layout-padded\">Hun vet ikke helt hvorfor hun svarte som hun gjorde. Kanskje var det den fine m\u00e5ten han spurte p\u00e5? Kanskje var det bare det at det var nok n\u00e5? <\/p>\n<p class=\"_paragraph_o9xde_4 _paragraph_xtcu6_10 layout-component text-serif-m layout-normal text-serif-m layout-padded\">Det var ikke lett \u00e5 maskere lenger.<\/p>\n<p><img alt=\"Foto: Privat\" class=\"_image_qp4xg_65 layout-component layout-normal\" data-fullscreen- data-track-element-type=\"Article image fullscreen\" data-track-name=\"ImageFullscreen\" decoding=\"async\" loading=\"lazy\" height=\"1340\" itemprop=\"image\"  src=\"https:\/\/www.europesays.com\/no\/wp-content\/uploads\/2025\/12\/f05dc6b1-6139-4ac2-a49f-48869a291304\"  style=\"object-position:0% 0%\" width=\"1005\"\/>Foto: Privat<\/p>\n<p class=\"_paragraph_o9xde_4 _paragraph_xtcu6_10 layout-component text-serif-m layout-normal text-serif-m layout-padded\">\u2013 Jeg har v\u00e6rt dypt deprimert i flere \u00e5r, har PTSD PTSDPosttraumatisk stresslidelse (PTSD) er en psykisk helsetilstand som kan oppst\u00e5 etter \u00e5 ha opplevd eller v\u00e6rt vitne til en traumatisk hendelse., sliter med sosial angst og vet ikke helt hva jeg skal gj\u00f8re med det, svarte hun.<\/p>\n<p class=\"_paragraph_o9xde_4 _paragraph_xtcu6_10 layout-component text-serif-m layout-normal text-serif-m layout-padded\">Kompisen stoppet opp. Han fortalte at han kjente seg igjen, men at han hadde funnet noe som bedret livskvaliteten. Han skrev ned mailadressen til en klinikk p\u00e5 en lapp og ga den til henne.<\/p>\n<p class=\"_paragraph_o9xde_4 _paragraph_xtcu6_10 layout-component text-serif-m layout-normal text-serif-m layout-padded\">\u2013 Ketaminbehandling, Ketaminbehandling,En medisinsk behandling som bruker ketamin, et stoff som i sm\u00e5 doser kan hjelpe mot alvorlig depresjon og selvmordstanker ved \u00e5 endre tankem\u00f8nstre i hjernen. sa han.<\/p>\n<p class=\"_paragraph_o9xde_4 _paragraph_xtcu6_10 layout-component text-serif-m layout-normal text-serif-m layout-padded\">\u2013 H\u00e6? Er ikke det et partydop? svarte hun.<\/p>\n","protected":false},"excerpt":{"rendered":"Det var siste kvelden p\u00e5 \u00d8ya. Musikkfestivalen var tradisjon for Tinashe, men denne kvelden f\u00f8lte hun seg tom,&hellip;\n","protected":false},"author":2,"featured_media":122558,"comment_status":"","ping_status":"","sticky":false,"template":"","format":"standard","meta":{"footnotes":""},"categories":[10],"tags":[6625,20,21,615,24,25,15,829,22,23,2142,3167,79,13,30,28,29,14,16,496,3993,5515,26,27,14538],"class_list":{"0":"post-122557","1":"post","2":"type-post","3":"status-publish","4":"format-standard","5":"has-post-thumbnail","7":"category-norge","8":"tag-angst","9":"tag-breaking-news","10":"tag-breakingnews","11":"tag-depresjon","12":"tag-featured-news","13":"tag-featurednews","14":"tag-headlines","15":"tag-influencer","16":"tag-latest-news","17":"tag-latestnews","18":"tag-mangfold","19":"tag-medisin","20":"tag-mobbing","21":"tag-news","22":"tag-no","23":"tag-norge","24":"tag-norway","25":"tag-nyheter","26":"tag-overskrifter","27":"tag-oya","28":"tag-ptsd","29":"tag-tinashe-williamson","30":"tag-top-stories","31":"tag-topstories","32":"tag-zimbabwe"},"share_on_mastodon":{"url":"https:\/\/pubeurope.com\/@no\/115789037879158387","error":""},"_links":{"self":[{"href":"https:\/\/www.europesays.com\/no\/wp-json\/wp\/v2\/posts\/122557","targetHints":{"allow":["GET"]}}],"collection":[{"href":"https:\/\/www.europesays.com\/no\/wp-json\/wp\/v2\/posts"}],"about":[{"href":"https:\/\/www.europesays.com\/no\/wp-json\/wp\/v2\/types\/post"}],"author":[{"embeddable":true,"href":"https:\/\/www.europesays.com\/no\/wp-json\/wp\/v2\/users\/2"}],"replies":[{"embeddable":true,"href":"https:\/\/www.europesays.com\/no\/wp-json\/wp\/v2\/comments?post=122557"}],"version-history":[{"count":0,"href":"https:\/\/www.europesays.com\/no\/wp-json\/wp\/v2\/posts\/122557\/revisions"}],"wp:featuredmedia":[{"embeddable":true,"href":"https:\/\/www.europesays.com\/no\/wp-json\/wp\/v2\/media\/122558"}],"wp:attachment":[{"href":"https:\/\/www.europesays.com\/no\/wp-json\/wp\/v2\/media?parent=122557"}],"wp:term":[{"taxonomy":"category","embeddable":true,"href":"https:\/\/www.europesays.com\/no\/wp-json\/wp\/v2\/categories?post=122557"},{"taxonomy":"post_tag","embeddable":true,"href":"https:\/\/www.europesays.com\/no\/wp-json\/wp\/v2\/tags?post=122557"}],"curies":[{"name":"wp","href":"https:\/\/api.w.org\/{rel}","templated":true}]}}