{"id":122559,"date":"2025-12-27T02:00:47","date_gmt":"2025-12-27T02:00:47","guid":{"rendered":"https:\/\/www.europesays.com\/no\/122559\/"},"modified":"2025-12-27T02:00:47","modified_gmt":"2025-12-27T02:00:47","slug":"trafikk-e6-bil-fikk-motorstopp-pa-e6","status":"publish","type":"post","link":"https:\/\/www.europesays.com\/no\/122559\/","title":{"rendered":"Trafikk, E6 | Bil fikk motorstopp p\u00e5 E6"},"content":{"rendered":"\n<p>En bil har fikk motorstopp p\u00e5 E6 ved Biristrand i 14-tiden andre juledag. Politiet opplyser at bilen var p\u00e5 vei i nordg\u00e5ende retning.<\/p>\n<p>Motorstoppen f\u00f8rte til trafikale problemer p\u00e5 stedet.<\/p>\n<p>Vegtrafikksentralen opplyser p\u00e5 X at det skal v\u00e6re snakk om en varebil med henger som har f\u00e5tt stans. E6 ble en periode stengt i nordg\u00e5ende retning.<\/p>\n<p>Like f\u00f8r klokka halv fem meldte politiet at bergingen av bilen er utf\u00f8rt, og at trafikken flyter igjen som normalt.<\/p>\n<p>Andre juledag er en stor utfartsdag, og Statens vegvesen forventer mange bilister langs veiene. Ved de st\u00f8rre veiene var det i 14-tiden k\u00f8.<\/p>\n<p>Skal du ut \u00e5 kj\u00f8re? Her er veikameraene i v\u00e5rt distrikt som viser trafikken n\u00e5:<\/p>\n","protected":false},"excerpt":{"rendered":"En bil har fikk motorstopp p\u00e5 E6 ved Biristrand i 14-tiden andre juledag. Politiet opplyser at bilen var&hellip;\n","protected":false},"author":2,"featured_media":122560,"comment_status":"","ping_status":"","sticky":false,"template":"","format":"standard","meta":{"footnotes":""},"categories":[10],"tags":[36,20,21,834,24,25,1088,15,22,23,13,30,28,29,14,16,1510,26,27,224],"class_list":{"0":"post-122559","1":"post","2":"type-post","3":"status-publish","4":"format-standard","5":"has-post-thumbnail","7":"category-norge","8":"tag-art","9":"tag-breaking-news","10":"tag-breakingnews","11":"tag-e6","12":"tag-featured-news","13":"tag-featurednews","14":"tag-gjovik","15":"tag-headlines","16":"tag-latest-news","17":"tag-latestnews","18":"tag-news","19":"tag-no","20":"tag-norge","21":"tag-norway","22":"tag-nyheter","23":"tag-overskrifter","24":"tag-story","25":"tag-top-stories","26":"tag-topstories","27":"tag-trafikk"},"share_on_mastodon":{"url":"https:\/\/pubeurope.com\/@no\/115789069184690959","error":""},"_links":{"self":[{"href":"https:\/\/www.europesays.com\/no\/wp-json\/wp\/v2\/posts\/122559","targetHints":{"allow":["GET"]}}],"collection":[{"href":"https:\/\/www.europesays.com\/no\/wp-json\/wp\/v2\/posts"}],"about":[{"href":"https:\/\/www.europesays.com\/no\/wp-json\/wp\/v2\/types\/post"}],"author":[{"embeddable":true,"href":"https:\/\/www.europesays.com\/no\/wp-json\/wp\/v2\/users\/2"}],"replies":[{"embeddable":true,"href":"https:\/\/www.europesays.com\/no\/wp-json\/wp\/v2\/comments?post=122559"}],"version-history":[{"count":0,"href":"https:\/\/www.europesays.com\/no\/wp-json\/wp\/v2\/posts\/122559\/revisions"}],"wp:featuredmedia":[{"embeddable":true,"href":"https:\/\/www.europesays.com\/no\/wp-json\/wp\/v2\/media\/122560"}],"wp:attachment":[{"href":"https:\/\/www.europesays.com\/no\/wp-json\/wp\/v2\/media?parent=122559"}],"wp:term":[{"taxonomy":"category","embeddable":true,"href":"https:\/\/www.europesays.com\/no\/wp-json\/wp\/v2\/categories?post=122559"},{"taxonomy":"post_tag","embeddable":true,"href":"https:\/\/www.europesays.com\/no\/wp-json\/wp\/v2\/tags?post=122559"}],"curies":[{"name":"wp","href":"https:\/\/api.w.org\/{rel}","templated":true}]}}