{"id":122561,"date":"2025-12-27T02:22:09","date_gmt":"2025-12-27T02:22:09","guid":{"rendered":"https:\/\/www.europesays.com\/no\/122561\/"},"modified":"2025-12-27T02:22:09","modified_gmt":"2025-12-27T02:22:09","slug":"snoen-skaper-flytrobbel-i-usa-1500-avganger-innstilt","status":"publish","type":"post","link":"https:\/\/www.europesays.com\/no\/122561\/","title":{"rendered":"Sn\u00f8en skaper flytr\u00f8bbel i USA \u2013 1500 avganger innstilt"},"content":{"rendered":"\n<p class=\"_lead_o9xde_2 _lead_xtcu6_50 layout-component text-serif-m layout-normal text-serif-l layout-component layout-wide layout-padded _wide_17hqh_1 layout-padded\">Vinterstormen beveger seg mot New York. N\u00e5 forbereder de seg p\u00e5 store mengder sn\u00f8. <\/p>\n<p><img alt=\"Sn\u00f8 og is skaper problemer nord\u00f8st i USA i romjulen.  Foto: KENA BETANCUR \/ AFP \/ NTB\" class=\"_image_qp4xg_65 layout-component layout-wide\" data-fullscreen- data-track-element-type=\"Article image fullscreen\" data-track-name=\"ImageFullscreen\" fetchpriority=\"high\" decoding=\"sync\" loading=\"eager\" height=\"3333\" itemprop=\"image\"  src=\"https:\/\/www.europesays.com\/no\/wp-content\/uploads\/2025\/12\/7a80d19a-9398-4fae-91e6-b8571611674a\"  style=\"object-position:0% 0%\" width=\"5000\"\/>Sn\u00f8 og is skaper problemer nord\u00f8st i USA i romjulen.  Foto: KENA BETANCUR \/ AFP \/ NTB<\/p>\n<ul aria-hidden=\"true\" class=\"_images_ntbth_112\">\n<li><a class=\"_link_ntbth_117\" href=\"https:\/\/www.vg.no\/forfatter\/anja-ariel-toernes-brekke\" style=\"z-index:2\" title=\"Anja A. T. Brekke\" rel=\"nofollow noopener\" target=\"_blank\"><img alt=\"Bilde av Anja A. T. Brekke\" class=\"_image_ntbth_93\" fetchpriority=\"low\" loading=\"lazy\" decoding=\"async\" itemprop=\"image\"  src=\"https:\/\/www.europesays.com\/no\/wp-content\/uploads\/2025\/12\/1766802128_638_064db0a6-f784-4fee-a84a-81e3f5807bb6\"  width=\"480\"\/><\/a><\/li>\n<li><a class=\"_link_ntbth_117\" href=\"https:\/\/www.vg.no\/forfatter\/ntb\" style=\"z-index:1\" title=\"NTB\" rel=\"nofollow noopener\" target=\"_blank\"><img alt=\"Bilde av NTB\" class=\"_image_ntbth_93\" fetchpriority=\"low\" loading=\"lazy\" decoding=\"async\" itemprop=\"image\"  src=\"https:\/\/www.europesays.com\/no\/wp-content\/uploads\/2025\/12\/1766802129_491_c33980b0-5d07-4027-84a1-813f90a7c8d6\"  width=\"480\"\/><\/a><\/li>\n<\/ul>\n<p> Oppdatert l\u00f8rdag 27. desember kl. 03:21     <\/p>\n<p class=\"_paragraph_o9xde_4 _paragraph_xtcu6_10 layout-component text-serif-m layout-normal text-serif-m layout-padded\">I tillegg til kraftig sn\u00f8v\u00e6r er det ventet isete veier n\u00e5r en storm som beveger seg raskt fra indre omr\u00e5der i <a href=\"https:\/\/www.vg.no\/tag\/usa?utm_source=vg-article&amp;utm_medium=auto-tagger&amp;utm_campaign=aJw8GM\" class=\"_link_o9xde_39\" rel=\"nofollow noopener\" target=\"_blank\">USA<\/a> og Canada m\u00f8ter kald luft fra Atlanteren.<\/p>\n<p class=\"_paragraph_o9xde_4 _paragraph_xtcu6_10 layout-component text-serif-m layout-normal text-serif-m layout-padded\">Over 40 millioner amerikanere bor i omr\u00e5der der det er utstedt ulike varsler knyttet til vinterv\u00e6ret, melder nyhetsbyr\u00e5et AFP. <\/p>\n<p>Massive forsinkelser<\/p>\n<p class=\"_paragraph_o9xde_4 _paragraph_xtcu6_10 layout-component text-serif-m layout-normal text-serif-m layout-padded\">I delstaten Michigan var 40.000 husstander uten str\u00f8m fredag kveld, og i New York er det ventet opp mot 150 millimeter med sn\u00f8, if\u00f8lge den nasjonale v\u00e6rvarslingen NWS.<\/p>\n<p class=\"_paragraph_o9xde_4 _paragraph_xtcu6_10 layout-component text-serif-m layout-normal text-serif-m layout-padded\">New York-guvern\u00f8r Kathy Hochul har erkl\u00e6rt unntakstilstand i deler av delstaten. <\/p>\n<p class=\"_paragraph_o9xde_4 _paragraph_xtcu6_10 layout-component text-serif-m layout-normal text-serif-m layout-padded\">\u2013 Vennligst fortsett \u00e5 f\u00f8lge lokale v\u00e6rmeldinger, unng\u00e5 un\u00f8dvendige reiser, og hvis du m\u00e5 reise, ta alle n\u00f8dvendige forholdsregler for \u00e5 komme trygt frem, sier Hochul, if\u00f8lge <a href=\"https:\/\/abcnews.go.com\/US\/dangerous-snowstorm-hitting-nyc-new-jersey-upstate-new\/story?id=128702220\" class=\"_link_o9xde_39\" rel=\"nofollow noopener\" target=\"_blank\">ABC News.<\/a><\/p>\n<p class=\"_paragraph_o9xde_4 _paragraph_xtcu6_10 layout-component text-serif-m layout-normal text-serif-m layout-padded\"><strong class=\"_strong_o9xde_25\">Se bilder fra vinterv\u00e6ret her:<\/strong><\/p>\n<p>Foto: SPENCER PLATT \/ AFP \/ NTB<\/p>\n<p class=\"_paragraph_o9xde_4 _paragraph_xtcu6_10 layout-component text-serif-m layout-normal text-serif-m layout-padded\">Ogs\u00e5 i delstatene Pennsylvania, New Jersey og Connecticut og i deler av Michigan, Massachusetts og Rhode Island er det utstedt farevarsler av ulike grad, if\u00f8lge amerikanske medier. <\/p>\n<p class=\"_paragraph_o9xde_4 _paragraph_xtcu6_10 layout-component text-serif-m layout-normal text-serif-m layout-padded\">I tillegg til 1500 innstilte flygninger, i hovedsak i New York, er det meldt om forsinkelser p\u00e5 ytterligere 6000 avganger.<\/p>\n<p>Tre d\u00f8de i California<\/p>\n<p class=\"_paragraph_o9xde_4 _paragraph_xtcu6_10 layout-component text-serif-m layout-normal text-serif-m layout-padded\">S\u00f8r\u00f8st i landet har juleh\u00f8ytiden<a href=\"https:\/\/www.vg.no\/nyheter\/i\/43qWPe\/dramatisk-jul-i-california-tre-omkommet-i-uvaeret\" data-track-element-type=\"Link\" data-track-id=\"link:43qWPe\" class=\"_link_o9xde_39\" rel=\"nofollow noopener\" target=\"_blank\"> blitt alt annet enn stille og rolig<\/a>. I California er tre personer d\u00f8de etter at en kraftig storm, med vind, regn og sn\u00f8, traff delstaten. <\/p>\n<p class=\"_paragraph_o9xde_4 _paragraph_xtcu6_10 layout-component text-serif-m layout-normal text-serif-m layout-padded\">Og uv\u00e6ret er ikke over enda. <\/p>\n<p class=\"_paragraph_o9xde_4 _paragraph_xtcu6_10 layout-component text-serif-m layout-normal text-serif-m layout-padded\">\u2013 Vi er klare. Alle mann er p\u00e5 dekk n\u00e5, sier talsperson Shawn Millerick i brannvesenet i San Bernardino fylke til\u00a0<a href=\"https:\/\/www.theguardian.com\/us-news\/2025\/dec\/26\/california-storms-wind-rain-snow\" class=\"_link_o9xde_39\" rel=\"nofollow noopener\" target=\"_blank\">The Guardian<\/a>.<\/p>\n<p>Foto: William Liang \/ AP \/ NTB<\/p>\n<p class=\"_paragraph_o9xde_4 _paragraph_xtcu6_10 layout-component text-serif-m layout-normal text-serif-m layout-padded\">Guvern\u00f8r Gavin Newsom i California har erkl\u00e6rt unntakstilstand i seks fylker for \u00e5 muliggj\u00f8re statlig bistand. Delstaten har utplasserte n\u00f8dvendige ressurser og nasjonalgarden er satt i beredskap.<\/p>\n","protected":false},"excerpt":{"rendered":"Vinterstormen beveger seg mot New York. N\u00e5 forbereder de seg p\u00e5 store mengder sn\u00f8. Sn\u00f8 og is skaper&hellip;\n","protected":false},"author":2,"featured_media":122562,"comment_status":"","ping_status":"","sticky":false,"template":"","format":"standard","meta":{"footnotes":""},"categories":[12],"tags":[20,21,24,25,15,22,23,13,30,28,29,14,16,6527,26,27,50,3230,42,6263,43,44,45],"class_list":{"0":"post-122561","1":"post","2":"type-post","3":"status-publish","4":"format-standard","5":"has-post-thumbnail","7":"category-verden","8":"tag-breaking-news","9":"tag-breakingnews","10":"tag-featured-news","11":"tag-featurednews","12":"tag-headlines","13":"tag-latest-news","14":"tag-latestnews","15":"tag-news","16":"tag-no","17":"tag-norge","18":"tag-norway","19":"tag-nyheter","20":"tag-overskrifter","21":"tag-sno","22":"tag-top-stories","23":"tag-topstories","24":"tag-usa","25":"tag-uvaer","26":"tag-verden","27":"tag-vinter","28":"tag-world","29":"tag-world-news","30":"tag-worldnews"},"share_on_mastodon":{"url":"https:\/\/pubeurope.com\/@no\/115789152083620570","error":""},"_links":{"self":[{"href":"https:\/\/www.europesays.com\/no\/wp-json\/wp\/v2\/posts\/122561","targetHints":{"allow":["GET"]}}],"collection":[{"href":"https:\/\/www.europesays.com\/no\/wp-json\/wp\/v2\/posts"}],"about":[{"href":"https:\/\/www.europesays.com\/no\/wp-json\/wp\/v2\/types\/post"}],"author":[{"embeddable":true,"href":"https:\/\/www.europesays.com\/no\/wp-json\/wp\/v2\/users\/2"}],"replies":[{"embeddable":true,"href":"https:\/\/www.europesays.com\/no\/wp-json\/wp\/v2\/comments?post=122561"}],"version-history":[{"count":0,"href":"https:\/\/www.europesays.com\/no\/wp-json\/wp\/v2\/posts\/122561\/revisions"}],"wp:featuredmedia":[{"embeddable":true,"href":"https:\/\/www.europesays.com\/no\/wp-json\/wp\/v2\/media\/122562"}],"wp:attachment":[{"href":"https:\/\/www.europesays.com\/no\/wp-json\/wp\/v2\/media?parent=122561"}],"wp:term":[{"taxonomy":"category","embeddable":true,"href":"https:\/\/www.europesays.com\/no\/wp-json\/wp\/v2\/categories?post=122561"},{"taxonomy":"post_tag","embeddable":true,"href":"https:\/\/www.europesays.com\/no\/wp-json\/wp\/v2\/tags?post=122561"}],"curies":[{"name":"wp","href":"https:\/\/api.w.org\/{rel}","templated":true}]}}