{"id":122563,"date":"2025-12-27T03:00:11","date_gmt":"2025-12-27T03:00:11","guid":{"rendered":"https:\/\/www.europesays.com\/no\/122563\/"},"modified":"2025-12-27T03:00:11","modified_gmt":"2025-12-27T03:00:11","slug":"fire-ungdommer-i-utforkjoring-med-mopedbil-i-haugesund-siste-nytt-nrk","status":"publish","type":"post","link":"https:\/\/www.europesays.com\/no\/122563\/","title":{"rendered":"Fire ungdommer i utforkj\u00f8ring med mopedbil i Haugesund \u2013 Siste nytt \u2013\u00a0NRK"},"content":{"rendered":"<p>Fire gutter p\u00e5 16 \u00e5r er tatt med til akuttmottak etter en utforkj\u00f8ring med en mopedbil i Haugesund.<\/p>\n<p>S\u00f8rvest politidistrikt fikk meldinger om saken klokka 0.44 natt til l\u00f8rdag. Skadeomfanget er ikke kjent.<\/p>\n<p>\u2013 Mopedbil som har kj\u00f8rt ut av veien og ned en skr\u00e5ning, skriver operasjonsleder Helene Strand i politiloggen.<\/p>\n<p>Mopedbilen er totalskadet. Den er if\u00f8lge politiet registrert for to personer, men de mistenker at alle de fire involverte var med p\u00e5 kj\u00f8returen.<\/p>\n<p>\u2013 F\u00f8rer vil f\u00e5 sitt f\u00f8rerkort beslaglagt som f\u00f8lge av hendelsen, opplyser operasjonslederen.<\/p>\n<p>Utforkj\u00f8ringen skjedde i omr\u00e5det ved Steinsfjellet, noen kilometer \u00f8st for Haugesund sentrum.<\/p>\n<p>(NTB)<\/p>\n","protected":false},"excerpt":{"rendered":"Fire gutter p\u00e5 16 \u00e5r er tatt med til akuttmottak etter en utforkj\u00f8ring med en mopedbil i Haugesund.&hellip;\n","protected":false},"author":2,"featured_media":62464,"comment_status":"","ping_status":"","sticky":false,"template":"","format":"standard","meta":{"footnotes":""},"categories":[5],"tags":[20,21,24,25,15,19,22,23,17,18,13,30,28,29,14,16,26,27],"class_list":{"0":"post-122563","1":"post","2":"type-post","3":"status-publish","4":"format-standard","5":"has-post-thumbnail","7":"category-overskrifter","8":"tag-breaking-news","9":"tag-breakingnews","10":"tag-featured-news","11":"tag-featurednews","12":"tag-headlines","13":"tag-hovedoppslag","14":"tag-latest-news","15":"tag-latestnews","16":"tag-main-news","17":"tag-mainnews","18":"tag-news","19":"tag-no","20":"tag-norge","21":"tag-norway","22":"tag-nyheter","23":"tag-overskrifter","24":"tag-top-stories","25":"tag-topstories"},"share_on_mastodon":{"url":"https:\/\/pubeurope.com\/@no\/115789301195536062","error":""},"_links":{"self":[{"href":"https:\/\/www.europesays.com\/no\/wp-json\/wp\/v2\/posts\/122563","targetHints":{"allow":["GET"]}}],"collection":[{"href":"https:\/\/www.europesays.com\/no\/wp-json\/wp\/v2\/posts"}],"about":[{"href":"https:\/\/www.europesays.com\/no\/wp-json\/wp\/v2\/types\/post"}],"author":[{"embeddable":true,"href":"https:\/\/www.europesays.com\/no\/wp-json\/wp\/v2\/users\/2"}],"replies":[{"embeddable":true,"href":"https:\/\/www.europesays.com\/no\/wp-json\/wp\/v2\/comments?post=122563"}],"version-history":[{"count":0,"href":"https:\/\/www.europesays.com\/no\/wp-json\/wp\/v2\/posts\/122563\/revisions"}],"wp:featuredmedia":[{"embeddable":true,"href":"https:\/\/www.europesays.com\/no\/wp-json\/wp\/v2\/media\/62464"}],"wp:attachment":[{"href":"https:\/\/www.europesays.com\/no\/wp-json\/wp\/v2\/media?parent=122563"}],"wp:term":[{"taxonomy":"category","embeddable":true,"href":"https:\/\/www.europesays.com\/no\/wp-json\/wp\/v2\/categories?post=122563"},{"taxonomy":"post_tag","embeddable":true,"href":"https:\/\/www.europesays.com\/no\/wp-json\/wp\/v2\/tags?post=122563"}],"curies":[{"name":"wp","href":"https:\/\/api.w.org\/{rel}","templated":true}]}}