{"id":122564,"date":"2025-12-27T03:12:12","date_gmt":"2025-12-27T03:12:12","guid":{"rendered":"https:\/\/www.europesays.com\/no\/122564\/"},"modified":"2025-12-27T03:12:12","modified_gmt":"2025-12-27T03:12:12","slug":"15-saret-etter-angrep-med-kniv-og-kjemikalier-i-japan","status":"publish","type":"post","link":"https:\/\/www.europesays.com\/no\/122564\/","title":{"rendered":"15 s\u00e5ret etter angrep med kniv og kjemikalier i Japan"},"content":{"rendered":"\n<p class=\"_lead_o9xde_2 _lead_xtcu6_50 layout-component text-serif-m layout-normal text-serif-l layout-component layout-wide layout-padded _wide_17hqh_1 layout-padded\">Angrepet skjedde p\u00e5 en gummifabrikk. Gjerningspersonen brukte en ukjent v\u00e6ske, som kan ha v\u00e6rt klor. <\/p>\n<p><img alt=\" Foto: YUICHI YAMAZAKI \/ AFP \/ NTB\" class=\"_image_qp4xg_65 layout-component layout-wide\" data-fullscreen- data-track-element-type=\"Article image fullscreen\" data-track-name=\"ImageFullscreen\" fetchpriority=\"high\" decoding=\"sync\" loading=\"eager\" height=\"5760\" itemprop=\"image\"  src=\"https:\/\/www.europesays.com\/no\/wp-content\/uploads\/2025\/12\/b2e66b2c-04c0-4b3a-8a0d-1081ecfeffa0\"  style=\"object-position:0% 0%\" width=\"8640\"\/> Foto: YUICHI YAMAZAKI \/ AFP \/ NTB<\/p>\n<ul aria-hidden=\"true\" class=\"_images_ntbth_112\">\n<li><a class=\"_link_ntbth_117\" href=\"https:\/\/www.vg.no\/forfatter\/einar-torkelsen\" style=\"z-index:1\" title=\"Einar Torkelsen\" rel=\"nofollow noopener\" target=\"_blank\"><img alt=\"Bilde av Einar Torkelsen\" class=\"_image_ntbth_93\" fetchpriority=\"low\" loading=\"lazy\" decoding=\"async\" itemprop=\"image\"  src=\"https:\/\/www.europesays.com\/no\/wp-content\/uploads\/2025\/12\/1766805130_509_f6016772-ddbc-43d2-b733-41afc7cc9046\"  width=\"480\"\/><\/a><\/li>\n<\/ul>\n<p> Oppdatert l\u00f8rdag 27. desember kl. 03:34     <\/p>\n<p class=\"_paragraph_o9xde_4 _paragraph_xtcu6_10 layout-component text-serif-m layout-normal text-serif-m layout-padded\">Fredag ble 15 personer s\u00e5ret i et angrep p\u00e5 en gummifabrikk i Shizuoka-omr\u00e5det i Japan.<\/p>\n<p class=\"_paragraph_o9xde_4 _paragraph_xtcu6_10 layout-component text-serif-m layout-normal text-serif-m layout-padded\">Alle 15 ble sendt til sykehus, skriver <a href=\"https:\/\/www.japantimes.co.jp\/news\/2025\/12\/26\/japan\/crime-legal\/shizuoka-stabbing-attack\/\" class=\"_link_o9xde_39\" rel=\"nofollow noopener\" target=\"_blank\">Japan Times<\/a>. De viser til en talsperson for brannvesenet. <\/p>\n<p class=\"_paragraph_o9xde_4 _paragraph_xtcu6_10 layout-component text-serif-m layout-normal text-serif-m layout-padded\">\u00c9n mann er p\u00e5grepet, mistenkt for drapsfors\u00f8k, skriver avisen. <\/p>\n<p class=\"_paragraph_o9xde_4 _paragraph_xtcu6_10 layout-component text-serif-m layout-normal text-serif-m layout-padded\">Gjerningspersonen brukte b\u00e5de kniv og en ukjent v\u00e6ske i angrepet.<\/p>\n<p class=\"_paragraph_o9xde_4 _paragraph_xtcu6_10 layout-component text-serif-m layout-normal text-serif-m layout-padded\">Motivet for angrepet er forel\u00f8pig ukjent. <\/p>\n<p>Kan ha v\u00e6rt klor<\/p>\n<p class=\"_paragraph_o9xde_4 _paragraph_xtcu6_10 layout-component text-serif-m layout-normal text-serif-m layout-padded\">Av de 15, ble \u00e5tte skadet av knivstikking, mens de syv andre ble skadet p\u00e5 grunn av v\u00e6sken.<\/p>\n<p class=\"_paragraph_o9xde_4 _paragraph_xtcu6_10 layout-component text-serif-m layout-normal text-serif-m layout-padded\">Fem av knivofrene har v\u00e6rt alvorlig skadet, skriver <a href=\"https:\/\/apnews.com\/article\/japan-stabbing-knife-factory-27851c68d86437cf0e2f70dea5286988\" class=\"_link_o9xde_39\" rel=\"nofollow noopener\" target=\"_blank\">Associated Press<\/a>. <\/p>\n<p><img alt=\"En av fabrikkens ansatte bukker til en forbikj\u00f8rende politibil.   Foto: YUICHI YAMAZAKI \/ AFP \/ NTB\" class=\"_image_qp4xg_65 layout-component layout-normal\" data-fullscreen- data-track-element-type=\"Article image fullscreen\" data-track-name=\"ImageFullscreen\" decoding=\"async\" loading=\"lazy\" height=\"5630\" itemprop=\"image\"  src=\"https:\/\/www.europesays.com\/no\/wp-content\/uploads\/2025\/12\/24ae6753-4348-4aef-a282-94e117f9b96a\"  style=\"object-position:0% 0%\" width=\"8445\"\/>En av fabrikkens ansatte bukker til en forbikj\u00f8rende politibil.   Foto: YUICHI YAMAZAKI \/ AFP \/ NTB<\/p>\n<p class=\"_paragraph_o9xde_4 _paragraph_xtcu6_10 layout-component text-serif-m layout-normal text-serif-m layout-padded\">If\u00f8lge anonyme kilder skal v\u00e6sken som ble brukt v\u00e6re klor, skriver Japan Times. <\/p>\n<p class=\"_paragraph_o9xde_4 _paragraph_xtcu6_10 layout-component text-serif-m layout-normal text-serif-m layout-padded\">V\u00e6sken skal ha blitt sprayet mot ofrene.<\/p>\n<p class=\"_paragraph_o9xde_4 _paragraph_xtcu6_10 layout-component text-serif-m layout-normal text-serif-m layout-padded\">Mannen hadde p\u00e5 seg en gassmaske, if\u00f8lge japanske medier. <\/p>\n<p class=\"_paragraph_o9xde_4 _paragraph_xtcu6_10 layout-component text-serif-m layout-normal text-serif-m layout-padded\">Kniven som ble brukt skal ha v\u00e6rt en friluftskniv. <\/p>\n<p>Produserer gummidekk<\/p>\n<p class=\"_paragraph_o9xde_4 _paragraph_xtcu6_10 layout-component text-serif-m layout-normal text-serif-m layout-padded\">Angrepet skjedde fredag ettermiddag lokal tid. <\/p>\n<p class=\"_paragraph_o9xde_4 _paragraph_xtcu6_10 layout-component text-serif-m layout-normal text-serif-m layout-padded\">En hel fl\u00e5te med ambulanser ble sendt til fabrikken etter angrepet, skriver Japan Times. <\/p>\n<p><img alt=\"Politi p\u00e5 stedet etter angrepet.   Foto: Yusuke Hashizume \/ AP \/ NTB\" class=\"_image_qp4xg_65 layout-component layout-normal\" data-fullscreen- data-track-element-type=\"Article image fullscreen\" data-track-name=\"ImageFullscreen\" decoding=\"async\" loading=\"lazy\" height=\"2645\" itemprop=\"image\"  src=\"https:\/\/www.europesays.com\/no\/wp-content\/uploads\/2025\/12\/c3aef391-3613-44eb-8700-c06c47254d61\"  style=\"object-position:0% 0%\" width=\"3968\"\/>Politi p\u00e5 stedet etter angrepet.   Foto: Yusuke Hashizume \/ AP \/ NTB<\/p>\n<p class=\"_paragraph_o9xde_4 _paragraph_xtcu6_10 layout-component text-serif-m layout-normal text-serif-m layout-padded\">Fabrikken, som heter Yokohama, produserer gummidekk og har i underkant av 1000 ansatte. <\/p>\n<p class=\"_paragraph_o9xde_4 _paragraph_xtcu6_10 layout-component text-serif-m layout-normal text-serif-m layout-padded\">Gjerningsmannens tilknytning til fabrikken er forel\u00f8pig uklar. <\/p>\n<p class=\"_paragraph_o9xde_4 _paragraph_xtcu6_10 layout-component text-serif-m layout-normal text-serif-m layout-padded\">Japan har streng v\u00e5penlovgivning. Voldskriminalitet skjer sjelden i landet, men flere knivangrep har skapt oppsikt de siste \u00e5rene, skriver AP<\/p>\n<p>Aktiver kart<\/p>\n","protected":false},"excerpt":{"rendered":"Angrepet skjedde p\u00e5 en gummifabrikk. Gjerningspersonen brukte en ukjent v\u00e6ske, som kan ha v\u00e6rt klor. Foto: YUICHI YAMAZAKI&hellip;\n","protected":false},"author":2,"featured_media":122565,"comment_status":"","ping_status":"","sticky":false,"template":"","format":"standard","meta":{"footnotes":""},"categories":[12],"tags":[5899,20,21,24,25,15,1192,148,22,23,13,30,28,29,14,16,26,27,42,43,44,45],"class_list":{"0":"post-122564","1":"post","2":"type-post","3":"status-publish","4":"format-standard","5":"has-post-thumbnail","7":"category-verden","8":"tag-asia","9":"tag-breaking-news","10":"tag-breakingnews","11":"tag-featured-news","12":"tag-featurednews","13":"tag-headlines","14":"tag-japan","15":"tag-kriminalitet","16":"tag-latest-news","17":"tag-latestnews","18":"tag-news","19":"tag-no","20":"tag-norge","21":"tag-norway","22":"tag-nyheter","23":"tag-overskrifter","24":"tag-top-stories","25":"tag-topstories","26":"tag-verden","27":"tag-world","28":"tag-world-news","29":"tag-worldnews"},"share_on_mastodon":{"url":"https:\/\/pubeurope.com\/@no\/115789348632634238","error":""},"_links":{"self":[{"href":"https:\/\/www.europesays.com\/no\/wp-json\/wp\/v2\/posts\/122564","targetHints":{"allow":["GET"]}}],"collection":[{"href":"https:\/\/www.europesays.com\/no\/wp-json\/wp\/v2\/posts"}],"about":[{"href":"https:\/\/www.europesays.com\/no\/wp-json\/wp\/v2\/types\/post"}],"author":[{"embeddable":true,"href":"https:\/\/www.europesays.com\/no\/wp-json\/wp\/v2\/users\/2"}],"replies":[{"embeddable":true,"href":"https:\/\/www.europesays.com\/no\/wp-json\/wp\/v2\/comments?post=122564"}],"version-history":[{"count":0,"href":"https:\/\/www.europesays.com\/no\/wp-json\/wp\/v2\/posts\/122564\/revisions"}],"wp:featuredmedia":[{"embeddable":true,"href":"https:\/\/www.europesays.com\/no\/wp-json\/wp\/v2\/media\/122565"}],"wp:attachment":[{"href":"https:\/\/www.europesays.com\/no\/wp-json\/wp\/v2\/media?parent=122564"}],"wp:term":[{"taxonomy":"category","embeddable":true,"href":"https:\/\/www.europesays.com\/no\/wp-json\/wp\/v2\/categories?post=122564"},{"taxonomy":"post_tag","embeddable":true,"href":"https:\/\/www.europesays.com\/no\/wp-json\/wp\/v2\/tags?post=122564"}],"curies":[{"name":"wp","href":"https:\/\/api.w.org\/{rel}","templated":true}]}}