{"id":122566,"date":"2025-12-27T03:54:10","date_gmt":"2025-12-27T03:54:10","guid":{"rendered":"https:\/\/www.europesays.com\/no\/122566\/"},"modified":"2025-12-27T03:54:10","modified_gmt":"2025-12-27T03:54:10","slug":"russland-langer-ut-mot-zelenskyj-for-ny-trump-samtale","status":"publish","type":"post","link":"https:\/\/www.europesays.com\/no\/122566\/","title":{"rendered":"Russland langer ut mot Zelenskyj f\u00f8r ny Trump-samtale"},"content":{"rendered":"\n<p class=\"_lead_o9xde_2 _lead_xtcu6_50 layout-component text-serif-m layout-normal text-serif-l layout-component layout-wide layout-padded _wide_17hqh_1 layout-padded\">Russland kritiserer Ukrainas president Volodymyr Zelenskyj for \u00e5 ville torpedere den amerikanske fredsplanen. S\u00f8ndag skal Zelenskyj m\u00f8te Donald Trump.<\/p>\n<p><img alt=\"Russlands viseutenriksminister Sergej Rjabkov langer fredag ut mot Ukraina for det han mener er \u00abradikale endringer\u00bb i utkastet til fredsplan.  Foto: Pavel Bednjakov \/ AP \/ NTB\" class=\"_image_qp4xg_65 layout-component layout-wide\" data-fullscreen- data-track-element-type=\"Article image fullscreen\" data-track-name=\"ImageFullscreen\" fetchpriority=\"high\" decoding=\"sync\" loading=\"eager\" height=\"3487\" itemprop=\"image\"  src=\"https:\/\/www.europesays.com\/no\/wp-content\/uploads\/2025\/12\/71e160fe-e56e-4f52-bdae-ad6c1998e4bc\"  style=\"object-position:0% 0%\" width=\"5229\"\/>Russlands viseutenriksminister Sergej Rjabkov langer fredag ut mot Ukraina for det han mener er \u00abradikale endringer\u00bb i utkastet til fredsplan.  Foto: Pavel Bednjakov \/ AP \/ NTB<\/p>\n<ul aria-hidden=\"true\" class=\"_images_ntbth_112\">\n<li><a class=\"_link_ntbth_117\" href=\"https:\/\/www.vg.no\/forfatter\/ntb\" style=\"z-index:1\" title=\"NTB\" rel=\"nofollow noopener\" target=\"_blank\"><img alt=\"Bilde av NTB\" class=\"_image_ntbth_93\" fetchpriority=\"low\" loading=\"lazy\" decoding=\"async\" itemprop=\"image\"  src=\"https:\/\/www.europesays.com\/no\/wp-content\/uploads\/2025\/12\/1766807650_387_c33980b0-5d07-4027-84a1-813f90a7c8d6\"  width=\"480\"\/><\/a><\/li>\n<\/ul>\n<p> Oppdatert l\u00f8rdag 27. desember kl. 04:35     <\/p>\n<p class=\"_paragraph_o9xde_4 _paragraph_xtcu6_10 layout-component text-serif-m layout-normal text-serif-m layout-padded\">Ukraina har gjort \u00abradikale endringer\u00bb i den amerikanske planen, slik at det kan bli sv\u00e6rt vanskelig \u00e5 komme fram til en avtale, hevder <a href=\"https:\/\/www.vg.no\/tag\/russland?utm_source=vg-article&amp;utm_medium=auto-tagger&amp;utm_campaign=ExWBR2\" class=\"_link_o9xde_39\" rel=\"nofollow noopener\" target=\"_blank\">Russlands<\/a> viseutenriksminister Sergej Rjabkov i et intervju med russisk fjernsyn.<\/p>\n<p class=\"_paragraph_o9xde_4 _paragraph_xtcu6_10 layout-component text-serif-m layout-normal text-serif-m layout-padded\">\u2013 Uten en passende l\u00f8sning p\u00e5 problemene som ligger til grunn for denne krisen, vil det v\u00e6re umulig \u00e5 oppn\u00e5 en endelig avtale, sier Rjabkov.<\/p>\n<p><img alt=\"S\u00f8ndag skal Trump og Zelenskyj m\u00f8tes igjen.  Foto: TOM BRENNER \/ AFP\" class=\"_image_qp4xg_65 layout-component layout-normal\" data-fullscreen- data-track-element-type=\"Article image fullscreen\" data-track-name=\"ImageFullscreen\" decoding=\"async\" loading=\"lazy\" height=\"3668\" itemprop=\"image\"  src=\"https:\/\/www.europesays.com\/no\/wp-content\/uploads\/2025\/12\/dc539157-49a7-469e-9235-1c4e18510b41\"  style=\"object-position:0% 0%\" width=\"5502\"\/>S\u00f8ndag skal Trump og Zelenskyj m\u00f8tes igjen.  Foto: TOM BRENNER \/ AFP<\/p>\n<p class=\"_paragraph_o9xde_4 _paragraph_xtcu6_10 layout-component text-serif-m layout-normal text-serif-m layout-padded\">Tidligere denne uken la Zelenskyj fram et utkast til en fredsplan p\u00e5 20-punkter, en nedskalert versjon av planen p\u00e5 28 punkter som USA tidligere har dr\u00f8ftet med russerne.<\/p>\n<p class=\"_paragraph_o9xde_4 _paragraph_xtcu6_10 layout-component text-serif-m layout-normal text-serif-m layout-padded\">Rjabkov mener det utkastet som n\u00e5 foreligger, p\u00e5 flere punkter skiller seg radikalt fra det som ble skrevet ned da en russisk delegasjon bes\u00f8kte USA tidligere m\u00e5neden. <\/p>\n<p class=\"_paragraph_o9xde_4 _paragraph_xtcu6_10 layout-component text-serif-m layout-normal layout-padded\"><strong class=\"_strong_o9xde_25\">Les ogs\u00e5:<\/strong> <a href=\"https:\/\/www.vg.no\/i\/8pmOVE\" data-track-element-type=\"Link\" data-track-id=\"link:8pmOVE\" class=\"_link_o9xde_39\" rel=\"nofollow noopener\" target=\"_blank\">Zelenskyj: Skal m\u00f8te Trump s\u00f8ndag<\/a><\/p>\n<p class=\"_paragraph_o9xde_4 _paragraph_xtcu6_10 layout-component text-serif-m layout-normal text-serif-m layout-padded\">Den russiske viseministeren anklager Ukraina og deres allierte i EU for \u00e5 ville torpedere en mulig avtale.<\/p>\n<p class=\"_paragraph_o9xde_4 _paragraph_xtcu6_10 layout-component text-serif-m layout-normal text-serif-m layout-padded\">\u2013 Muligheten v\u00e5r til \u00e5 ta det siste skrittet og komme fram til en avtale vil avhenge av v\u00e5rt eget arbeid og den politiske viljen hos den andre parten, sier Rjabkov. Han sier det kun vil v\u00e6re mulig \u00e5 inng\u00e5 en avtale dersom den holder seg innenfor de rammene USAs president Donald Trump og Russlands president Vladimir Putin fastsatte da de m\u00f8ttes i Alaska i august.<\/p>\n<p class=\"_paragraph_o9xde_4 _paragraph_xtcu6_10 layout-component text-serif-m layout-normal text-serif-m layout-padded\">Rjabkovs uttalelser kommer etter at <a href=\"https:\/\/www.vg.no\/nyheter\/i\/8pmOVE\/zelenskyj-skal-moete-trump-soendag\" data-track-element-type=\"Link\" data-track-id=\"link:8pmOVE\" class=\"_link_o9xde_39\" rel=\"nofollow noopener\" target=\"_blank\">Zelenskyj fredag kunngjorde<\/a> at han skal m\u00f8te Trump i Florida. Verken Det hvite hus eller Trump selv har bekreftet dette. <\/p>\n","protected":false},"excerpt":{"rendered":"Russland kritiserer Ukrainas president Volodymyr Zelenskyj for \u00e5 ville torpedere den amerikanske fredsplanen. S\u00f8ndag skal Zelenskyj m\u00f8te Donald&hellip;\n","protected":false},"author":2,"featured_media":122567,"comment_status":"","ping_status":"","sticky":false,"template":"","format":"standard","meta":{"footnotes":""},"categories":[12],"tags":[20,21,55,24,25,15,22,23,13,30,28,29,14,16,188,26,27,489,42,43,44,45],"class_list":{"0":"post-122566","1":"post","2":"type-post","3":"status-publish","4":"format-standard","5":"has-post-thumbnail","7":"category-verden","8":"tag-breaking-news","9":"tag-breakingnews","10":"tag-donald-trump","11":"tag-featured-news","12":"tag-featurednews","13":"tag-headlines","14":"tag-latest-news","15":"tag-latestnews","16":"tag-news","17":"tag-no","18":"tag-norge","19":"tag-norway","20":"tag-nyheter","21":"tag-overskrifter","22":"tag-russland","23":"tag-top-stories","24":"tag-topstories","25":"tag-ukraina","26":"tag-verden","27":"tag-world","28":"tag-world-news","29":"tag-worldnews"},"share_on_mastodon":{"url":"https:\/\/pubeurope.com\/@no\/115789513787892891","error":""},"_links":{"self":[{"href":"https:\/\/www.europesays.com\/no\/wp-json\/wp\/v2\/posts\/122566","targetHints":{"allow":["GET"]}}],"collection":[{"href":"https:\/\/www.europesays.com\/no\/wp-json\/wp\/v2\/posts"}],"about":[{"href":"https:\/\/www.europesays.com\/no\/wp-json\/wp\/v2\/types\/post"}],"author":[{"embeddable":true,"href":"https:\/\/www.europesays.com\/no\/wp-json\/wp\/v2\/users\/2"}],"replies":[{"embeddable":true,"href":"https:\/\/www.europesays.com\/no\/wp-json\/wp\/v2\/comments?post=122566"}],"version-history":[{"count":0,"href":"https:\/\/www.europesays.com\/no\/wp-json\/wp\/v2\/posts\/122566\/revisions"}],"wp:featuredmedia":[{"embeddable":true,"href":"https:\/\/www.europesays.com\/no\/wp-json\/wp\/v2\/media\/122567"}],"wp:attachment":[{"href":"https:\/\/www.europesays.com\/no\/wp-json\/wp\/v2\/media?parent=122566"}],"wp:term":[{"taxonomy":"category","embeddable":true,"href":"https:\/\/www.europesays.com\/no\/wp-json\/wp\/v2\/categories?post=122566"},{"taxonomy":"post_tag","embeddable":true,"href":"https:\/\/www.europesays.com\/no\/wp-json\/wp\/v2\/tags?post=122566"}],"curies":[{"name":"wp","href":"https:\/\/api.w.org\/{rel}","templated":true}]}}