{"id":122577,"date":"2025-12-27T04:27:28","date_gmt":"2025-12-27T04:27:28","guid":{"rendered":"https:\/\/www.europesays.com\/no\/122577\/"},"modified":"2025-12-27T04:27:28","modified_gmt":"2025-12-27T04:27:28","slug":"jevnaker-nyheter-tv2-roser-thorbjornrud-har-blitt-tatt-godt-imot","status":"publish","type":"post","link":"https:\/\/www.europesays.com\/no\/122577\/","title":{"rendered":"Jevnaker, Nyheter | TV2 roser Thorbj\u00f8rnrud: \u2013 Har blitt tatt godt imot"},"content":{"rendered":"\n<p>\u2013 De nye kulissene til \u00abHver gang vi m\u00f8tes\u00bb p\u00e5 Thorbj\u00f8rnrud hotel p\u00e5 Jevnaker i Hadeland, har v\u00e6rt fantastiske, sier pressesjef Jan-Petter Dahl.<\/p>\n<p>Et nyoppusset studio fikk plass p\u00e5 hotellet. Det gamle ysteriet, som ogs\u00e5 har v\u00e6rt brukt som sv\u00f8mmehall, er ikke til \u00e5 kjenne igjen.<\/p>\n<p>\u2013 Hotellet fungerte veldig bra og det nybygde studioet holdt h\u00f8y standard, fortsetter han.<\/p>\n<p>Sendes i januar<\/p>\n<p>\u2013 Det har kostet flere millioner kroner \u00e5 sette i stand dette. Heldigvis har vi mange lokale sponsorer som har v\u00e6rt med \u00e5 st\u00f8tte opp. B\u00e5de Jevnaker kommune og Kistefos er med, i tillegg til to andre kommuner. Noen leverand\u00f8rer har ogs\u00e5 v\u00e6rt med og gitt bidrag, <a href=\"https:\/\/www.hadeland.no\/snart-ankommer-kjendisene-vi-har-pusset-opp-for-millioner\/s\/5-21-1394858\" rel=\"Follow nofollow noopener\" target=\"_blank\">fortalte hotelleier Atle Brynestad til Ringerikes blad da oppussingen sto ferdig. <\/a><\/p>\n<p>   <img decoding=\"async\" width=\"2048\" height=\"1536\" fetchpriority=\"low\"  loading=\"lazy\"  src=\"https:\/\/www.europesays.com\/no\/wp-content\/uploads\/2025\/12\/Hver+gang+vi+mtes.bin\" alt=\"\" class=\"brick-c-cFOWSL\" style=\"--brick-image-ratio: 2048 \/ 1536;\"\/><\/p>\n<p>      SLIK S\u00c5 DET UT: Oppussingen har kostet flere millioner, og slik s\u00e5 studioet ut f\u00f8r de startet. P\u00e5 bildet er hotelleier Atle Brynestad (til h\u00f8yre) og Trygve R\u00f8nningen fra TV2.<br \/>\n      Foto: Ingvild Drange Tronhus, Ringerikes blad.\n    <\/p>\n<p>\u2013 Dette blir det fineste studio programmet har hatt noen gang, mente han.<\/p>\n<p>  <a href=\"https:\/\/www.hadeland.no\/5-21-1394858\" class=\"related-teaser has-image default-story-teaser article--c-eRUmMG article--c-eRUmMG-jKCPdD-design-default\" rel=\"nofollow noopener\" target=\"_blank\"><\/p>\n<p>    <img decoding=\"async\" loading=\"lazy\"  src=\"https:\/\/www.europesays.com\/no\/wp-content\/uploads\/2025\/12\/Thorbjrnrud+hotell+Hver+gang+vi+mtes.bin\" alt=\"\" class=\"brick-c-cFOWSL\" style=\"\"\/><\/p>\n<p>\n            Les ogs\u00e5<\/p>\n<p>              Snart ankommer kjendisene: \u2013 Vi har pusset opp for millioner\n        <\/p>\n<p>  <\/a><\/p>\n<p>Sesongen har premiere 3. januar, og underveis har artistene f\u00e5tt bes\u00f8ke flere steder rundt p\u00e5 Hadeland.<\/p>\n<p>\u2013 Vi har blitt tatt godt imot og artistene denne sesongen har f\u00e5tt oppleve spennende utflukter og aktiviteter n\u00e6romr\u00e5det har \u00e5 tilby. Alt dette f\u00e5r ogs\u00e5 seerne bli med p\u00e5, n\u00e5r den nye sesongen av \u00abHver gang vi m\u00f8tes\u00bb har premiere, utdyper Dahl.<\/p>\n<p>\u2013 Kommer dere tilbake neste \u00e5r?<\/p>\n<p>\u2013 Det er for tidlig \u00e5 si noe om en ny sesong, n\u00e5 gleder vi oss til premieren l\u00f8rdag 3. januar, avslutter han.<\/p>\n<p>   <img decoding=\"async\" width=\"6726\" height=\"4484\" fetchpriority=\"low\"  loading=\"lazy\"  src=\"https:\/\/www.europesays.com\/no\/wp-content\/uploads\/2025\/12\/1766809646_452__DSC8762.jpg\" alt=\"\" class=\"brick-c-cFOWSL\" style=\"--brick-image-ratio: 6726 \/ 4484;\"\/><\/p>\n<p>      JEVNAKER: Den nyeste sesongen av \u00abHver gang vi m\u00f8tes\u00bb ble spilt inn p\u00e5 Thorbj\u00f8rnrud hotell p\u00e5 Jevnaker. Dette er artistene som var med, bak fra venstre: Synne Vo, Espen Lind, Musti, Andr\u00e9 Jensen og Marcus Gunnersen. Foran fra venstre er Herborg Kr\u00e5kevik, Marit Larsen og Martinus Gunnersen.<br \/>\n      Foto: Vegard Breie\n    <\/p>\n<p>  <a href=\"https:\/\/www.hadeland.no\/5-21-1436043\" class=\"related-teaser has-image default-story-teaser article--c-eRUmMG article--c-eRUmMG-jKCPdD-design-default\" rel=\"nofollow noopener\" target=\"_blank\"><\/p>\n<p>    <img decoding=\"async\" loading=\"lazy\"  src=\"https:\/\/www.europesays.com\/no\/wp-content\/uploads\/2025\/12\/1766809647_671_image_90D3C4E0-7B12-431D-8A2B-0F671CB465DA_1765903249.jpeg\" alt=\"\" class=\"brick-c-cFOWSL\" style=\"\"\/><\/p>\n<p>\n            Les ogs\u00e5<\/p>\n<p>              Herborg Kr\u00e5kevik vil ta med familien til Hadeland: \u2013 Jeg har lyst til \u00e5 v\u00e6re der og ha fri\n        <\/p>\n<p>  <\/a><\/p>\n<p>    Vil du se neste video?<\/p>\n<p>    <a href=\"https:\/\/www.hadeland.no\/bilkortesje-for-frank-tore-bekkasen\/v\/5-21-1436162\" class=\"recommend-poster\" data-adp-clicklabel=\"video-recommend\" data-adp-clickvalue=\"poster\" rel=\"nofollow noopener\" target=\"_blank\"><br \/>\n      <img decoding=\"async\" width=\"200\" height=\"200\" loading=\"lazy\" src=\"https:\/\/www.europesays.com\/no\/wp-content\/uploads\/2025\/12\/v-i-ec389ffc-9fab-4360-8687-8907c6bcb691-1.jpg\" alt=\"\" class=\"brick-c-cFOWSL\" style=\"--brick-image-ratio: 200 \/ 200;\"\/><\/p>\n<p>Bilkortesje for Frank Tore Bekk\u00e5sen5:59<\/p>\n<p>    <\/a><\/p>\n<p>        Marit Larsen n\u00f8t utsikten og omgivelsene rundt Thorbj\u00f8rnrud under innspillingen av Hver gang vi m\u00f8tes. <\/p>\n","protected":false},"excerpt":{"rendered":"\u2013 De nye kulissene til \u00abHver gang vi m\u00f8tes\u00bb p\u00e5 Thorbj\u00f8rnrud hotel p\u00e5 Jevnaker i Hadeland, har v\u00e6rt&hellip;\n","protected":false},"author":2,"featured_media":122578,"comment_status":"","ping_status":"","sticky":false,"template":"","format":"standard","meta":{"footnotes":""},"categories":[58],"tags":[36,14539,71,3445,1972,30,28,29,14,1510,14484,72],"class_list":{"0":"post-122577","1":"post","2":"type-post","3":"status-publish","4":"format-standard","5":"has-post-thumbnail","7":"category-underholdning","8":"tag-art","9":"tag-atle-brynestad","10":"tag-entertainment","11":"tag-hver-gang-vi-motes","12":"tag-jevnaker","13":"tag-no","14":"tag-norge","15":"tag-norway","16":"tag-nyheter","17":"tag-story","18":"tag-thorbjornrud-hotell","19":"tag-underholdning"},"share_on_mastodon":{"url":"https:\/\/pubeurope.com\/@no\/115789643403860543","error":""},"_links":{"self":[{"href":"https:\/\/www.europesays.com\/no\/wp-json\/wp\/v2\/posts\/122577","targetHints":{"allow":["GET"]}}],"collection":[{"href":"https:\/\/www.europesays.com\/no\/wp-json\/wp\/v2\/posts"}],"about":[{"href":"https:\/\/www.europesays.com\/no\/wp-json\/wp\/v2\/types\/post"}],"author":[{"embeddable":true,"href":"https:\/\/www.europesays.com\/no\/wp-json\/wp\/v2\/users\/2"}],"replies":[{"embeddable":true,"href":"https:\/\/www.europesays.com\/no\/wp-json\/wp\/v2\/comments?post=122577"}],"version-history":[{"count":0,"href":"https:\/\/www.europesays.com\/no\/wp-json\/wp\/v2\/posts\/122577\/revisions"}],"wp:featuredmedia":[{"embeddable":true,"href":"https:\/\/www.europesays.com\/no\/wp-json\/wp\/v2\/media\/122578"}],"wp:attachment":[{"href":"https:\/\/www.europesays.com\/no\/wp-json\/wp\/v2\/media?parent=122577"}],"wp:term":[{"taxonomy":"category","embeddable":true,"href":"https:\/\/www.europesays.com\/no\/wp-json\/wp\/v2\/categories?post=122577"},{"taxonomy":"post_tag","embeddable":true,"href":"https:\/\/www.europesays.com\/no\/wp-json\/wp\/v2\/tags?post=122577"}],"curies":[{"name":"wp","href":"https:\/\/api.w.org\/{rel}","templated":true}]}}