{"id":122583,"date":"2025-12-27T04:33:12","date_gmt":"2025-12-27T04:33:12","guid":{"rendered":"https:\/\/www.europesays.com\/no\/122583\/"},"modified":"2025-12-27T04:33:12","modified_gmt":"2025-12-27T04:33:12","slug":"garasje-tatt-av-vinden-pa-helgeland","status":"publish","type":"post","link":"https:\/\/www.europesays.com\/no\/122583\/","title":{"rendered":"Garasje tatt av vinden p\u00e5 Helgeland"},"content":{"rendered":"\n<p class=\"_lead_o9xde_2 _lead_xtcu6_50 layout-component text-serif-m layout-normal text-serif-l layout-component layout-wide layout-padded _wide_17hqh_1 layout-padded\">N\u00e5 sl\u00e5r uv\u00e6ret inn i Nord-Norge. Utover dagen er det ventet vindkast opp i orkan styrke. <\/p>\n<p><img alt=\" Foto: Skjermbilde Windy\" class=\"_image_qp4xg_65 layout-component layout-wide\" data-fullscreen- data-track-element-type=\"Article image fullscreen\" data-track-name=\"ImageFullscreen\" fetchpriority=\"high\" decoding=\"sync\" loading=\"eager\" height=\"348\" itemprop=\"image\"  src=\"https:\/\/www.europesays.com\/no\/wp-content\/uploads\/2025\/12\/7182d1c2-ebd5-40ec-abd1-d171415925a0\"  style=\"object-position:0% 0%\" width=\"509\"\/> Foto: Skjermbilde Windy<\/p>\n<ul aria-hidden=\"true\" class=\"_images_ntbth_112\">\n<li><a class=\"_link_ntbth_117\" href=\"https:\/\/www.vg.no\/forfatter\/anja-ariel-toernes-brekke\" style=\"z-index:1\" title=\"Anja A. T. Brekke\" rel=\"nofollow noopener\" target=\"_blank\"><img alt=\"Bilde av Anja A. T. Brekke\" class=\"_image_ntbth_93\" fetchpriority=\"low\" loading=\"lazy\" decoding=\"async\" itemprop=\"image\"  src=\"https:\/\/www.europesays.com\/no\/wp-content\/uploads\/2025\/12\/1766809989_787_064db0a6-f784-4fee-a84a-81e3f5807bb6\"  width=\"480\"\/><\/a><\/li>\n<\/ul>\n<p> Oppdatert l\u00f8rdag 27. desember kl. 05:18     <\/p>\n<p class=\"_paragraph_o9xde_4 _paragraph_xtcu6_10 layout-component text-serif-m layout-normal text-serif-m layout-padded\">En garasje er blitt tatt av vinden og ligger over Nordmarkveien i Finneidfjord p\u00e5 Helgeland, melder politiet i Nordland like f\u00f8r klokken 5 l\u00f8rdag morgen. <\/p>\n<p class=\"_paragraph_o9xde_4 _paragraph_xtcu6_10 layout-component text-serif-m layout-normal text-serif-m layout-padded\">\u2013 Ikke meldt om personskader. Veien sperrer noe av veibanen og eier er varslet, skriver de. <\/p>\n<p class=\"_paragraph_o9xde_4 _paragraph_xtcu6_10 layout-component text-serif-m layout-normal text-serif-m layout-padded\">L\u00f8rdag er det ventet kraftige vindkast i store deler av landet, med de verste forholdene i nord. <\/p>\n<p class=\"_paragraph_o9xde_4 _paragraph_xtcu6_10 layout-component text-serif-m layout-normal text-serif-m layout-padded\">\u2013 Vi krysser fingrene for at ingen er ute n\u00e5 og kan bli truffet av l\u00f8se gjenstander. Det er voldsom vind der ute n\u00e5, sier operasjonsleder Kai Henrik Eriksen i Nordland politidistrikt til VG. <\/p>\n<p>E6 over Saltfjellet stengt<\/p>\n<p class=\"_paragraph_o9xde_4 _paragraph_xtcu6_10 layout-component text-serif-m layout-normal text-serif-m layout-padded\">P\u00e5 grunn av uv\u00e6ret som rammer blant annet Nordland, er E6 over Saltfjellet natt til l\u00f8rdag stengt. Det er usikkert n\u00e5r veien kan \u00e5pne igjen.<\/p>\n<p class=\"_paragraph_o9xde_4 _paragraph_xtcu6_10 layout-component text-serif-m layout-normal text-serif-m layout-padded\">Veien er stengt mellom Bolna bom og S\u00f8relva bom. Skal du reise fra s\u00f8r i landet til Nord-Norge m\u00e5 du dermed kj\u00f8re via Sverige. <\/p>\n<p><img alt=\"S\u00e5nn s\u00e5 det ut over\" class=\"_image_qp4xg_65 layout-component layout-normal\" data-fullscreen- data-track-element-type=\"Article image fullscreen\" data-track-name=\"ImageFullscreen\" decoding=\"async\" loading=\"lazy\" height=\"600\" itemprop=\"image\"  src=\"https:\/\/www.europesays.com\/no\/wp-content\/uploads\/2025\/12\/e6fdbf15-dfe4-4dd9-ae8a-7f92cecc3e7e\"  style=\"object-position:0% 0%\" width=\"800\"\/>S\u00e5nn s\u00e5 det ut over<\/p>\n<p class=\"_paragraph_o9xde_4 _paragraph_xtcu6_10 layout-component text-serif-m layout-normal text-serif-m layout-padded\">Disse <a href=\"https:\/\/www.varsom.no\/?utm_source=sdrn%3Avg%3Aarticle%3AlnAJ49\" class=\"_link_o9xde_39\" rel=\"nofollow noopener\" target=\"_blank\">farevarslene har meteorologen<\/a> sendt ut:<\/p>\n<ul class=\"_list_o9xde_3 _list_xtcu6_9 _unordered_o9xde_106 layout-component text-serif-m layout-normal text-serif-m layout-padded\">\n<li class=\"_item_o9xde_30\">Varsel om sn\u00f8fokk i deler av \u00d8st-Finnmark, oransje niv\u00e5 for Nordland og s\u00f8r i Troms<\/li>\n<li class=\"_item_o9xde_30\">Gult vindkastvarsel for resten av Troms og deler av Finnmark<\/li>\n<li class=\"_item_o9xde_30\">Gult vindkastvarsel for Innlandet og Tr\u00f8ndelag<\/li>\n<li class=\"_item_o9xde_30\">Varsel om sn\u00f8fokk i deler av \u00d8st-Finnmark<\/li>\n<\/ul>\n<p class=\"_paragraph_o9xde_4 _paragraph_xtcu6_10 layout-component text-serif-m layout-normal text-serif-m layout-padded\"><strong class=\"_strong_o9xde_25\">I Nordland og deler av S\u00f8r-Troms kan det komme vindkast p\u00e5 35\u201344 m\/s. Det er orkan styrke.<\/strong><\/p>\n<p class=\"_paragraph_o9xde_4 _paragraph_xtcu6_10 layout-component text-serif-m layout-normal text-serif-m layout-padded\">Vinden er ventet \u00e5 tilta i 5-tiden og begynne \u00e5 gi seg klokken 15. <\/p>\n<p>Innstilte ferger<\/p>\n<p class=\"_paragraph_o9xde_4 _paragraph_xtcu6_10 layout-component text-serif-m layout-normal text-serif-m layout-padded\">Flere fergeavganger i nord er p\u00e5virket av de d\u00e5rlige v\u00e6rforholdene. Blant annet gjelder det alle l\u00f8rdagens avganger mellom Bod\u00f8, R\u00f8st, V\u00e6r\u00f8y og Moskenes.<\/p>\n<p class=\"_paragraph_o9xde_4 _paragraph_xtcu6_10 layout-component text-serif-m layout-normal text-serif-m layout-padded\">Fergeavgangene mellom Bognes og L\u00f8dingen (riksvei 85) ogs\u00e5 innstilt, i tillegg til strekningene For\u00f8y\u2013\u00c5gskardet (fylkesvei 17) og Festv\u00e5g\u2013Misten (fylkesvei 834), som er forbindelsen til Kjerring\u00f8y.<\/p>\n<p class=\"_paragraph_o9xde_4 _paragraph_xtcu6_10 layout-component text-serif-m layout-normal text-serif-m layout-padded\">I Troms er fergestrekningen Stangnes\u2013S\u00f8rrollnes (fylkesvei 848), som forbinder Harstad og Rolla, stengt.<\/p>\n<p>   <img decoding=\"async\" alt=\"Tips oss illustrasjon\" src=\"https:\/\/www.europesays.com\/no\/wp-content\/uploads\/2025\/10\/pssst-small.webp.webp\"\/>    <\/p>\n<p class=\"title-serif-s\">Har du tips?<\/p>\n<p class=\"text-sans-m\">Send oss informasjon, bilder eller video.<\/p>\n<p>  <a href=\"https:\/\/www.vg.no\/tips-oss\" rel=\"nofollow noopener\" target=\"_blank\"> Tips oss <\/a>   <\/p>\n<p class=\"_paragraph_o9xde_4 _paragraph_xtcu6_10 layout-component text-serif-m layout-normal text-serif-m layout-padded\">I Vestland er det innf\u00f8rt kolonnekj\u00f8ring p\u00e5 riksvei 7 over Hardangervidda. Dette gjelder b\u00e5de sm\u00e5 og store kj\u00f8ret\u00f8y. Den gjelder mellom bommen ved Leiro i vest og Haugast\u00f8l i \u00f8st.<\/p>\n<p class=\"_paragraph_o9xde_4 _paragraph_xtcu6_10 layout-component text-serif-m layout-normal text-serif-m layout-padded\"><strong class=\"_strong_o9xde_25\">Sjekk status for alle fjellovergangene her: <\/strong><\/p>\n<p>    <img decoding=\"async\" alt=\"Tips oss illustrasjon\" src=\"https:\/\/www.europesays.com\/no\/wp-content\/uploads\/2025\/10\/pssst-small.webp.webp\"\/>    <\/p>\n<p class=\"title-serif-s\">Har du tips?<\/p>\n<p class=\"text-sans-m\">Send oss informasjon, bilder eller video.<\/p>\n<p>  <a href=\"https:\/\/www.vg.no\/tips-oss\" rel=\"nofollow noopener\" target=\"_blank\"> Tips oss <\/a>      <\/p>\n","protected":false},"excerpt":{"rendered":"N\u00e5 sl\u00e5r uv\u00e6ret inn i Nord-Norge. Utover dagen er det ventet vindkast opp i orkan styrke. Foto: Skjermbilde&hellip;\n","protected":false},"author":2,"featured_media":122584,"comment_status":"","ping_status":"","sticky":false,"template":"","format":"standard","meta":{"footnotes":""},"categories":[10],"tags":[31,20,21,24,25,15,22,23,13,30,28,29,14,16,26,27],"class_list":{"0":"post-122583","1":"post","2":"type-post","3":"status-publish","4":"format-standard","5":"has-post-thumbnail","7":"category-norge","8":"tag-breaking","9":"tag-breaking-news","10":"tag-breakingnews","11":"tag-featured-news","12":"tag-featurednews","13":"tag-headlines","14":"tag-latest-news","15":"tag-latestnews","16":"tag-news","17":"tag-no","18":"tag-norge","19":"tag-norway","20":"tag-nyheter","21":"tag-overskrifter","22":"tag-top-stories","23":"tag-topstories"},"share_on_mastodon":{"url":"https:\/\/pubeurope.com\/@no\/115789667190269638","error":""},"_links":{"self":[{"href":"https:\/\/www.europesays.com\/no\/wp-json\/wp\/v2\/posts\/122583","targetHints":{"allow":["GET"]}}],"collection":[{"href":"https:\/\/www.europesays.com\/no\/wp-json\/wp\/v2\/posts"}],"about":[{"href":"https:\/\/www.europesays.com\/no\/wp-json\/wp\/v2\/types\/post"}],"author":[{"embeddable":true,"href":"https:\/\/www.europesays.com\/no\/wp-json\/wp\/v2\/users\/2"}],"replies":[{"embeddable":true,"href":"https:\/\/www.europesays.com\/no\/wp-json\/wp\/v2\/comments?post=122583"}],"version-history":[{"count":0,"href":"https:\/\/www.europesays.com\/no\/wp-json\/wp\/v2\/posts\/122583\/revisions"}],"wp:featuredmedia":[{"embeddable":true,"href":"https:\/\/www.europesays.com\/no\/wp-json\/wp\/v2\/media\/122584"}],"wp:attachment":[{"href":"https:\/\/www.europesays.com\/no\/wp-json\/wp\/v2\/media?parent=122583"}],"wp:term":[{"taxonomy":"category","embeddable":true,"href":"https:\/\/www.europesays.com\/no\/wp-json\/wp\/v2\/categories?post=122583"},{"taxonomy":"post_tag","embeddable":true,"href":"https:\/\/www.europesays.com\/no\/wp-json\/wp\/v2\/tags?post=122583"}],"curies":[{"name":"wp","href":"https:\/\/api.w.org\/{rel}","templated":true}]}}