{"id":122587,"date":"2025-12-27T04:37:08","date_gmt":"2025-12-27T04:37:08","guid":{"rendered":"https:\/\/www.europesays.com\/no\/122587\/"},"modified":"2025-12-27T04:37:08","modified_gmt":"2025-12-27T04:37:08","slug":"ny-oppdagelse-i-et-av-universets-tommeste-omrader-har-forskere-stott-pa-et-stort-mysterium","status":"publish","type":"post","link":"https:\/\/www.europesays.com\/no\/122587\/","title":{"rendered":"Ny oppdagelse: I et av universets tommeste omr\u00e5der har forskere st\u00f8tt p\u00e5 et stort mysterium"},"content":{"rendered":"<p>For \u00e5 finne ut hva som foreg\u00e5r, tok forskerteamet under ledelse av Ignacio Trujillo fra universitetet i La Laguna noen av de dypeste bildene av galaksens ytre regioner noensinne med det nye Two-meter Twin Telescope ved Teide-observatoriet p\u00e5 Tenerife.<\/p>\n<p>Tanken var enkel: Hvis NGC6789 nylig hadde slukt en mindre galakse eller stjernehop, burde det v\u00e6re striper, buer eller andre merker i ytterkanten av dverggalaksen.<\/p>\n<p>Men verken i dverggalaksens ytre regioner eller inne i det stjernedannende senteret har forskerne funnet noen tegn p\u00e5 at den lille galaksen har slukt et mindre himmellegeme.<\/p>\n<p>Bare to mulige forklaringer gjenst\u00e5r, skriver forskerne.<\/p>\n<p><strong>Forskerne mener at universets d\u00f8dsdag er overraskende n\u00e6r \u2013 og kan inntreffe allerede i v\u00e5r levetid. Finn ut hvorfor i denne artikkelen:<\/strong><\/p>\n","protected":false},"excerpt":{"rendered":"For \u00e5 finne ut hva som foreg\u00e5r, tok forskerteamet under ledelse av Ignacio Trujillo fra universitetet i La&hellip;\n","protected":false},"author":2,"featured_media":122588,"comment_status":"","ping_status":"","sticky":false,"template":"","format":"standard","meta":{"footnotes":""},"categories":[57],"tags":[30,28,29,65,63,64,66,70,69,67,68],"class_list":{"0":"post-122587","1":"post","2":"type-post","3":"status-publish","4":"format-standard","5":"has-post-thumbnail","7":"category-vitenskap-og-teknologi","8":"tag-no","9":"tag-norge","10":"tag-norway","11":"tag-science","12":"tag-science-and-technology","13":"tag-scienceandtechnology","14":"tag-technology","15":"tag-teknologi","16":"tag-vitenskap","17":"tag-vitenskap-og-teknologi","18":"tag-vitenskapteknologi"},"share_on_mastodon":{"url":"https:\/\/pubeurope.com\/@no\/115789682888354270","error":""},"_links":{"self":[{"href":"https:\/\/www.europesays.com\/no\/wp-json\/wp\/v2\/posts\/122587","targetHints":{"allow":["GET"]}}],"collection":[{"href":"https:\/\/www.europesays.com\/no\/wp-json\/wp\/v2\/posts"}],"about":[{"href":"https:\/\/www.europesays.com\/no\/wp-json\/wp\/v2\/types\/post"}],"author":[{"embeddable":true,"href":"https:\/\/www.europesays.com\/no\/wp-json\/wp\/v2\/users\/2"}],"replies":[{"embeddable":true,"href":"https:\/\/www.europesays.com\/no\/wp-json\/wp\/v2\/comments?post=122587"}],"version-history":[{"count":0,"href":"https:\/\/www.europesays.com\/no\/wp-json\/wp\/v2\/posts\/122587\/revisions"}],"wp:featuredmedia":[{"embeddable":true,"href":"https:\/\/www.europesays.com\/no\/wp-json\/wp\/v2\/media\/122588"}],"wp:attachment":[{"href":"https:\/\/www.europesays.com\/no\/wp-json\/wp\/v2\/media?parent=122587"}],"wp:term":[{"taxonomy":"category","embeddable":true,"href":"https:\/\/www.europesays.com\/no\/wp-json\/wp\/v2\/categories?post=122587"},{"taxonomy":"post_tag","embeddable":true,"href":"https:\/\/www.europesays.com\/no\/wp-json\/wp\/v2\/tags?post=122587"}],"curies":[{"name":"wp","href":"https:\/\/api.w.org\/{rel}","templated":true}]}}