{"id":122590,"date":"2025-12-27T05:05:12","date_gmt":"2025-12-27T05:05:12","guid":{"rendered":"https:\/\/www.europesays.com\/no\/122590\/"},"modified":"2025-12-27T05:05:12","modified_gmt":"2025-12-27T05:05:12","slug":"russland-ukraina-russland-langer-ut-mot-zelenskyj-for-ny-trump-samtale","status":"publish","type":"post","link":"https:\/\/www.europesays.com\/no\/122590\/","title":{"rendered":"Russland, Ukraina | Russland langer ut mot Zelenskyj f\u00f8r ny Trump-samtale"},"content":{"rendered":"\n<p>Ukraina har gjort \u00abradikale endringer\u00bb i den amerikanske planen, slik at det kan bli sv\u00e6rt vanskelig \u00e5 komme fram til en avtale, hevder Russlands viseutenriksminister Sergej Rjabkov i et intervju med russisk fjernsyn.<\/p>\n<p>\u2013 Uten en passende l\u00f8sning p\u00e5 problemene som ligger til grunn for denne krisen, vil det v\u00e6re umulig \u00e5 oppn\u00e5 en endelig avtale, sier Rjabkov.<\/p>\n<p><b>Les ogs\u00e5: <\/b><a class=\"simple-relation related-teaser article--c-eRUmMG article--c-eRUmMG-fZoQSp-design-nettavisen article--c-eRUmMG-gwthdJ-cv\" href=\"https:\/\/www.nettavisen.no\/zelenskyj-apner-for-folkeavstemning\/s\/5-95-2798091\" rel=\"nofollow noopener\" target=\"_blank\">Zelenskyj \u00e5pner for folkeavstemning<\/a><\/p>\n<p>Tidligere denne uken la Zelenskyj fram et utkast til en fredsplan p\u00e5 20-punkter, en nedskalert versjon av planen p\u00e5 28 punkter som USA tidligere har dr\u00f8ftet med russerne.<\/p>\n<p>Rjabkov mener det utkastet som n\u00e5 foreligger, p\u00e5 fler punkter skiller seg radikalt fra det som ble skrevet ned da en russisk delegasjon bes\u00f8kte USA tidligere m\u00e5neden. Den russiske viseministeren anklager Ukraina og deres allierte i EU for \u00e5 ville torpedere en mulig avtale.<\/p>\n<p><b>Les ogs\u00e5: <\/b><\/p>\n<p>    Vil du se neste video?<\/p>\n<p>    <a href=\"https:\/\/www.nettavisen.no\/nyheter\/stripper-pa-string-showbar-i-oslo-avslorer-slik-far-jeg-mest-tips-i-trusa\/v\/5-95-2772941\" class=\"recommend-poster\" data-adp-clicklabel=\"video-recommend\" data-adp-clickvalue=\"poster\" rel=\"nofollow noopener\" target=\"_blank\"><br \/>\n      <img decoding=\"async\" width=\"200\" height=\"200\" loading=\"lazy\" src=\"https:\/\/www.europesays.com\/no\/wp-content\/uploads\/2025\/12\/Stripper+til+cue.jpg\" alt=\"\" class=\"brick-c-cFOWSL\" style=\"--brick-image-ratio: 200 \/ 200;\"\/><\/p>\n<p>Stripper avsl\u00f8rer: \u2013 Slik f\u00e5r jeg mest tips i trusa1:46<\/p>\n<p>    <\/a><\/p>\n<p>        Russlands president Vladimir Putin holdt ikke tilbake p\u00e5 kritikken mot Europa, under et m\u00f8te med det russiske forsvarsdepartementet 17. desember.<\/p>\n<p>\u2013 Muligheten v\u00e5r til \u00e5 ta det siste skrittet og komme fram til en avtale vil avhenge av v\u00e5rt eget arbeid og den politiske viljen hos den andre parten, sier Rjabkov. Han sier det kun vil v\u00e6re mulig \u00e5 inng\u00e5 en avtale dersom den holder seg innenfor de rammene USAs president Donald Trump og Russlands president Vladimir Putin fastsatte da de m\u00f8ttes i Alaska i august.<\/p>\n<p>Rjabkovs uttalelser kommer etter at Zelenskyj fredag kunngjorde at han skal m\u00f8te Trump i Florida.<\/p>\n<p>Natt til l\u00f8rdag norsk tid bekreftet Det hvite hus m\u00f8tet mellom de to presidentene i Palm Beach.<\/p>\n<p>  <a href=\"https:\/\/www.nettavisen.no\/5-95-2797235\" class=\"related-teaser has-image nettavisen-story-teaser article--c-eRUmMG article--c-eRUmMG-fZoQSp-design-nettavisen article--c-eRUmMG-eTlODu-cv\" rel=\"nofollow noopener\" target=\"_blank\"><\/p>\n<p>    <img decoding=\"async\" loading=\"lazy\"  src=\"https:\/\/www.europesays.com\/no\/wp-content\/uploads\/2025\/12\/Vladimir+Putin+2025.jpg\" alt=\"\" class=\"brick-c-cFOWSL\" style=\"\"\/><\/p>\n<p>\n            Les ogs\u00e5<\/p>\n<p>              Sl\u00e5r Russland-alarm: Europa er ikke klare\n        <\/p>\n<p>  <\/a><\/p>\n","protected":false},"excerpt":{"rendered":"Ukraina har gjort \u00abradikale endringer\u00bb i den amerikanske planen, slik at det kan bli sv\u00e6rt vanskelig \u00e5 komme&hellip;\n","protected":false},"author":2,"featured_media":122591,"comment_status":"","ping_status":"","sticky":false,"template":"","format":"standard","meta":{"footnotes":""},"categories":[12],"tags":[20,21,24,25,15,22,23,13,30,28,29,14,16,26,27,42,43,44,45],"class_list":{"0":"post-122590","1":"post","2":"type-post","3":"status-publish","4":"format-standard","5":"has-post-thumbnail","7":"category-verden","8":"tag-breaking-news","9":"tag-breakingnews","10":"tag-featured-news","11":"tag-featurednews","12":"tag-headlines","13":"tag-latest-news","14":"tag-latestnews","15":"tag-news","16":"tag-no","17":"tag-norge","18":"tag-norway","19":"tag-nyheter","20":"tag-overskrifter","21":"tag-top-stories","22":"tag-topstories","23":"tag-verden","24":"tag-world","25":"tag-world-news","26":"tag-worldnews"},"share_on_mastodon":{"url":"https:\/\/pubeurope.com\/@no\/115789793033342372","error":""},"_links":{"self":[{"href":"https:\/\/www.europesays.com\/no\/wp-json\/wp\/v2\/posts\/122590","targetHints":{"allow":["GET"]}}],"collection":[{"href":"https:\/\/www.europesays.com\/no\/wp-json\/wp\/v2\/posts"}],"about":[{"href":"https:\/\/www.europesays.com\/no\/wp-json\/wp\/v2\/types\/post"}],"author":[{"embeddable":true,"href":"https:\/\/www.europesays.com\/no\/wp-json\/wp\/v2\/users\/2"}],"replies":[{"embeddable":true,"href":"https:\/\/www.europesays.com\/no\/wp-json\/wp\/v2\/comments?post=122590"}],"version-history":[{"count":0,"href":"https:\/\/www.europesays.com\/no\/wp-json\/wp\/v2\/posts\/122590\/revisions"}],"wp:featuredmedia":[{"embeddable":true,"href":"https:\/\/www.europesays.com\/no\/wp-json\/wp\/v2\/media\/122591"}],"wp:attachment":[{"href":"https:\/\/www.europesays.com\/no\/wp-json\/wp\/v2\/media?parent=122590"}],"wp:term":[{"taxonomy":"category","embeddable":true,"href":"https:\/\/www.europesays.com\/no\/wp-json\/wp\/v2\/categories?post=122590"},{"taxonomy":"post_tag","embeddable":true,"href":"https:\/\/www.europesays.com\/no\/wp-json\/wp\/v2\/tags?post=122590"}],"curies":[{"name":"wp","href":"https:\/\/api.w.org\/{rel}","templated":true}]}}