{"id":122592,"date":"2025-12-27T05:12:15","date_gmt":"2025-12-27T05:12:15","guid":{"rendered":"https:\/\/www.europesays.com\/no\/122592\/"},"modified":"2025-12-27T05:12:15","modified_gmt":"2025-12-27T05:12:15","slug":"russland-gir-milliardlan-til-tyrkisk-atomkraftverk","status":"publish","type":"post","link":"https:\/\/www.europesays.com\/no\/122592\/","title":{"rendered":"Russland gir milliardl\u00e5n til tyrkisk atomkraftverk"},"content":{"rendered":"<p class=\"txt-ind\">Atomkraftverket bygges av Russlands statlige atomenergiselskap Rosatom og skal if\u00f8lge tyrkiske myndigheter komme i drift i l\u00f8pet av 2026.<\/p>\n<p class=\"txt-ind\">Avtalen om bygging av Tyrkias f\u00f8rste atomkraftverk ble inng\u00e5tt i 2010. Kraftverket ligger i Mersin-provinsen s\u00f8r i Tyrkia, og prislappen skal v\u00e6re p\u00e5 rundt 200 milliarder kroner.<\/p>\n<p class=\"txt-ind\">If\u00f8lge Tyrkias energiminister Alparslan Bayraktar er landet n\u00e5 i samtaler med b\u00e5de Russland, USA, S\u00f8r-Korea og Kina om bygging av atomkraftverk i Sinop-provinsen og Trakia-regionen.<\/p>\n<p class=\"txt-ind\">Tyrkia er ogs\u00e5 i samtaler med Saudi-Arabias ACWA Power om utbygging av solkraftanlegg som skal forsyne landet med til sammen 5000 megawatt.<\/p>\n<p class=\"txt-ind\">\u2013 Vi diskuterer et prosjekt om sol og lagring med enda et selskap fra Golfen. Investeringskostnaden for dette blir p\u00e5 mellom 1,5 og 2 milliarder dollar, sier Bayraktar.<\/p>\n<p><a class=\"group clear-both w-full !no-underline my-8 sm:my-12 bg-stone-50 dark:bg-brandStone-700 dark:text-brandNeutral-100 flex items-stretch flex-nowrap\" href=\"https:\/\/www.tu.no\/artikler\/dette-er-stores-plan-for-norge-de-neste-arene\/566024\" rel=\"nofollow noopener\" target=\"_blank\"><img decoding=\"async\" class=\" object-cover h-full w-full transition-transform duration-700 ease-in-out group-hover:scale-[1.05] will-change-transform\" src=\"https:\/\/www.europesays.com\/no\/wp-content\/uploads\/2025\/12\/1766812335_277_NTB_OAwIRM0QIOY.jpg\"  alt=\"Statsminister Jonas Gahr St\u00f8re legger mandag fram sin nye plan for Norge.\" loading=\"lazy\"\/><\/p>\n<p>Les ogs\u00e5:<\/p>\n<p class=\"group-hover:underline text-brandNeutral-900 dark:text-brandNeutral-100 mt-2 text-base sm:text-xl leading-5 sm:leading-6 font-bold\">Dette er St\u00f8res plan for Norge de neste \u00e5rene<\/p>\n<p><\/a><\/p>\n","protected":false},"excerpt":{"rendered":"Atomkraftverket bygges av Russlands statlige atomenergiselskap Rosatom og skal if\u00f8lge tyrkiske myndigheter komme i drift i l\u00f8pet av&hellip;\n","protected":false},"author":2,"featured_media":122593,"comment_status":"","ping_status":"","sticky":false,"template":"","format":"standard","meta":{"footnotes":""},"categories":[12],"tags":[381,20,21,382,24,25,15,409,22,23,13,30,28,29,14,16,26,27,42,43,44,45],"class_list":{"0":"post-122592","1":"post","2":"type-post","3":"status-publish","4":"format-standard","5":"has-post-thumbnail","7":"category-verden","8":"tag-atomkraft","9":"tag-breaking-news","10":"tag-breakingnews","11":"tag-energi","12":"tag-featured-news","13":"tag-featurednews","14":"tag-headlines","15":"tag-kjernekraft","16":"tag-latest-news","17":"tag-latestnews","18":"tag-news","19":"tag-no","20":"tag-norge","21":"tag-norway","22":"tag-nyheter","23":"tag-overskrifter","24":"tag-top-stories","25":"tag-topstories","26":"tag-verden","27":"tag-world","28":"tag-world-news","29":"tag-worldnews"},"share_on_mastodon":{"url":"https:\/\/pubeurope.com\/@no\/115789820465727231","error":""},"_links":{"self":[{"href":"https:\/\/www.europesays.com\/no\/wp-json\/wp\/v2\/posts\/122592","targetHints":{"allow":["GET"]}}],"collection":[{"href":"https:\/\/www.europesays.com\/no\/wp-json\/wp\/v2\/posts"}],"about":[{"href":"https:\/\/www.europesays.com\/no\/wp-json\/wp\/v2\/types\/post"}],"author":[{"embeddable":true,"href":"https:\/\/www.europesays.com\/no\/wp-json\/wp\/v2\/users\/2"}],"replies":[{"embeddable":true,"href":"https:\/\/www.europesays.com\/no\/wp-json\/wp\/v2\/comments?post=122592"}],"version-history":[{"count":0,"href":"https:\/\/www.europesays.com\/no\/wp-json\/wp\/v2\/posts\/122592\/revisions"}],"wp:featuredmedia":[{"embeddable":true,"href":"https:\/\/www.europesays.com\/no\/wp-json\/wp\/v2\/media\/122593"}],"wp:attachment":[{"href":"https:\/\/www.europesays.com\/no\/wp-json\/wp\/v2\/media?parent=122592"}],"wp:term":[{"taxonomy":"category","embeddable":true,"href":"https:\/\/www.europesays.com\/no\/wp-json\/wp\/v2\/categories?post=122592"},{"taxonomy":"post_tag","embeddable":true,"href":"https:\/\/www.europesays.com\/no\/wp-json\/wp\/v2\/tags?post=122592"}],"curies":[{"name":"wp","href":"https:\/\/api.w.org\/{rel}","templated":true}]}}