{"id":122594,"date":"2025-12-27T05:14:17","date_gmt":"2025-12-27T05:14:17","guid":{"rendered":"https:\/\/www.europesays.com\/no\/122594\/"},"modified":"2025-12-27T05:14:17","modified_gmt":"2025-12-27T05:14:17","slug":"kronprinsesse-mette-marit-om-utfordringene-med-sonnens-rettssak","status":"publish","type":"post","link":"https:\/\/www.europesays.com\/no\/122594\/","title":{"rendered":"Kronprinsesse Mette-Marit om utfordringene med s\u00f8nnens rettssak"},"content":{"rendered":"<p class=\"kicker \" style=\"\">\u00ab\u00c5ret med kongefamilien\u00bb:<\/p>\n<p>  Kronprinsessen \u00e5pner opp i NRK-programmet \u00ab\u00c5ret med kongefamilien\u00bb.<\/p>\n<p>Jula er en h\u00f8ytid proppfull av tradisjoner, og hva vi ser p\u00e5 TV er blitt en del av det.\u00a0<\/p>\n<p>Statskanalen har i ei \u00e5rrekke vist programmet \u00ab\u00c5ret med kongefamilien\u00bb, hvis tittel egentlig er ganske selvbeskrivende. Seerne f\u00e5r et tilbakeblikk p\u00e5 kongefamiliens \u00e5r og virke, ispedd ferske intervjuer med noen av de kongelige.<\/p>\n<p>    <a itemprop=\"url\" href=\"https:\/\/www.dagbladet.no\/kjendis\/har-blitt-vare-merket-hennes\/84026748\" rel=\"nofollow noopener\" target=\"_blank\"><\/p>\n<p>        <img loading=\"lazy\" decoding=\"async\" src=\"https:\/\/www.europesays.com\/no\/wp-content\/uploads\/2025\/12\/1766812456_637_84026897.webp\" width=\"980\" height=\"441\" title=\"- Har blitt vare-merket hennes\" alt=\"\" class=\"\" style=\"--aspect-ratio-image: 2.22; \"\/><\/p>\n<p>        &#8211; Har blitt vare-merket hennes<\/p>\n<p>    <\/a><\/p>\n<p>Blant temaene i \u00e5rets program er den kommende rettssaken mot Marius Borg H\u00f8iby.\u00a0August 2024 ble han p\u00e5grepet etter en voldshendelse p\u00e5 Frogner, og skal i februar 2026 stilles for retten &#8211; tiltalt for 32 punkter.<\/p>\n<p>I programmet deler hans mor, kronprinsesse Mette-Marit, en uttalelse om saken, og hvordan hun selv har blitt framstilt i mediene i forbindelse med h\u00e5ndteringen av den.\u00a0<\/p>\n<p>        DUKKET OPP: Mandag kveld er kronprinsesse Mette-Marit (52) tilbake p\u00e5 jobb, og til stede hos Kulturkirken Jakob i Oslo. Her arrangerer NRK-podkasten \u00abLeseklubben\u00bb h\u00f8ytlesing av boka \u00abStargate\u00bb &#8211; en julefortelling. Reporter\/video: Brage Hegg\u00f8y<\/p>\n<p>&#8211; Jeg synes det har v\u00e6rt ganske krevende \u00e5 bli beskyldt for s\u00e5pass alvorlige ting, som jeg selvf\u00f8lgelig ikke har gjort, sier kronprinsessen i \u00ab\u00c5ret med kongefamilien\u00bb.<\/p>\n<p>&#8211; Det jeg kanskje blir mest lei meg for, er jo \u00e5 bli kritisert for hvordan vi har h\u00e5ndtert det som foreldre. At vi ikke har tatt det p\u00e5 alvor. Det synes jeg er vanskelig.<\/p>\n<p>    <a itemprop=\"url\" href=\"https:\/\/www.dagbladet.no\/kjendis\/spennende-a-se\/83995378\" rel=\"nofollow noopener\" target=\"_blank\"><\/p>\n<p>        <img loading=\"lazy\" decoding=\"async\" src=\"https:\/\/www.europesays.com\/no\/wp-content\/uploads\/2025\/12\/83998826.webp\" width=\"980\" height=\"441\" title=\"- Spennende \u00e5 se\" alt=\"\" class=\"lazyload\" style=\"--aspect-ratio-image: 2.22; \"\/><\/p>\n<p>        &#8211; Spennende \u00e5 se<\/p>\n<p>    <\/a><\/p>\n<p>Hun \u00f8nsker ikke \u00e5 g\u00e5 i n\u00e6rmere detalj om hvilke anklager det gjelder.\u00a0<\/p>\n<p>Kronprisessen understreker hvor s\u00e5bart det er \u00e5 v\u00e6re en forelder, og hvor \u00abutrolig mye selvbebreidelse\u00bb man kjenner p\u00e5 i en slik situasjon.<\/p>\n<p>        FORRVERRET: Fredag morgen ble det kjent at kronprinsesse Mette-Marits lungesykdom har blitt kraftig forverret. Overlege Are Martin Holm forteller om en mulig operasjon til NRK.<br \/>\nVideo: NRK <\/p>\n<p>&#8211; Og det \u00e5 bli s\u00e5 hardt kritisert i en situasjon hvor vi har pr\u00f8vd \u00e5 gj\u00f8re s\u00e5 godt vi har kunnet og s\u00f8kt profesjonell hjelp&#8230; Vi har tatt den hjelpen, vi har f\u00e5tt hjelp&#8230; S\u00e5 det kjennes litt urettferdig ut. Det at vi ikke har tatt situasjonen p\u00e5 alvor. For det mener jeg vi har.<\/p>\n<p>Kongeparet forteller at de ogs\u00e5 er preget av saken, og at de h\u00e5per at de ber\u00f8rte f\u00e5r det bedre etter rettssaken<\/p>\n","protected":false},"excerpt":{"rendered":"\u00ab\u00c5ret med kongefamilien\u00bb: Kronprinsessen \u00e5pner opp i NRK-programmet \u00ab\u00c5ret med kongefamilien\u00bb. Jula er en h\u00f8ytid proppfull av tradisjoner,&hellip;\n","protected":false},"author":2,"featured_media":122595,"comment_status":"","ping_status":"","sticky":false,"template":"","format":"standard","meta":{"footnotes":""},"categories":[5],"tags":[14540,20,21,24,25,15,19,479,2293,22,23,17,18,13,30,28,29,14,16,4187,26,27],"class_list":{"0":"post-122594","1":"post","2":"type-post","3":"status-publish","4":"format-standard","5":"has-post-thumbnail","7":"category-overskrifter","8":"tag-aret-med-kongefamilien","9":"tag-breaking-news","10":"tag-breakingnews","11":"tag-featured-news","12":"tag-featurednews","13":"tag-headlines","14":"tag-hovedoppslag","15":"tag-kjendis","16":"tag-kronprinsesse-mette-marit","17":"tag-latest-news","18":"tag-latestnews","19":"tag-main-news","20":"tag-mainnews","21":"tag-news","22":"tag-no","23":"tag-norge","24":"tag-norway","25":"tag-nyheter","26":"tag-overskrifter","27":"tag-rettssak","28":"tag-top-stories","29":"tag-topstories"},"share_on_mastodon":{"url":"https:\/\/pubeurope.com\/@no\/115789828632923402","error":""},"_links":{"self":[{"href":"https:\/\/www.europesays.com\/no\/wp-json\/wp\/v2\/posts\/122594","targetHints":{"allow":["GET"]}}],"collection":[{"href":"https:\/\/www.europesays.com\/no\/wp-json\/wp\/v2\/posts"}],"about":[{"href":"https:\/\/www.europesays.com\/no\/wp-json\/wp\/v2\/types\/post"}],"author":[{"embeddable":true,"href":"https:\/\/www.europesays.com\/no\/wp-json\/wp\/v2\/users\/2"}],"replies":[{"embeddable":true,"href":"https:\/\/www.europesays.com\/no\/wp-json\/wp\/v2\/comments?post=122594"}],"version-history":[{"count":0,"href":"https:\/\/www.europesays.com\/no\/wp-json\/wp\/v2\/posts\/122594\/revisions"}],"wp:featuredmedia":[{"embeddable":true,"href":"https:\/\/www.europesays.com\/no\/wp-json\/wp\/v2\/media\/122595"}],"wp:attachment":[{"href":"https:\/\/www.europesays.com\/no\/wp-json\/wp\/v2\/media?parent=122594"}],"wp:term":[{"taxonomy":"category","embeddable":true,"href":"https:\/\/www.europesays.com\/no\/wp-json\/wp\/v2\/categories?post=122594"},{"taxonomy":"post_tag","embeddable":true,"href":"https:\/\/www.europesays.com\/no\/wp-json\/wp\/v2\/tags?post=122594"}],"curies":[{"name":"wp","href":"https:\/\/api.w.org\/{rel}","templated":true}]}}