{"id":122596,"date":"2025-12-27T05:19:18","date_gmt":"2025-12-27T05:19:18","guid":{"rendered":"https:\/\/www.europesays.com\/no\/122596\/"},"modified":"2025-12-27T05:19:18","modified_gmt":"2025-12-27T05:19:18","slug":"russland-ma-bremse-vapeneksporten-finansavisen","status":"publish","type":"post","link":"https:\/\/www.europesays.com\/no\/122596\/","title":{"rendered":"Russland m\u00e5 bremse v\u00e5peneksporten | Finansavisen"},"content":{"rendered":"<p>\u00c5rsaken til dette er at behovene til russiske styrker i Ukraina m\u00e5 prioriteres, sier han til Interfax.<\/p>\n<p><b>Russlands v\u00e5peneksport har falt med 64 prosent de siste fem \u00e5rene, men landet i fjor fortsatt verdens tredje st\u00f8rste eksport\u00f8r av v\u00e5pen og milit\u00e6rt materiell.<\/b><\/p>\n<p>If\u00f8lge <a href=\"https:\/\/www.sipri.org\/sites\/default\/files\/2025-03\/fs_2503_at_2024_0.pdf\" target=\"_blank\" rel=\"nofollow noopener\">Stockholm International Peace Research Institute (Sipri)<\/a> sto Russland i fjor for 7,8 prosent av all v\u00e5peneksport i verden.<\/p>\n<p>To tredeler av den russiske eksporten gikk til India, Kina og Kasakhstan.<\/p>\n","protected":false},"excerpt":{"rendered":"\u00c5rsaken til dette er at behovene til russiske styrker i Ukraina m\u00e5 prioriteres, sier han til Interfax. Russlands&hellip;\n","protected":false},"author":2,"featured_media":122597,"comment_status":"","ping_status":"","sticky":false,"template":"","format":"standard","meta":{"footnotes":""},"categories":[12],"tags":[20,21,24,25,15,22,23,13,30,28,29,14,16,26,27,42,43,44,45],"class_list":{"0":"post-122596","1":"post","2":"type-post","3":"status-publish","4":"format-standard","5":"has-post-thumbnail","7":"category-verden","8":"tag-breaking-news","9":"tag-breakingnews","10":"tag-featured-news","11":"tag-featurednews","12":"tag-headlines","13":"tag-latest-news","14":"tag-latestnews","15":"tag-news","16":"tag-no","17":"tag-norge","18":"tag-norway","19":"tag-nyheter","20":"tag-overskrifter","21":"tag-top-stories","22":"tag-topstories","23":"tag-verden","24":"tag-world","25":"tag-world-news","26":"tag-worldnews"},"share_on_mastodon":{"url":"https:\/\/pubeurope.com\/@no\/115789847766719817","error":""},"_links":{"self":[{"href":"https:\/\/www.europesays.com\/no\/wp-json\/wp\/v2\/posts\/122596","targetHints":{"allow":["GET"]}}],"collection":[{"href":"https:\/\/www.europesays.com\/no\/wp-json\/wp\/v2\/posts"}],"about":[{"href":"https:\/\/www.europesays.com\/no\/wp-json\/wp\/v2\/types\/post"}],"author":[{"embeddable":true,"href":"https:\/\/www.europesays.com\/no\/wp-json\/wp\/v2\/users\/2"}],"replies":[{"embeddable":true,"href":"https:\/\/www.europesays.com\/no\/wp-json\/wp\/v2\/comments?post=122596"}],"version-history":[{"count":0,"href":"https:\/\/www.europesays.com\/no\/wp-json\/wp\/v2\/posts\/122596\/revisions"}],"wp:featuredmedia":[{"embeddable":true,"href":"https:\/\/www.europesays.com\/no\/wp-json\/wp\/v2\/media\/122597"}],"wp:attachment":[{"href":"https:\/\/www.europesays.com\/no\/wp-json\/wp\/v2\/media?parent=122596"}],"wp:term":[{"taxonomy":"category","embeddable":true,"href":"https:\/\/www.europesays.com\/no\/wp-json\/wp\/v2\/categories?post=122596"},{"taxonomy":"post_tag","embeddable":true,"href":"https:\/\/www.europesays.com\/no\/wp-json\/wp\/v2\/tags?post=122596"}],"curies":[{"name":"wp","href":"https:\/\/api.w.org\/{rel}","templated":true}]}}