{"id":122598,"date":"2025-12-27T05:26:12","date_gmt":"2025-12-27T05:26:12","guid":{"rendered":"https:\/\/www.europesays.com\/no\/122598\/"},"modified":"2025-12-27T05:26:12","modified_gmt":"2025-12-27T05:26:12","slug":"thailand-og-kambodsja-har-signert-avtale-om-vapenhvile","status":"publish","type":"post","link":"https:\/\/www.europesays.com\/no\/122598\/","title":{"rendered":"Thailand og Kambodsja har signert avtale om v\u00e5penhvile"},"content":{"rendered":"\n<p class=\"_lead_o9xde_2 _lead_xtcu6_50 layout-component text-serif-m layout-normal text-serif-l layout-component layout-wide layout-padded _wide_17hqh_1 layout-padded\">Avtalen skjer etter flere uker med harde kamper mellom de to landene. <\/p>\n<p><img alt=\"Fordrevne mennesker f\u00e5r midlertidig husly  i Buriram-provinsen, Thailand, 16. desember 2025.  Foto: ATHIT PERAWONGMETHA \/ Reuters \/ NTB\" class=\"_image_qp4xg_65 layout-component layout-wide\" data-fullscreen- data-track-element-type=\"Article image fullscreen\" data-track-name=\"ImageFullscreen\" fetchpriority=\"high\" decoding=\"sync\" loading=\"eager\" height=\"5464\" itemprop=\"image\"  src=\"https:\/\/www.europesays.com\/no\/wp-content\/uploads\/2025\/12\/8cef70bd-b4ec-4460-a0a0-0d1c37477fab\"  style=\"object-position:0% 0%\" width=\"8192\"\/>Fordrevne mennesker f\u00e5r midlertidig husly  i Buriram-provinsen, Thailand, 16. desember 2025.  Foto: ATHIT PERAWONGMETHA \/ Reuters \/ NTB<\/p>\n<ul aria-hidden=\"true\" class=\"_images_ntbth_112\">\n<li><a class=\"_link_ntbth_117\" href=\"https:\/\/www.vg.no\/forfatter\/ntb\" style=\"z-index:2\" title=\"NTB\" rel=\"nofollow noopener\" target=\"_blank\"><img alt=\"Bilde av NTB\" class=\"_image_ntbth_93\" fetchpriority=\"low\" loading=\"lazy\" decoding=\"async\" itemprop=\"image\"  src=\"https:\/\/www.europesays.com\/no\/wp-content\/uploads\/2025\/12\/1766813170_508_c33980b0-5d07-4027-84a1-813f90a7c8d6\"  width=\"480\"\/><\/a><\/li>\n<li><a class=\"_link_ntbth_117\" href=\"https:\/\/www.vg.no\/forfatter\/anja-ariel-toernes-brekke\" style=\"z-index:1\" title=\"Anja A. T. Brekke\" rel=\"nofollow noopener\" target=\"_blank\"><img alt=\"Bilde av Anja A. T. Brekke\" class=\"_image_ntbth_93\" fetchpriority=\"low\" loading=\"lazy\" decoding=\"async\" itemprop=\"image\"  src=\"https:\/\/www.europesays.com\/no\/wp-content\/uploads\/2025\/12\/1766813170_597_064db0a6-f784-4fee-a84a-81e3f5807bb6\"  width=\"480\"\/><\/a><\/li>\n<\/ul>\n<p> Oppdatert l\u00f8rdag 27. desember kl. 05:24     <\/p>\n<p class=\"_paragraph_o9xde_4 _paragraph_xtcu6_10 layout-component text-serif-m layout-normal text-serif-m layout-padded\">Thailand og <a href=\"https:\/\/www.vg.no\/tag\/kambodsja?utm_source=vg-article&amp;utm_medium=auto-tagger&amp;utm_campaign=43qrmV\" class=\"_link_o9xde_39\" rel=\"nofollow noopener\" target=\"_blank\">Kambodsja<\/a> har signert en v\u00e5penhvileavtale l\u00f8rdag, opplyser det kambodsjanske forsvarsdepartementet i en uttalelse. <\/p>\n<p class=\"_paragraph_o9xde_4 _paragraph_xtcu6_10 layout-component text-serif-m layout-normal text-serif-m layout-padded\">Partene er enige om umiddelbar stans i kamphandlingene fra klokken 12 l\u00f8rdag formiddag, det vil si klokken 6 om morgenen norsk tid.<\/p>\n<p class=\"_paragraph_o9xde_4 _paragraph_xtcu6_10 layout-component text-serif-m layout-normal text-serif-m layout-padded\">Det er enighet om at sivile p\u00e5 begge sider av grensen kan vende hjem. De milit\u00e6re styrkene som er utplassert, blir v\u00e6rende og skal ikke forflyttes.<\/p>\n<p class=\"_paragraph_o9xde_4 _paragraph_xtcu6_10 layout-component text-serif-m layout-normal text-serif-m layout-padded\">Dersom v\u00e5penhvilen holder i 72 timer, det vil si fram til tirsdag, skal Thailand overlevere 18 kambodsjanske soldater, heter det i uttalelsen.<\/p>\n<p class=\"_paragraph_o9xde_4 _paragraph_xtcu6_10 layout-component text-serif-m layout-normal text-serif-m layout-padded\">De siste ukene har det v\u00e6rt kamper langs grensen mellom de to landene etter at en hundre \u00e5r gammel grensekonflikt blusset opp igjen.<\/p>\n<p class=\"_paragraph_o9xde_4 _paragraph_xtcu6_10 layout-component text-serif-m layout-normal text-serif-m layout-padded\">Over 40 mennesker er drept i trefningene, som har v\u00e6rt de verste siden forrige v\u00e5penhvile ble inng\u00e5tt i juli, og rundt en million er evakuert.<\/p>\n<p class=\"_paragraph_o9xde_4 _paragraph_xtcu6_10 layout-component text-serif-m layout-normal text-serif-m layout-padded\">Begge landene anklager motparten for \u00e5 ha startet de siste kampene. De har ogs\u00e5 anklaget hverandre for \u00e5 angripe sivile.<\/p>\n<p>    <img decoding=\"async\" alt=\"Tips oss illustrasjon\" src=\"https:\/\/www.europesays.com\/no\/wp-content\/uploads\/2025\/10\/pssst-small.webp.webp\"\/>    <\/p>\n<p class=\"title-serif-s\">Har du tips?<\/p>\n<p class=\"text-sans-m\">Send oss informasjon, bilder eller video.<\/p>\n<p>  <a href=\"https:\/\/www.vg.no\/tips-oss\" rel=\"nofollow noopener\" target=\"_blank\"> Tips oss <\/a>      <\/p>\n","protected":false},"excerpt":{"rendered":"Avtalen skjer etter flere uker med harde kamper mellom de to landene. Fordrevne mennesker f\u00e5r midlertidig husly i&hellip;\n","protected":false},"author":2,"featured_media":122599,"comment_status":"","ping_status":"","sticky":false,"template":"","format":"standard","meta":{"footnotes":""},"categories":[12],"tags":[31,20,21,24,25,15,3549,22,23,13,30,28,29,14,16,745,26,27,42,43,44,45],"class_list":{"0":"post-122598","1":"post","2":"type-post","3":"status-publish","4":"format-standard","5":"has-post-thumbnail","7":"category-verden","8":"tag-breaking","9":"tag-breaking-news","10":"tag-breakingnews","11":"tag-featured-news","12":"tag-featurednews","13":"tag-headlines","14":"tag-kambodsja","15":"tag-latest-news","16":"tag-latestnews","17":"tag-news","18":"tag-no","19":"tag-norge","20":"tag-norway","21":"tag-nyheter","22":"tag-overskrifter","23":"tag-thailand","24":"tag-top-stories","25":"tag-topstories","26":"tag-verden","27":"tag-world","28":"tag-world-news","29":"tag-worldnews"},"share_on_mastodon":{"url":"https:\/\/pubeurope.com\/@no\/115789875693153411","error":""},"_links":{"self":[{"href":"https:\/\/www.europesays.com\/no\/wp-json\/wp\/v2\/posts\/122598","targetHints":{"allow":["GET"]}}],"collection":[{"href":"https:\/\/www.europesays.com\/no\/wp-json\/wp\/v2\/posts"}],"about":[{"href":"https:\/\/www.europesays.com\/no\/wp-json\/wp\/v2\/types\/post"}],"author":[{"embeddable":true,"href":"https:\/\/www.europesays.com\/no\/wp-json\/wp\/v2\/users\/2"}],"replies":[{"embeddable":true,"href":"https:\/\/www.europesays.com\/no\/wp-json\/wp\/v2\/comments?post=122598"}],"version-history":[{"count":0,"href":"https:\/\/www.europesays.com\/no\/wp-json\/wp\/v2\/posts\/122598\/revisions"}],"wp:featuredmedia":[{"embeddable":true,"href":"https:\/\/www.europesays.com\/no\/wp-json\/wp\/v2\/media\/122599"}],"wp:attachment":[{"href":"https:\/\/www.europesays.com\/no\/wp-json\/wp\/v2\/media?parent=122598"}],"wp:term":[{"taxonomy":"category","embeddable":true,"href":"https:\/\/www.europesays.com\/no\/wp-json\/wp\/v2\/categories?post=122598"},{"taxonomy":"post_tag","embeddable":true,"href":"https:\/\/www.europesays.com\/no\/wp-json\/wp\/v2\/tags?post=122598"}],"curies":[{"name":"wp","href":"https:\/\/api.w.org\/{rel}","templated":true}]}}