{"id":122602,"date":"2025-12-27T05:40:25","date_gmt":"2025-12-27T05:40:25","guid":{"rendered":"https:\/\/www.europesays.com\/no\/122602\/"},"modified":"2025-12-27T05:40:25","modified_gmt":"2025-12-27T05:40:25","slug":"ola-conny-wallgren-ullared-ola-conny-wallgren-apner-opp-jeg-var-helt-alene","status":"publish","type":"post","link":"https:\/\/www.europesays.com\/no\/122602\/","title":{"rendered":"Ola-Conny Wallgren, Ullared | Ola-Conny Wallgren \u00e5pner opp: \u2013 Jeg var helt alene"},"content":{"rendered":"\n<p>Ola-Conny Wallgren (61) ble raskt et kjent fjes og en uforglemmelig TV-personlighet da han dukket opp i \u00abUllared\u00bb for f\u00f8rste gang i 2010.<\/p>\n<p>Siden den gang har Wallgren blitt en sv\u00e6rt popul\u00e6r mann, b\u00e5de p\u00e5 skjermen og blant seerne som har fulgt ham i alle \u00e5r.<\/p>\n<p><b>Les ogs\u00e5: <a href=\"https:\/\/www.nettavisen.no\/kjendis\/spesiell-jul-for-louise-angelica-riise-sart-og-vondt\/s\/5-95-2780138\" rel=\"Follow nofollow noopener\" target=\"_blank\">Louise Angelica Riise om \u00abannenhver jul\u00bb: \u2013 S\u00e5rt og rart<\/a><\/b><\/p>\n<p>For mange er jula en tid for familie og fellesskap, men h\u00f8ytiden er tilsynelatende ikke like enkel for realityprofilen.<\/p>\n<p>Overfor den svenske avisen <a href=\"https:\/\/www.hant.se\/noje\/ullaredprofilen-ola-conny-wallgren-om-julplanerna-citat\/11198991?utm_medium=push&amp;utm_source=pushpushgo&amp;utm_campaign=CampaignName\" rel=\"Follow nofollow noopener\" target=\"_blank\">H\u00e4nt<\/a> \u00e5pner Wallgren opp om ensomheten i julen.<\/p>\n<p>\u2013 Trist<\/p>\n<p>Fjor\u00e5rets jul ble ikke en gledelig dag for Wallgren. Han endte opp med \u00e5 sitte helt alene p\u00e5 julaften, og overfor H\u00e4nt legger han ikke skjul p\u00e5 at det var en trist dag:<\/p>\n<p>\u2013 I fjor var jeg helt alene. Det var vel ikke s\u00e5 g\u00f8y. Alle skulle v\u00e6re hver for seg, det har jeg aldri opplevd f\u00f8r. Men s\u00e5nn ble det, og det var litt trist, synes jeg.<\/p>\n<p>    Vil du se neste video?<\/p>\n<p>    <a href=\"https:\/\/www.f-b.no\/jegeren-kunne-ikke-tro-sine-egne-oyne-helt-utrolig\/v\/5-59-3782803\" class=\"recommend-poster\" data-adp-clicklabel=\"video-recommend\" data-adp-clickvalue=\"poster\" rel=\"nofollow noopener\" target=\"_blank\"><br \/>\n      <img decoding=\"async\" width=\"200\" height=\"200\" loading=\"lazy\" src=\"https:\/\/www.europesays.com\/no\/wp-content\/uploads\/2025\/12\/Hjort_16x9.jpg\" alt=\"\" class=\"brick-c-cFOWSL\" style=\"--brick-image-ratio: 200 \/ 200;\"\/><\/p>\n<p>Jegeren kunne ikke tro sine egne \u00f8yne: \u2013\u2060 Helt utrolig!0:55<\/p>\n<p>    <\/a><\/p>\n<p>Til tross for den ensomme julen i fjor, har ikke 61-\u00e5ringen lagt de store planene for \u00e5rets julefeiring.<\/p>\n<p>\u2013 Jeg vet ikke helt enn\u00e5. Det er ikke noe planlagt hundre prosent, sier han og legger til at jobb i romjulen er det eneste som er spikret.<\/p>\n<p><b>Les ogs\u00e5: <a href=\"https:\/\/www.nettavisen.no\/kjendis\/prinsesse-m-rtha-louise-og-durek-verrett-ingen-vil-bekrefte-om-de-feirer-med-kongeparet\/s\/5-95-2793529\" rel=\"Follow nofollow noopener\" target=\"_blank\">Ekspert reagerer p\u00e5 jule-beskjed: \u2013 Ingen grunn<\/a><\/b><\/p>\n<p>Tidligere i \u00e5r gikk Wallgren gjennom et <a href=\"https:\/\/www.nettavisen.no\/kjendis\/ullared-linda-bekrefter-brudd-med-ola-conny\/s\/5-95-2456683\" rel=\"Follow nofollow noopener\" target=\"_blank\">brudd med kollegaen Linda Persson (49)<\/a>. De var et par i tre \u00e5r og var forlovet, men i mai ble det kjent at de hadde g\u00e5tt hver til sitt.<\/p>\n<p>\u2013 Jeg har sagt til henne at det ikke er noen vits i at vi har et forhold, for vi m\u00f8tes ikke. Vi er ikke sammen. Lev livet og g\u00e5 videre, uttalte Wallgren til H\u00e4nt i v\u00e5res.<\/p>\n<p>Deler pensjons-planer<\/p>\n<p>Det var i andre sesong av \u00abUllared\u00bb at Wallgren og kompisen Morgan Karlsson (52) ble store TV-kjendiser.<\/p>\n<p>Wallgren jobber fremdeles p\u00e5 varehuset i Gek\u00e5s, men han har ingen planer om \u00e5 g\u00e5 av med pensjon med det f\u00f8rste:<\/p>\n<p>\u2013 Man jobber vel s\u00e5 lenge man f\u00e5r. Jeg synes det er g\u00f8y \u00e5 v\u00e6re i aktivitet og ikke bare v\u00e6re hjemme, \u00e5 v\u00e6re sammen med mennesker og arbeidskollegene sine, sier han til den svenske avisen.<\/p>\n","protected":false},"excerpt":{"rendered":"Ola-Conny Wallgren (61) ble raskt et kjent fjes og en uforglemmelig TV-personlighet da han dukket opp i \u00abUllared\u00bb&hellip;\n","protected":false},"author":2,"featured_media":122603,"comment_status":"","ping_status":"","sticky":false,"template":"","format":"standard","meta":{"footnotes":""},"categories":[12],"tags":[36,20,21,24,25,15,22,23,13,30,28,29,14,14509,16,1510,1359,26,27,142,42,43,44,45],"class_list":{"0":"post-122602","1":"post","2":"type-post","3":"status-publish","4":"format-standard","5":"has-post-thumbnail","7":"category-verden","8":"tag-art","9":"tag-breaking-news","10":"tag-breakingnews","11":"tag-featured-news","12":"tag-featurednews","13":"tag-headlines","14":"tag-latest-news","15":"tag-latestnews","16":"tag-news","17":"tag-no","18":"tag-norge","19":"tag-norway","20":"tag-nyheter","21":"tag-ola-conny-wallgren","22":"tag-overskrifter","23":"tag-story","24":"tag-sverige","25":"tag-top-stories","26":"tag-topstories","27":"tag-ullared","28":"tag-verden","29":"tag-world","30":"tag-world-news","31":"tag-worldnews"},"share_on_mastodon":{"url":"https:\/\/pubeurope.com\/@no\/115789930536933152","error":""},"_links":{"self":[{"href":"https:\/\/www.europesays.com\/no\/wp-json\/wp\/v2\/posts\/122602","targetHints":{"allow":["GET"]}}],"collection":[{"href":"https:\/\/www.europesays.com\/no\/wp-json\/wp\/v2\/posts"}],"about":[{"href":"https:\/\/www.europesays.com\/no\/wp-json\/wp\/v2\/types\/post"}],"author":[{"embeddable":true,"href":"https:\/\/www.europesays.com\/no\/wp-json\/wp\/v2\/users\/2"}],"replies":[{"embeddable":true,"href":"https:\/\/www.europesays.com\/no\/wp-json\/wp\/v2\/comments?post=122602"}],"version-history":[{"count":0,"href":"https:\/\/www.europesays.com\/no\/wp-json\/wp\/v2\/posts\/122602\/revisions"}],"wp:featuredmedia":[{"embeddable":true,"href":"https:\/\/www.europesays.com\/no\/wp-json\/wp\/v2\/media\/122603"}],"wp:attachment":[{"href":"https:\/\/www.europesays.com\/no\/wp-json\/wp\/v2\/media?parent=122602"}],"wp:term":[{"taxonomy":"category","embeddable":true,"href":"https:\/\/www.europesays.com\/no\/wp-json\/wp\/v2\/categories?post=122602"},{"taxonomy":"post_tag","embeddable":true,"href":"https:\/\/www.europesays.com\/no\/wp-json\/wp\/v2\/tags?post=122602"}],"curies":[{"name":"wp","href":"https:\/\/api.w.org\/{rel}","templated":true}]}}