{"id":122606,"date":"2025-12-27T05:57:11","date_gmt":"2025-12-27T05:57:11","guid":{"rendered":"https:\/\/www.europesays.com\/no\/122606\/"},"modified":"2025-12-27T05:57:11","modified_gmt":"2025-12-27T05:57:11","slug":"jeg-har-brukt-utrolig-mye-tid-og-kanskje-brukt-den-litt-feil","status":"publish","type":"post","link":"https:\/\/www.europesays.com\/no\/122606\/","title":{"rendered":"\u2013 Jeg har brukt utrolig mye tid, og kanskje brukt den litt feil"},"content":{"rendered":"\n<p class=\"_paragraph_o9xde_4 _paragraph_xtcu6_10 layout-component text-serif-m layout-normal text-serif-m layout-padded\">\u2013 Jeg har i veldig lang tid v\u00e6rt litt usikker p\u00e5 hva jeg vil og hvor jeg vil.<\/p>\n<p class=\"_paragraph_o9xde_4 _paragraph_xtcu6_10 layout-component text-serif-m layout-normal text-serif-m layout-padded\"><a href=\"https:\/\/www.vg.no\/tag\/tomine-harket?utm_source=vg-article&amp;utm_medium=auto-tagger&amp;utm_campaign=43d11E\" class=\"_link_o9xde_39\" rel=\"nofollow noopener\" target=\"_blank\">Tomine Harket<\/a> (32) har brukt flere \u00e5r p\u00e5 \u00e5 finne sin plass som artist. Og har innsett at hun har brukt store deler av voksenlivet feil. I stedet for \u00e5 fokusere p\u00e5 karriere, har hun brukt tiden p\u00e5 relasjoner.<\/p>\n<p class=\"_paragraph_o9xde_4 _paragraph_xtcu6_10 layout-component text-serif-m layout-normal text-serif-m layout-padded\">\u2013 Og kanskje feil relasjoner. Jeg har brukt utrolig mye tid, og kanskje brukt den litt feil. Jeg har ikke brukt den p\u00e5 noe som vil gagne meg, men heller gagne noen andre. Og s\u00e5 sitter jeg og ikke har s\u00e5 mye igjen for det.<\/p>\n<p class=\"_paragraph_o9xde_4 _paragraph_xtcu6_10 layout-component text-serif-m layout-normal text-serif-m layout-padded\">Hun er datter av poplegenden Morten Harket og skuespiller Camilla Malmquist Harket og har tilbrakt store deler av livet i rampelyset. Men det er f\u00f8rst n\u00e5 det f\u00f8les som om hun lander litt.<\/p>\n<p class=\"_paragraph_o9xde_4 _paragraph_xtcu6_10 layout-component text-serif-m layout-normal text-serif-m layout-padded\">\u2013 Da jeg gikk fra 29 til 30 s\u00e5 var det bare noe som skjedde. Hvor jeg bare fikk en s\u00e5nn indre ro og aksept for veldig mange ting som jeg har g\u00e5tt og irritert meg over hele livet. Det har jo v\u00e6rt ganske stille fra meg. 2026 blir mye mer offentlig. Og det f\u00f8les veldig positivt, i motsetning til hva jeg har f\u00f8lt om det f\u00f8r.<\/p>\n<p><img alt=\"Foto: Mattis Sandblad \/ VG\" class=\"_image_qp4xg_65 layout-component layout-normal\" data-fullscreen- data-track-element-type=\"Article image fullscreen\" data-track-name=\"ImageFullscreen\" decoding=\"async\" loading=\"lazy\" height=\"4000\" itemprop=\"image\"  src=\"https:\/\/www.europesays.com\/no\/wp-content\/uploads\/2025\/12\/a54ce4e1-2c17-4a61-a43a-8b94efe02f02\"  style=\"object-position:0% 0%\" width=\"6000\"\/>Foto: Mattis Sandblad \/ VG<\/p>\n<p class=\"_paragraph_o9xde_4 _paragraph_xtcu6_10 layout-component text-serif-m layout-normal text-serif-m layout-padded\">Fra februar blir hun \u00e5 se i realityserien \u00abBoksen\u00bb p\u00e5 TV 2. Hun hadde ikke lang betenkningstid f\u00f8r hun takket ja. Noe av motivasjonen for \u00e5 delta er at hun f\u00f8ler folk har feil bilde av henne.<\/p>\n<p class=\"_paragraph_o9xde_4 _paragraph_xtcu6_10 layout-component text-serif-m layout-normal text-serif-m layout-padded\">\u2013 I en verden som denne hvor folk flest antar i stedet for \u00e5 stille sp\u00f8rsm\u00e5l, s\u00e5 har jeg innsett at jeg er en person som er lett \u00e5 misforst\u00e5.<\/p>\n<p class=\"_paragraph_o9xde_4 _paragraph_xtcu6_10 layout-component text-serif-m layout-normal text-serif-m layout-padded\">\u2013 P\u00e5 hvilken m\u00e5te f\u00f8ler du deg misforst\u00e5tt?<\/p>\n<p class=\"_paragraph_o9xde_4 _paragraph_xtcu6_10 layout-component text-serif-m layout-normal text-serif-m layout-padded\">\u2013 Jeg kan virke hard og br\u00e5. Utad har jeg hatt piggene ute i s\u00e5nn \u00abjeg skal beskytte meg selv\u00bb-modus. N\u00e5 er det riktig tid \u00e5 f\u00e5 vist litt mer av hvem jeg egentlig er, ikke bare den som skyter fra hofta i et intervju. Jeg er egentlig veldig f\u00f8lsom. Jeg f\u00f8ler mye p\u00e5 alles f\u00f8lelser rundt meg hele tiden og blir ekstremt fort r\u00f8rt. Det er noe jeg har pr\u00f8vd \u00e5 holde tilbake.<\/p>\n<p class=\"_paragraph_o9xde_4 _paragraph_xtcu6_10 layout-component text-serif-m layout-normal text-serif-m layout-padded\">\u2013 I juni ble det kjent at faren din har f\u00e5tt Parkinson. Hvordan har det v\u00e6rt for deg? <\/p>\n<p class=\"_paragraph_o9xde_4 _paragraph_xtcu6_10 layout-component text-serif-m layout-normal text-serif-m layout-padded\">\u2013 \u00c5h.<\/p>\n<p class=\"_paragraph_o9xde_4 _paragraph_xtcu6_10 layout-component text-serif-m layout-normal text-serif-m layout-padded\">\u00d8ynene blir blanke. Hun snur seg bort.<\/p>\n<p class=\"_paragraph_o9xde_4 _paragraph_xtcu6_10 layout-component text-serif-m layout-normal text-serif-m layout-padded\">\u2013 Fader, det er jo dette jeg har sagt, at jeg er s\u00e5 f\u00f8lsom. Det er bare jeg som glemmer at &#8230; det kan bli et sp\u00f8rsm\u00e5l.<\/p>\n<p class=\"_paragraph_o9xde_4 _paragraph_xtcu6_10 layout-component text-serif-m layout-normal text-serif-m layout-padded\">\u00abJeg har ingen problemer med \u00e5 akseptere diagnosen\u00bb, sa Morten Harket <a href=\"https:\/\/www.vg.no\/rampelys\/i\/OoOPLV\/morten-harket-har-parkinsons-sykdom\" data-track-element-type=\"Link\" data-track-id=\"link:OoOPLV\" class=\"_link_o9xde_39\" rel=\"nofollow noopener\" target=\"_blank\">i en pressemelding<\/a> p\u00e5 A-has hjemmeside i juni 2025 der han gikk ut med at han har f\u00e5tt ParkinsonParkinsonEn kronisk, nevrologisk sykdom hvor nerveceller i hjernen som styrer bevegelse gradvis blir \u00f8delagt. Dette f\u00f8rer typisk til langsomme bevegelser, stivhet og skjelvinger, og etter hvert andre plager. Sykdommen kan ikke helbredes, men symptomer kan lindres med behandling.. Bare noen f\u00e5 i den n\u00e6rmeste kretsen har visst at han er syk, if\u00f8lge artikkelen.<\/p>\n<p class=\"_paragraph_o9xde_4 _paragraph_xtcu6_10 layout-component text-serif-m layout-normal text-serif-m layout-padded\">\u00abTidligere forstyrret det meg \u00e5 tenke p\u00e5 at sykdommen skulle bli kjent. N\u00e5 forstyrrer det meg mer \u00e5 holde inne med det\u00bb, sa Harket i artikkelen p\u00e5 bandets hjemmesider.<\/p>\n<p class=\"_paragraph_o9xde_4 _paragraph_xtcu6_10 layout-component text-serif-m layout-normal text-serif-m layout-padded\"><strong class=\"_strong_o9xde_25\">\u2013 For meg har det v\u00e6rt vanskelig \u00e5 akseptere &#8230; at dette er noe som m\u00e5 deles. For det er s\u00e5 veldig privat. Vi er en offentlig familie og har alltid v\u00e6rt det, men det at noe s\u00e5nt skjedde &#8230; \u00c5h, jeg begynner \u00e5 grine med \u00e9n gang, sier Tomine.<\/strong><\/p>\n<p><img alt=\"Foto: Mattis Sandblad \/ VG\" class=\"_image_qp4xg_65 layout-component layout-normal\" data-fullscreen- data-track-element-type=\"Article image fullscreen\" data-track-name=\"ImageFullscreen\" decoding=\"async\" loading=\"lazy\" height=\"4000\" itemprop=\"image\"  src=\"https:\/\/www.europesays.com\/no\/wp-content\/uploads\/2025\/12\/a343de58-e43d-4bb6-a2e7-623bb28e0833\"  style=\"object-position:0% 0%\" width=\"5553\"\/>Foto: Mattis Sandblad \/ VG<\/p>\n<p class=\"_paragraph_o9xde_4 _paragraph_xtcu6_10 layout-component text-serif-m layout-normal text-serif-m layout-padded\">\u2013 Dette er mine ord, ikke hans, men hvis han ikke deler det, s\u00e5 vil noen andre dele det, s\u00e5 man m\u00e5 jo da dele det, ikke sant? Og jeg synes konseptet er ubehagelig. Jeg liker ikke at noe blir bestemt for en. Og s\u00e5 kan andre si at det er det man velger n\u00e5r man er offentlig. Men akkurat p\u00e5 s\u00e5nne ting s\u00e5 synes jeg det bare blir litt feil. Men pappa ville jo dele dette, s\u00e5 s\u00e5nn sett er det jo greit. Men det jeg henger meg opp i, er at hvis han ikke hadde villet, s\u00e5 hadde han jo m\u00e5ttet uansett.<\/p>\n<p class=\"_paragraph_o9xde_4 _paragraph_xtcu6_10 layout-component text-serif-m layout-normal text-serif-m layout-padded\">Hun understreker at det er derfor det er vanskelig \u00e5 snakke om farens sykdom \u2013 fordi det nettopp er privat. Av den grunn \u00f8nsker hun ikke \u00e5 g\u00e5 inn p\u00e5 n\u00e5r hun fikk beskjeden og hvordan hun opplevde det.<\/p>\n<p class=\"_paragraph_o9xde_4 _paragraph_xtcu6_10 layout-component text-serif-m layout-normal text-serif-m layout-padded\">N\u00e5r det f\u00f8rst ble bestemt \u00e5 g\u00e5 ut med sykdommen, synes hun likevel at m\u00e5ten det ble gjort p\u00e5, var fin.<\/p>\n<p class=\"_paragraph_o9xde_4 _paragraph_xtcu6_10 layout-component text-serif-m layout-normal text-serif-m layout-padded\">\u2013 Det f\u00f8rste jeg tenkte da vi ble fortalt at det skulle komme ut, var at det er nok smart, fordi det kunne fort kommet ut p\u00e5 en d\u00e5rlig m\u00e5te. Det skrivet pappa kom ut med, var veldig, veldig fint. Og s\u00e5 har vi et godt forhold, s\u00e5nn sett. S\u00e5 vi snakker om de tingene, og alt er fint.<\/p>\n<p class=\"_paragraph_o9xde_4 _paragraph_xtcu6_10 layout-component text-serif-m layout-normal text-serif-m layout-padded\">N\u00e5r man er barn, tenker man at foreldre er konge og dronning, at de kan gj\u00f8re hva som helst og takle hva som helst, sier hun.<\/p>\n<p><img alt=\"Foto: Nils Harald \u00c5nstad \/ VG\" class=\"_image_qp4xg_65 layout-component layout-normal\" data-fullscreen- data-track-element-type=\"Article image fullscreen\" data-track-name=\"ImageFullscreen\" decoding=\"async\" loading=\"lazy\" height=\"3072\" itemprop=\"image\"  src=\"https:\/\/www.europesays.com\/no\/wp-content\/uploads\/2025\/12\/419916b5-7b27-4b23-8240-f1f40293ae1f\"  style=\"object-position:0% 0%\" width=\"1736\"\/>Foto: Nils Harald \u00c5nstad \/ VG<\/p>\n<p class=\"_paragraph_o9xde_4 _paragraph_xtcu6_10 layout-component text-serif-m layout-normal text-serif-m layout-padded\">\u2013 Og s\u00e5 blir det s\u00e5 mye mer menneskelig n\u00e5r du blir voksen selv. Jeg har veldig respekt for det han g\u00e5r igjennom, og det han st\u00e5r i.<\/p>\n<p class=\"_paragraph_o9xde_4 _paragraph_xtcu6_10 layout-component text-serif-m layout-normal text-serif-m layout-padded\">Morten Harket er informert om at Tomine deler sine opplevelser i denne saken.<\/p>\n<p><img alt=\"Foto: Mattis Sandblad \/ VG\" class=\"_image_qp4xg_65 layout-component layout-normal\" data-fullscreen- data-track-element-type=\"Article image fullscreen\" data-track-name=\"ImageFullscreen\" decoding=\"async\" loading=\"lazy\" height=\"4000\" itemprop=\"image\"  src=\"https:\/\/www.europesays.com\/no\/wp-content\/uploads\/2025\/12\/00b39365-42d6-4692-9081-b2686ddc7272\"  style=\"object-position:0% 0%\" width=\"6000\"\/>Foto: Mattis Sandblad \/ VG<\/p>\n<p class=\"_paragraph_o9xde_4 _paragraph_xtcu6_10 layout-component text-serif-m layout-normal text-serif-m layout-padded\">Selv om faren har lengst fartstid, har hun v\u00e6rt i bransjen lenge.<\/p>\n<p class=\"_paragraph_o9xde_4 _paragraph_xtcu6_10 layout-component text-serif-m layout-normal text-serif-m layout-padded\">\u2013 S\u00e5 folk vet kanskje at Tomine Harket, er ikke hun artist, eller er det datteren til, eller &#8230; Jeg f\u00f8ler at mange vet at det er noe, men ikke n\u00f8dvendigvis hva. Fordi jeg har v\u00e6rt lenge borte fra musikken ogs\u00e5. N\u00e5 reintroduseres jeg p\u00e5 et vis. Jeg gleder meg til \u00e5 vise den jeg er i dag.<\/p>\n<p class=\"_paragraph_o9xde_4 _paragraph_xtcu6_10 layout-component text-serif-m layout-normal text-serif-m layout-padded\">Tidligere har hun sluppet singler, men denne gangen tenkte hun \u00abFuck it, vi kj\u00f8rer album\u00bb. <\/p>\n<p class=\"_paragraph_o9xde_4 _paragraph_xtcu6_10 layout-component text-serif-m layout-normal text-serif-m layout-padded\">Og i april kommer debutalbumet Alter Ego best\u00e5ende av norske l\u00e5ter.<\/p>\n<p class=\"_paragraph_o9xde_4 _paragraph_xtcu6_10 layout-component text-serif-m layout-normal text-serif-m layout-padded\">\u2013 2026 har jeg bestemt at m\u00e5 v\u00e6re \u00e5ret hvor ting bare faller litt p\u00e5 plass, for det har allerede begynt \u00e5 skje.<\/p>\n<p class=\"_paragraph_o9xde_4 _paragraph_xtcu6_10 layout-component text-serif-m layout-normal text-serif-m layout-padded\"><strong class=\"_strong_o9xde_25\">S\u00e5 \u00e5pner hun om grepene hun har tatt etter usunne relasjoner, diagnosen hun fikk for noen \u00e5r siden &#8211; og det hun \u00abgleder seg som et lite barn\u00bb til \u00e5 dele.<\/strong><\/p>\n","protected":false},"excerpt":{"rendered":"\u2013 Jeg har i veldig lang tid v\u00e6rt litt usikker p\u00e5 hva jeg vil og hvor jeg vil.&hellip;\n","protected":false},"author":2,"featured_media":122607,"comment_status":"","ping_status":"","sticky":false,"template":"","format":"standard","meta":{"footnotes":""},"categories":[10],"tags":[20,21,24,25,15,466,22,23,11144,221,13,30,28,29,14,16,13337,26,27],"class_list":{"0":"post-122606","1":"post","2":"type-post","3":"status-publish","4":"format-standard","5":"has-post-thumbnail","7":"category-norge","8":"tag-breaking-news","9":"tag-breakingnews","10":"tag-featured-news","11":"tag-featurednews","12":"tag-headlines","13":"tag-karriere","14":"tag-latest-news","15":"tag-latestnews","16":"tag-morten-harket","17":"tag-musikk","18":"tag-news","19":"tag-no","20":"tag-norge","21":"tag-norway","22":"tag-nyheter","23":"tag-overskrifter","24":"tag-tomine-harket","25":"tag-top-stories","26":"tag-topstories"},"share_on_mastodon":{"url":"https:\/\/pubeurope.com\/@no\/115789997456905745","error":""},"_links":{"self":[{"href":"https:\/\/www.europesays.com\/no\/wp-json\/wp\/v2\/posts\/122606","targetHints":{"allow":["GET"]}}],"collection":[{"href":"https:\/\/www.europesays.com\/no\/wp-json\/wp\/v2\/posts"}],"about":[{"href":"https:\/\/www.europesays.com\/no\/wp-json\/wp\/v2\/types\/post"}],"author":[{"embeddable":true,"href":"https:\/\/www.europesays.com\/no\/wp-json\/wp\/v2\/users\/2"}],"replies":[{"embeddable":true,"href":"https:\/\/www.europesays.com\/no\/wp-json\/wp\/v2\/comments?post=122606"}],"version-history":[{"count":0,"href":"https:\/\/www.europesays.com\/no\/wp-json\/wp\/v2\/posts\/122606\/revisions"}],"wp:featuredmedia":[{"embeddable":true,"href":"https:\/\/www.europesays.com\/no\/wp-json\/wp\/v2\/media\/122607"}],"wp:attachment":[{"href":"https:\/\/www.europesays.com\/no\/wp-json\/wp\/v2\/media?parent=122606"}],"wp:term":[{"taxonomy":"category","embeddable":true,"href":"https:\/\/www.europesays.com\/no\/wp-json\/wp\/v2\/categories?post=122606"},{"taxonomy":"post_tag","embeddable":true,"href":"https:\/\/www.europesays.com\/no\/wp-json\/wp\/v2\/tags?post=122606"}],"curies":[{"name":"wp","href":"https:\/\/api.w.org\/{rel}","templated":true}]}}