{"id":122608,"date":"2025-12-27T06:44:09","date_gmt":"2025-12-27T06:44:09","guid":{"rendered":"https:\/\/www.europesays.com\/no\/122608\/"},"modified":"2025-12-27T06:44:09","modified_gmt":"2025-12-27T06:44:09","slug":"nyheter-bodo-her-blir-det-nytt-vann","status":"publish","type":"post","link":"https:\/\/www.europesays.com\/no\/122608\/","title":{"rendered":"Nyheter, Bod\u00f8 | Her blir det nytt vann"},"content":{"rendered":"\n<p>Det opplyser kommunen selv p\u00e5 egen <a href=\"https:\/\/bodo.kommune.no\/aktuelt\/nyheter\/her-blir-det-nytt-va-ledningsnett.17874.aspx\" rel=\"Follow nofollow noopener\" target=\"_blank\">hjemmeside. <\/a><\/p>\n<p>De forklarer at vann- og avl\u00f8psnettet er gammelt og skal dermed fornyes. <\/p>\n<p>Dette betyr at veien skal graves opp og hovedledninger for vann og avl\u00f8p skal skiftes ut. Ogs\u00e5 tilh\u00f8rende stikkledninger vil fornyes i henhold til avtale med den enkelte huseier, if\u00f8lge kommunen. <\/p>\n<p>\u00abI f\u00f8rste del av prosjektet vil vestlige del av Fugl\u00f8yveien fornyes med nye vann- og avl\u00f8psledninger. De \u00f8vrige gatene fornyes suksessivt. Rekkef\u00f8lgen vil Bod\u00f8 kommune informere om p\u00e5 et senere tidspunkt.\u00bb skriver kommunen. <\/p>\n<p>Arbeidet vil starte 5. januar 2026 og vil p\u00e5g\u00e5 i ca. seks m\u00e5neder. Det er forventet at det blir noe st\u00f8y og ulemper som f\u00f8lger av arbeidet. <\/p>\n","protected":false},"excerpt":{"rendered":"Det opplyser kommunen selv p\u00e5 egen hjemmeside. De forklarer at vann- og avl\u00f8psnettet er gammelt og skal dermed&hellip;\n","protected":false},"author":2,"featured_media":122609,"comment_status":"","ping_status":"","sticky":false,"template":"","format":"standard","meta":{"footnotes":""},"categories":[56],"tags":[36,1525,60,61,62,30,28,29,14,1510,1507],"class_list":{"0":"post-122608","1":"post","2":"type-post","3":"status-publish","4":"format-standard","5":"has-post-thumbnail","7":"category-naeringsliv","8":"tag-art","9":"tag-bodo","10":"tag-business","11":"tag-economy","12":"tag-naeringsliv","13":"tag-no","14":"tag-norge","15":"tag-norway","16":"tag-nyheter","17":"tag-story","18":"tag-vann-og-avlop"},"share_on_mastodon":{"url":"https:\/\/pubeurope.com\/@no\/115790182014271479","error":""},"_links":{"self":[{"href":"https:\/\/www.europesays.com\/no\/wp-json\/wp\/v2\/posts\/122608","targetHints":{"allow":["GET"]}}],"collection":[{"href":"https:\/\/www.europesays.com\/no\/wp-json\/wp\/v2\/posts"}],"about":[{"href":"https:\/\/www.europesays.com\/no\/wp-json\/wp\/v2\/types\/post"}],"author":[{"embeddable":true,"href":"https:\/\/www.europesays.com\/no\/wp-json\/wp\/v2\/users\/2"}],"replies":[{"embeddable":true,"href":"https:\/\/www.europesays.com\/no\/wp-json\/wp\/v2\/comments?post=122608"}],"version-history":[{"count":0,"href":"https:\/\/www.europesays.com\/no\/wp-json\/wp\/v2\/posts\/122608\/revisions"}],"wp:featuredmedia":[{"embeddable":true,"href":"https:\/\/www.europesays.com\/no\/wp-json\/wp\/v2\/media\/122609"}],"wp:attachment":[{"href":"https:\/\/www.europesays.com\/no\/wp-json\/wp\/v2\/media?parent=122608"}],"wp:term":[{"taxonomy":"category","embeddable":true,"href":"https:\/\/www.europesays.com\/no\/wp-json\/wp\/v2\/categories?post=122608"},{"taxonomy":"post_tag","embeddable":true,"href":"https:\/\/www.europesays.com\/no\/wp-json\/wp\/v2\/tags?post=122608"}],"curies":[{"name":"wp","href":"https:\/\/api.w.org\/{rel}","templated":true}]}}