{"id":122612,"date":"2025-12-27T07:12:19","date_gmt":"2025-12-27T07:12:19","guid":{"rendered":"https:\/\/www.europesays.com\/no\/122612\/"},"modified":"2025-12-27T07:12:19","modified_gmt":"2025-12-27T07:12:19","slug":"fotball-idrett-skrev-under-ny-avtale-et-enkelt-valg","status":"publish","type":"post","link":"https:\/\/www.europesays.com\/no\/122612\/","title":{"rendered":"Fotball, Idrett | Skrev under ny avtale: \u2013 Et enkelt valg"},"content":{"rendered":"\n<p>\u2013 Vi er glade for \u00e5 signere ny avtale med Andreas Nyhagen. Det blir hans tredje sesong i lysebl\u00e5tt. Etter en uheldig skade i starten av \u00e5ret, fikk Andreas virkelig vist seg frem. Han leverte solide ni m\u00e5lpoeng i l\u00f8pet av de siste 15 kampenene. Kontinuitet er viktig og det f\u00e5r vi med Andreas Nyhagen, sier Arturo Cleveland til klubbens egne nettsider.<\/p>\n<p>Nyhagen sier i sammenhengen at det var et enkelt valg.<\/p>\n<p>\u2013 Sandnes Ulf er en av klubbene i denne ligaen med st\u00f8rst potensial. Grunnlaget ble lagt i fjor, og med solide forsterkninger blir det n\u00e5 opp til oss \u00e5 utnytte mulighetene, sier Nyhagen.<\/p>\n<p>I l\u00f8pet av f\u00e5 dager har Sandnes Ulf forsterket seg med Mathias Sundberg. Spissen kommer fra Str\u00f8mmen.<\/p>\n<p>Axel Kryger er ogs\u00e5 tilbake i klubben.<\/p>\n<p>Peder Brekke er ogs\u00e5 klar for Sandnes Ulf. 20-\u00e5ringen har flere \u00e5rs erfaring fra spill i PostNord-ligaen med Alta.<\/p>\n<p>Spillere som \u00c5dne Bruseth, Kevin Pereira, Sander Saugestad og Kevin Egell-Johnsen har ogs\u00e5 forlenget.<\/p>\n<p>15-\u00e5r gamle Anestis Tricholidis har skrevet sin f\u00f8rste avtale med klubben.<\/p>\n<p>  <a href=\"https:\/\/www.sandnesposten.no\/5-105-1284036\" class=\"related-teaser has-image default-story-teaser article--c-eRUmMG article--c-eRUmMG-jKCPdD-design-default\" wp_automatic_readability=\"1\" rel=\"nofollow noopener\" target=\"_blank\"><\/p>\n<p>    For abonnenter<\/p>\n<p>    <img decoding=\"async\" loading=\"lazy\"  src=\"https:\/\/www.europesays.com\/no\/wp-content\/uploads\/2025\/12\/tempImageIi71OX.jpg\" alt=\"\" class=\"brick-c-cFOWSL\" style=\"\"\/><\/p>\n<p>\n            Les ogs\u00e5<\/p>\n<p>  Sandnes Ulf signerer ny spiss \u2013 h\u00e5per ogs\u00e5 p\u00e5 \u00e5 kunne gi fansen en julegave<\/p>\n<p>  <\/a><\/p>\n<p>  <a href=\"https:\/\/www.sandnesposten.no\/5-105-1284084\" class=\"related-teaser has-image default-story-teaser article--c-eRUmMG article--c-eRUmMG-jKCPdD-design-default\" wp_automatic_readability=\"1\" rel=\"nofollow noopener\" target=\"_blank\"><\/p>\n<p>    For abonnenter<\/p>\n<p>    <img decoding=\"async\" loading=\"lazy\"  src=\"https:\/\/www.europesays.com\/no\/wp-content\/uploads\/2025\/12\/Kryger+4.jpg\" alt=\"\" class=\"brick-c-cFOWSL\" style=\"\"\/><\/p>\n<p>\n            Les ogs\u00e5<\/p>\n<p>  Axel Kryger vender tilbake til Sandnes Ulf: \u2013 F\u00f8les veldig godt<\/p>\n<p>  <\/a><\/p>\n<p>  <a href=\"https:\/\/www.sandnesposten.no\/5-105-1272458\" class=\"related-teaser has-image default-story-teaser article--c-eRUmMG article--c-eRUmMG-jKCPdD-design-default\" wp_automatic_readability=\"1\" rel=\"nofollow noopener\" target=\"_blank\"><\/p>\n<p>    For abonnenter<\/p>\n<p>    <img decoding=\"async\" loading=\"lazy\"  src=\"https:\/\/www.europesays.com\/no\/wp-content\/uploads\/2025\/12\/DSC00440.JPG\" alt=\"\" class=\"brick-c-cFOWSL\" style=\"\"\/><\/p>\n<p>\n            Les ogs\u00e5<\/p>\n<p>  Slik blir oppkj\u00f8ringen for Sandnes Ulf<\/p>\n<p>  <\/a><\/p>\n<p>  <a href=\"https:\/\/www.sandnesposten.no\/5-105-1259907\" class=\"related-teaser has-image default-story-teaser article--c-eRUmMG article--c-eRUmMG-jKCPdD-design-default\" wp_automatic_readability=\"1\" rel=\"nofollow noopener\" target=\"_blank\"><\/p>\n<p>    For abonnenter<\/p>\n<p>    <img decoding=\"async\" loading=\"lazy\"  src=\"https:\/\/www.europesays.com\/no\/wp-content\/uploads\/2025\/12\/hammer+berger.jpg\" alt=\"\" class=\"brick-c-cFOWSL\" style=\"\"\/><\/p>\n<p>\n            Les ogs\u00e5<\/p>\n<p>  Fem spillere ferdig i Sandnes Ulf<\/p>\n<p>  <\/a><\/p>\n<p>  <a href=\"https:\/\/www.sandnesposten.no\/5-105-1260778\" class=\"related-teaser has-image default-story-teaser article--c-eRUmMG article--c-eRUmMG-jKCPdD-design-default\" wp_automatic_readability=\"1.5\" rel=\"nofollow noopener\" target=\"_blank\"><\/p>\n<p>    For abonnenter<\/p>\n<p>    <img decoding=\"async\" loading=\"lazy\"  src=\"https:\/\/www.europesays.com\/no\/wp-content\/uploads\/2025\/12\/DSC01013.JPG\" alt=\"\" class=\"brick-c-cFOWSL\" style=\"\"\/><\/p>\n<p>\n            Les ogs\u00e5<\/p>\n<p>  Ferdig i klubben: \u2013 Vemodig, men riktig valg<\/p>\n<p>  <\/a><\/p>\n<p>  <a href=\"https:\/\/www.sandnesposten.no\/5-105-1244817\" class=\"related-teaser has-image default-story-teaser article--c-eRUmMG article--c-eRUmMG-jKCPdD-design-default\" wp_automatic_readability=\"1\" rel=\"nofollow noopener\" target=\"_blank\"><\/p>\n<p>    For abonnenter<\/p>\n<p>    <img decoding=\"async\" loading=\"lazy\"  src=\"https:\/\/www.europesays.com\/no\/wp-content\/uploads\/2025\/12\/DSC00960.JPG\" alt=\"\" class=\"brick-c-cFOWSL\" style=\"\"\/><\/p>\n<p>\n            Les ogs\u00e5<\/p>\n<p>  Nj\u00e5l \u00d8sterhus etter opprykksfesten: \u2013 N\u00e5 er vi tilbake til den gode gamle Ulf-\u00e5nden<\/p>\n<p>  <\/a><\/p>\n<p>  <a href=\"https:\/\/www.sandnesposten.no\/5-105-1244976\" class=\"related-teaser has-image default-gallery-teaser article--c-eRUmMG article--c-eRUmMG-jKCPdD-design-default\" wp_automatic_readability=\"1\" rel=\"nofollow noopener\" target=\"_blank\"><\/p>\n<p>    For abonnenter<\/p>\n<p>    <img decoding=\"async\" loading=\"lazy\"  src=\"https:\/\/www.europesays.com\/no\/wp-content\/uploads\/2025\/12\/6.jpg\" alt=\"\" class=\"brick-c-cFOWSL\" style=\"\"\/><\/p>\n<p>\n            Bildeserie<\/p>\n<p>  Feiringen fortsatte i de sm\u00e5 nattetimer \u2013 se bildene<\/p>\n<p>  <\/a><\/p>\n","protected":false},"excerpt":{"rendered":"\u2013 Vi er glade for \u00e5 signere ny avtale med Andreas Nyhagen. Det blir hans tredje sesong i&hellip;\n","protected":false},"author":2,"featured_media":122613,"comment_status":"","ping_status":"","sticky":false,"template":"","format":"standard","meta":{"footnotes":""},"categories":[59],"tags":[36,92,2211,30,28,29,83,82,1510],"class_list":{"0":"post-122612","1":"post","2":"type-post","3":"status-publish","4":"format-standard","5":"has-post-thumbnail","7":"category-sport","8":"tag-art","9":"tag-fotball","10":"tag-idrett","11":"tag-no","12":"tag-norge","13":"tag-norway","14":"tag-sport","15":"tag-sports","16":"tag-story"},"share_on_mastodon":{"url":"https:\/\/pubeurope.com\/@no\/115790292446991690","error":""},"_links":{"self":[{"href":"https:\/\/www.europesays.com\/no\/wp-json\/wp\/v2\/posts\/122612","targetHints":{"allow":["GET"]}}],"collection":[{"href":"https:\/\/www.europesays.com\/no\/wp-json\/wp\/v2\/posts"}],"about":[{"href":"https:\/\/www.europesays.com\/no\/wp-json\/wp\/v2\/types\/post"}],"author":[{"embeddable":true,"href":"https:\/\/www.europesays.com\/no\/wp-json\/wp\/v2\/users\/2"}],"replies":[{"embeddable":true,"href":"https:\/\/www.europesays.com\/no\/wp-json\/wp\/v2\/comments?post=122612"}],"version-history":[{"count":0,"href":"https:\/\/www.europesays.com\/no\/wp-json\/wp\/v2\/posts\/122612\/revisions"}],"wp:featuredmedia":[{"embeddable":true,"href":"https:\/\/www.europesays.com\/no\/wp-json\/wp\/v2\/media\/122613"}],"wp:attachment":[{"href":"https:\/\/www.europesays.com\/no\/wp-json\/wp\/v2\/media?parent=122612"}],"wp:term":[{"taxonomy":"category","embeddable":true,"href":"https:\/\/www.europesays.com\/no\/wp-json\/wp\/v2\/categories?post=122612"},{"taxonomy":"post_tag","embeddable":true,"href":"https:\/\/www.europesays.com\/no\/wp-json\/wp\/v2\/tags?post=122612"}],"curies":[{"name":"wp","href":"https:\/\/api.w.org\/{rel}","templated":true}]}}