{"id":122616,"date":"2025-12-27T07:24:07","date_gmt":"2025-12-27T07:24:07","guid":{"rendered":"https:\/\/www.europesays.com\/no\/122616\/"},"modified":"2025-12-27T07:24:07","modified_gmt":"2025-12-27T07:24:07","slug":"de-driver-en-av-norges-mest-hjelpsomme-facebookgrupper-kultur","status":"publish","type":"post","link":"https:\/\/www.europesays.com\/no\/122616\/","title":{"rendered":"De driver en av Norges mest hjelpsomme facebook\u00adgrupper \u2013 Kultur"},"content":{"rendered":"<p>For noen uker siden sjekket jeg skjermtiden min. \u00d8yenbrynene mine hoppet opp i panna, og jeg slettet umiddelbart Instagram. Metas makt var en kveldende h\u00e5nd rundt halsen.<\/p>\n<p>Du n\u00e5r et bristepunkt hvor hjernen ikke orker mer hjerner\u00e5te, KI-gulp og influenseres sexhistorier.<\/p>\n<p>I et m\u00f8rkt \u00f8yeblikk tenkte jeg at sosiale medier bare er dritt, og at fellesskapet forsvinner. Jeg ble en tek-pessimistisk, gretten gen-Z-gubbe (26 \u00e5r).<\/p>\n<p><img decoding=\"async\"   src=\"data:image\/gif;base64,R0lGODlhAQABAIAAAAAAAP\/\/\/yH5BAEAAAAALAAAAAABAAEAAAIBRAA7\" loading=\"eager\" alt=\"Illustrasjon av en telefon med d\u00f8ende emojier som vokser ut av skjermen.\" title=\"\"\/><\/p>\n<p>Til tross for elendigheten skrumpet ikke skjermtiden min. Skrollingen fortsatte p\u00e5 Facebook \u2013 som ikke er kjent for sitt str\u00e5lende rykte i 2025.<\/p>\n<p>Skjermskammen vokste. Men inne i Metas m\u00f8rke fant jeg et overraskende glimt. <\/p>\n<p>Under en tung doomscrolling-\u00f8kt fikk jeg opp et innlegg fra Facebook-gruppen \u00abHjelp til alt i Norge\u00bb.<\/p>\n<p>Den har over 50.000 medlemmer med ett eneste m\u00e5l: \u00e5 hjelpe hverandre, p\u00e5 ekte. For noen har det v\u00e6rt forskjellen p\u00e5 liv og d\u00f8d.<\/p>\n<p><img decoding=\"async\"   src=\"data:image\/gif;base64,R0lGODlhAQABAIAAAAAAAP\/\/\/yH5BAEAAAAALAAAAAABAAEAAAIBRAA7\" loading=\"eager\" alt=\"En h\u00e5nd som holder en mobiltelefon.\" title=\"Foto: Ruben Gr\u00f8ndahl Utaker \/ NRK\"\/><\/p>\n<p class=\"\">Facebook-gruppen har klart \u00e5 skape en kultur hvor man tar hverandre seri\u00f8st og m\u00f8ter andre med respekt. Hvis noen er ufine, er folk raske til \u00e5 si fra.<\/p>\n<p>Foto: Ruben Gr\u00f8ndahl Utaker \/ NRK<\/p>\n<p>Hjelp til alt<\/p>\n<p>Konseptet er enkelt. Du stiller et sp\u00f8rsm\u00e5l, folk gir r\u00e5d.<\/p>\n<p>Ikke krangle. Ikke trolle. Alle mulige aldere. Alle mulige problemstillinger.<\/p>\n<p>Facebookgrupper er ikke et nytt fenomen. Det er heller ikke forum, hvor vi blant annet har Reddit med noe av den samme funksjonen.<\/p>\n<p>Likevel var det noe spesielt med akkurat denne gruppen. Den var s\u00e5 levende.<\/p>\n<p>F\u00f8rst syntes jeg det var litt komisk. Men s\u00e5 inns\u00e5 jeg at det l\u00e5 noe dypere der.<\/p>\n<p>Det var nesten sjokkerende \u00e5 se: kommentar etter kommentar som strakk ut en inderlig h\u00e5nd. Plutselig virket Facebook frisk igjen.<\/p>\n<p>For eksempel disse:<\/p>\n<p>Sl\u00e5r hardt ned<\/p>\n<p>Internetthjertet begynte \u00e5 dunke litt. Gruppen minnet meg om min egen oppvekst p\u00e5 internett, da det sosiale sto i sentrum. Dette m\u00e5tte unders\u00f8kes n\u00e6rmere, s\u00e5 jeg tok kontakt med en av administratorene.<\/p>\n<p>Det er ikke tilfeldig at denne gruppen fungerer s\u00e5 bra. Linn Andreassen forteller at ingen innlegg slipper gjennom uten kvalitetskontroll. De er flere moderatorer som daglig sorterer, vurderer og luker bort tull, spam og hets.<\/p>\n<p><img decoding=\"async\"   src=\"data:image\/gif;base64,R0lGODlhAQABAIAAAAAAAP\/\/\/yH5BAEAAAAALAAAAAABAAEAAAIBRAA7\" loading=\"eager\" alt=\"Kvinne utend\u00f8rs med gr\u00e5 jakke og m\u00f8nstret skjerf som st\u00e5r foran en bakgrunn av busker og grener.\" title=\"\"\/><\/p>\n<p>Om noen skriver et innlegg om analfissur, skal de fortsatt f\u00e5 seri\u00f8se svar. Derfor sl\u00e5r de hardt ned p\u00e5 de som bare fleiper.<\/p>\n<p>\u2013 Jeg har drevet med standup, jeg t\u00e5ler en sp\u00f8k, men ikke i de gruppene. Nei, pr\u00f8v \u00e5 skille hva som betyr noe her i verden og hva som bare er visvas, sier Linn.<\/p>\n<p>S\u00e5 begynner hun \u00e5 fortelle en historie som forklarer hvorfor denne gruppen betyr s\u00e5 mye for henne.<\/p>\n<p>\u00abHjelp til alt i Norge\u00bb-grupperegler<\/p>\n<ul>\n<li>Dette er en hjelpegruppe. Innlegg skal dreie seg om noe du trenger hjelp til.<\/li>\n<li>Ikke tillatt \u00e5 be om penger.<\/li>\n<li>Scroll videre hvis du ikke kan hjelpe.<\/li>\n<li>V\u00e6r vennlig, hjelpsom og h\u00f8flig.<\/li>\n<li>Rapporter til admin.<\/li>\n<li>Admin har siste ord.<\/li>\n<li>Skriv bokm\u00e5l eller nynorsk.<\/li>\n<li>Anonyme kontoer er ikke velkomne. Alle kan poste og svare anonymt i gruppa, men de slipper ikke inn kontoer som er anonyme i utgangspunktet, da det \u00f8ker sannsynligheten for trolling.<\/li>\n<\/ul>\n<p>Kunne d\u00f8dd<\/p>\n<p>For rundt et halvt \u00e5r siden skrev en kvinne et innlegg i gruppen. Hun skildret symptomer og ba om \u00abkjerringr\u00e5d\u00bb.<\/p>\n<p>Men hun inns\u00e5 ikke hva det kunne v\u00e6re. Kommentarene begynte \u00e5 renne inn:<\/p>\n<p>Ring 113. N\u00e5. Ikke vent.<\/p>\n<p><img decoding=\"async\"   src=\"data:image\/gif;base64,R0lGODlhAQABAIAAAAAAAP\/\/\/yH5BAEAAAAALAAAAAABAAEAAAIBRAA7\" loading=\"eager\" alt=\"En person sitter ved et skrivebord omgitt av diverse kontorartikler og lamper.\" title=\"\"\/><\/p>\n<p>Linn fulgte nerv\u00f8st med p\u00e5 Facebook-innlegget fra den lysende PC-skjermen sin hjemme i sofaen.<\/p>\n<p>Hun skj\u00f8nte at dette var ordentlig alvorlig. Liv-og-d\u00f8d-alvorlig.<\/p>\n<p>\u2013 Hun beskrev rett og slett et hjerteinfarkt, forteller Linn.<\/p>\n<p>S\u00e5 ble det stille.<\/p>\n<p>Dagen etter var Linn urolig. Hva hadde skjedd med kvinnen? Plutselig fikk Linn en melding p\u00e5 telefonen:<\/p>\n<p><strong>\u00abN\u00e5 har jeg operert. De blokket ut blod\u00e5rene.\u00bb<\/strong><\/p>\n<p>Kvinnen hadde hjerteinfarkt. Og hun hadde f\u00e5tt hjelp i tide.<\/p>\n<p>\u2013 Hun kunne faktisk d\u00f8dd hvis ikke hun hadde skrevet det Facebook-innlegget.<\/p>\n<p>Da forsto Linn at det arbeidet hun og de andre gj\u00f8r, kan v\u00e6re livsviktig.<\/p>\n<p><img decoding=\"async\"   src=\"data:image\/gif;base64,R0lGODlhAQABAIAAAAAAAP\/\/\/yH5BAEAAAAALAAAAAABAAEAAAIBRAA7\" loading=\"eager\" alt=\"En person sitter ved et arbeidsbord med en laptop, og skriver.\" title=\"\"\/><\/p>\n<p>Drittifiseringen<\/p>\n<p>Samtidig handler det meste vi h\u00f8rer om Facebook i dag om forfall.<\/p>\n<p>Kritikken hagler fra alle kanter. Refrenget i klagesangen nevner gjerne d\u00e5rligere mental helse, oppmerksomhetsvansker, problemer med personvern og polarisering.<\/p>\n<p>For ikke \u00e5 nevne demokratisk forvitring, desinformasjon og valgp\u00e5virkning.<\/p>\n<p>Bare se for deg reklamestormen for Temu-t\u00f8v og Shein-skvip. Kosttilskudd, kosmetikk og konspirasjonsteorier p\u00e5 steroider.<\/p>\n<p>        Opplever du at internett er i ferd med \u00e5 forvandles til dritt?<\/p>\n<p>        Ja, stanken vokser for hver dag<\/p>\n<p>        Nei, elsker algoritmene mine<\/p>\n<p>        Tjaaa, vet ikke helt <\/p>\n<p>      Vis resultat<\/p>\n<p class=\"pin-nrkno-poll__disclaimer\">\n    Denne avstemningen viser ikke hva befolkningen mener om sp\u00f8rsm\u00e5let.<br \/>\n    Resultatet viser hva de som selv har valgt \u00e5 stemme mener,<br \/>\n    og avstemningen har ikke et utvalg som gj\u00f8r den representativ for alle som bor i landet.\n  <\/p>\n<p>Nylig ble det ogs\u00e5 kjent at Meta stoppet en intern unders\u00f8kelse av effekten p\u00e5 brukerne deres. Grunnen? De fikk ikke resultatet de \u00f8nsket.<\/p>\n<p>Det viste seg at brukere som sluttet med Facebook, opplevde redusert angst, ensomhet og depresjon.<\/p>\n<p>Den britisk-kanadiske forfatteren og internettaktivisten Cory Doctorow har kommet opp med en teori som skal forklare utviklingen. Han kaller det for \u00abenshittification\u00bb. Alts\u00e5 drittifisering.<\/p>\n<p><img decoding=\"async\"   src=\"data:image\/gif;base64,R0lGODlhAQABAIAAAAAAAP\/\/\/yH5BAEAAAAALAAAAAABAAEAAAIBRAA7\" loading=\"eager\" alt=\"Portrettbilde av forfatteren Cory Doctorow.\" title=\"Foto: Patricia De Melo Moreira \/ AFP\"\/><\/p>\n<p class=\"\">Forfatter Cory Doctorow er kritisk til forverringen av internett. Han kaller det hele for drittifisering.<\/p>\n<p>Foto: Patricia De Melo Moreira \/ AFP<\/p>\n<p>I sin siste bok beskriver Doctorow hvordan han mener tek-oligarkene suger alt av brukerverdi ut av tjenestene sine i l\u00f8pet av tre stadier:<\/p>\n<p>1. De tiltrekker masse folk med dritbra innhold helt gratis.<\/p>\n<p>2. De endrer tjenesten for \u00e5 legge til rette for annons\u00f8rer og reklameinntekter.<\/p>\n<p>3. De prioriterer egen profitt og gj\u00f8r alt til dritt fordi de har s\u00e5 mye makt og s\u00e5 mange brukere at de ikke lenger har noe konkurranse.<\/p>\n<p>Likevel bruker \u00e5tte av ti nordmenn sosiale medier daglig, if\u00f8lge SSB. Vi er avhengige, og Facebook er fremdeles st\u00f8rst. \u00abHjelp til alt i Norge\u00bb-gruppen kjenner ogs\u00e5 presset.<\/p>\n<p>\u2013 Vi merker det mest p\u00e5 antall svindelfors\u00f8k og nettroll, sier Linn om Facebooks utvikling.<\/p>\n<p>Meta ansl\u00e5r faktisk at ti prosent av inntektene deres i 2024 kommer fra svindelannonser. Det utgj\u00f8r omtrent 160 milliarder kroner. Svenske medier har g\u00e5tt sammen om \u00e5 anmelde Meta p\u00e5 grunn av disse svindelannonsene.<\/p>\n<p>NRK har sendt flere foresp\u00f8rsler til Meta for kommentar, men de har ikke svart.<\/p>\n<p>I denne sm\u00e5dystre konteksten st\u00e5r Facebook-gruppen \u00abHjelp til alt i Norge\u00bb i rak motsetning. Nettopp derfor f\u00f8les den s\u00e5 merkelig h\u00e5pefull. Som et lysende fyrt\u00e5rn i fellesskapets tjeneste. Et sosialt medium.<\/p>\n<p>Men hva slags mennesker best\u00e5r gruppen av?<\/p>\n<p>Mye folk som sliter<\/p>\n<p>Linn jobbet i flere \u00e5r som l\u00e6rer, blant annet med vanskeligstilte ungdommer som slet p\u00e5 skolen. Det har alltid v\u00e6rt naturlig for henne \u00e5 hjelpe andre.<\/p>\n<p>Foreldrene hennes jobbet med rusmisbrukere. Selv har hun kj\u00f8rt ut midt p\u00e5 natta for \u00e5 hente folk som har blitt kastet ut hjemmefra eller slitt med rus.<\/p>\n<p>Men for noen \u00e5r siden ble hun selv syk, og i dag er hun uf\u00f8r. Hjemmefra fant hun derfor en m\u00e5te hun kunne fortsette \u00e5 bidra i samfunnet p\u00e5.<\/p>\n<p><img decoding=\"async\"   src=\"data:image\/gif;base64,R0lGODlhAQABAIAAAAAAAP\/\/\/yH5BAEAAAAALAAAAAABAAEAAAIBRAA7\" loading=\"eager\" alt=\"En person sitter foran en datamaskin i et m\u00f8rkt rom. En skrivebordslampe lyser opp ansiktet svakt. Skjermen viser innhold fra Facebook.\" title=\"\"\/><\/p>\n<p>Facebook-gruppen er nesten som en fulltidsjobb, selv om den ikke betaler regningene. Linn ansl\u00e5r at hun bruker rundt fire timer om dagen p\u00e5 Facebook.<\/p>\n<p>\u2013 Jeg skroller ikke p\u00e5 kattevideoer, for \u00e5 si det s\u00e5nn.<\/p>\n<p>Grunnleggeren Stein Soltveit er en av de andre administratorene. Han forteller at det har tatt mange \u00e5r \u00e5 bygge opp gruppen. En del av inspirasjonen var at han s\u00e5 at folk ikke fikk den hjelpen de trengte fra ulike samfunnsinstitusjoner.<\/p>\n<p>\u2013 Det er derfor jeg gj\u00f8r det. Vi har inntrykk av at gruppen gir hjelp til mange personer. Og s\u00e5nne ting varmer, n\u00e5r man ser at alt arbeidet vi legger ned, faktisk n\u00e5r ut til folk, sier han.<\/p>\n<p>Stein forteller ogs\u00e5 at de noen ganger har bist\u00e5tt politiet i saker, og at nettpatruljen er til stede i gruppen. Men han vil ikke g\u00e5 inn p\u00e5 konkrete detaljer.<\/p>\n<p>I dag best\u00e5r medlemmene av alt fra leger og advokater til l\u00e6rere og uf\u00f8re. Det er mange folk som har det t\u00f8ft, og flere sliter med sykdom, Nav og \u00f8konomi.<\/p>\n<p>Noen er medlem for \u00e5 f\u00e5 hjelp, andre mest for \u00e5 tilby hjelp til andre.<\/p>\n<p>\u2013 De fleste er nok folk som ligger litt lavere inntektsmessig. Men det m\u00e5 ogs\u00e5 v\u00e6re rom for de som tjener 55.000 i m\u00e5neden og har andre typer problemer, sier Linn.<\/p>\n<p>Men det er ikke bare liv-og-d\u00f8d-sp\u00f8rsm\u00e5l som dukker opp i gruppen. Det er ogs\u00e5 helt hverdagslige ting, som dette:<\/p>\n<p><img decoding=\"async\"   src=\"data:image\/gif;base64,R0lGODlhAQABAIAAAAAAAP\/\/\/yH5BAEAAAAALAAAAAABAAEAAAIBRAA7\" loading=\"eager\" alt=\"Facebookinnlegg: &quot;Noen som har tips til hva jeg kan bruke kremost til? Utenom p\u00e5 kjeks, br\u00f8d og knekkebr\u00f8d?\" title=\"Foto: Skjermdump \/ NRK\"\/><\/p>\n<p>Foto: Skjermdump \/ NRK<\/p>\n<p>Varmer ekstremt<\/p>\n<p>Vi lever i en tid hvor det kan virke som at fellesskapet sliter.<\/p>\n<p>Ensomhet er et globalt folkehelseproblem if\u00f8lge Verdens helseorganisasjon (WHO). Ipsos melder at gjennomsnittsnordmannen er blitt mer individualistisk, en trend de sp\u00e5r vil prege fremtiden.<\/p>\n<p>Dette opplever Linn og Facebook-hjelperne stikk motsatt. De har for eksempel en \u00f8konomisk hjelpegruppe som de aktiverer mot juletider hvert \u00e5r.<\/p>\n<p>\u2013 Folk trommer sammen, og det er ofte de som har veldig lite selv som gir. De gir den femtilappen de kan avse. Det varmer s\u00e5 ekstremt \u00e5 ha en s\u00e5nn plattform.<\/p>\n<p><img decoding=\"async\"   src=\"data:image\/gif;base64,R0lGODlhAQABAIAAAAAAAP\/\/\/yH5BAEAAAAALAAAAAABAAEAAAIBRAA7\" loading=\"eager\" alt=\"En person sitter i en sofa sammen med en hund.\" title=\"\"\/><\/p>\n<p>Og det er denne varmen jeg kjenner p\u00e5 n\u00e5r jeg leser innleggene i gruppen. Det har blitt en del av min daglige mediediett.<\/p>\n<p>Jeg m\u00e5tte til og med pr\u00f8ve \u00e5 be om hjelp selv:<\/p>\n<p>    \u2190<\/p>\n<ul data-scroll-container=\"\" role=\"list\" aria-label=\"Bildegalleri\">\n<li><img alt=\"Innlegg i FB-gruppe.\"  width=\"3840\" height=\"3846\" loading=\"lazy\"\/><\/li>\n<li><img alt=\"Facebook-innlegg i gruppen.\"  width=\"3840\" height=\"3846\" loading=\"lazy\"\/> Foto: Skjermdump \/ Ruben Gr\u00f8ndahl Utaker \/ NRK <\/li>\n<li><img alt=\"Innlegg i facebook-gruppen.\"  width=\"3840\" height=\"3846\" loading=\"lazy\"\/> Foto: Skjermdump \/ Ruben Gr\u00f8ndahl Utaker \/ NRK <\/li>\n<\/ul>\n<p>\u2192<\/p>\n<p>Da fikk jeg gode r\u00e5d, selv om jeg har til gode \u00e5 ta dem i bruk. Jeg skroller fortsatt.<\/p>\n<p>Men gruppen minner om at internett ikke bare trenger \u00e5 v\u00e6re algoritmestyrt innhold som vil ha meg til \u00e5 glo p\u00e5 tull og kj\u00f8pe ting.<\/p>\n<p>Det kan ogs\u00e5 v\u00e6re mennesker som hjelper mennesker.<\/p>\n<p>    Hei!<\/p>\n<p>Takk for f\u00f8lget! Har du tanker om denne saken eller\u00a0tips om andre historier? Ikke n\u00f8l med \u00e5 sende av g\u00e5rde en e-post. Da blir jeg glad.\u00a0<\/p>\n","protected":false},"excerpt":{"rendered":"For noen uker siden sjekket jeg skjermtiden min. \u00d8yenbrynene mine hoppet opp i panna, og jeg slettet umiddelbart&hellip;\n","protected":false},"author":2,"featured_media":122617,"comment_status":"","ping_status":"","sticky":false,"template":"","format":"standard","meta":{"footnotes":""},"categories":[10],"tags":[20,21,24,25,15,22,23,13,30,28,29,14,16,26,27],"class_list":{"0":"post-122616","1":"post","2":"type-post","3":"status-publish","4":"format-standard","5":"has-post-thumbnail","7":"category-norge","8":"tag-breaking-news","9":"tag-breakingnews","10":"tag-featured-news","11":"tag-featurednews","12":"tag-headlines","13":"tag-latest-news","14":"tag-latestnews","15":"tag-news","16":"tag-no","17":"tag-norge","18":"tag-norway","19":"tag-nyheter","20":"tag-overskrifter","21":"tag-top-stories","22":"tag-topstories"},"share_on_mastodon":{"url":"https:\/\/pubeurope.com\/@no\/115790339396211105","error":""},"_links":{"self":[{"href":"https:\/\/www.europesays.com\/no\/wp-json\/wp\/v2\/posts\/122616","targetHints":{"allow":["GET"]}}],"collection":[{"href":"https:\/\/www.europesays.com\/no\/wp-json\/wp\/v2\/posts"}],"about":[{"href":"https:\/\/www.europesays.com\/no\/wp-json\/wp\/v2\/types\/post"}],"author":[{"embeddable":true,"href":"https:\/\/www.europesays.com\/no\/wp-json\/wp\/v2\/users\/2"}],"replies":[{"embeddable":true,"href":"https:\/\/www.europesays.com\/no\/wp-json\/wp\/v2\/comments?post=122616"}],"version-history":[{"count":0,"href":"https:\/\/www.europesays.com\/no\/wp-json\/wp\/v2\/posts\/122616\/revisions"}],"wp:featuredmedia":[{"embeddable":true,"href":"https:\/\/www.europesays.com\/no\/wp-json\/wp\/v2\/media\/122617"}],"wp:attachment":[{"href":"https:\/\/www.europesays.com\/no\/wp-json\/wp\/v2\/media?parent=122616"}],"wp:term":[{"taxonomy":"category","embeddable":true,"href":"https:\/\/www.europesays.com\/no\/wp-json\/wp\/v2\/categories?post=122616"},{"taxonomy":"post_tag","embeddable":true,"href":"https:\/\/www.europesays.com\/no\/wp-json\/wp\/v2\/tags?post=122616"}],"curies":[{"name":"wp","href":"https:\/\/api.w.org\/{rel}","templated":true}]}}