{"id":122620,"date":"2025-12-27T07:26:18","date_gmt":"2025-12-27T07:26:18","guid":{"rendered":"https:\/\/www.europesays.com\/no\/122620\/"},"modified":"2025-12-27T07:26:18","modified_gmt":"2025-12-27T07:26:18","slug":"pappa-john-northug-om-sonnen-william-4","status":"publish","type":"post","link":"https:\/\/www.europesays.com\/no\/122620\/","title":{"rendered":"Pappa John Northug om s\u00f8nnen William (4):"},"content":{"rendered":"<p>Det har v\u00e6rt fred og ro p\u00e5 familieg\u00e5rden Northug i noen \u00e5r.\u00a0<\/p>\n<p>De tre s\u00f8nnene Petter, Thomas og Even, som pleide \u00e5 lage liv og r\u00f8re, har flyttet ut for lenge siden.\u00a0<\/p>\n<p>Men s\u00e5, akkompagnert av et begeistret lite hyl, kommer en plastball susende gjennom stuen.\u00a0<\/p>\n<p>William Northug har gjort sin entr\u00e9.\u00a0<\/p>\n<p>\u2013 Hei, du, sier pappa John Northug og smiler.\u00a0<\/p>\n<p>TV 2 er p\u00e5 bes\u00f8k p\u00e5 g\u00e5rden i Mosvika i forbindelse med opptak til dokumentarserien\u00a0\u00abPappatreneren\u00bb.<\/p>\n<p>    <a href=\"https:\/\/play.tv2.no\/serier\/pappatreneren-m853vwck?utm_source=tv2.no&amp;utm_medium=promo&amp;utm_campaign=Pappatreneren&amp;utm_content=www.tv2.no\/sport\/pappa-northug-om-sonnen-han-danser-i-takt\/18367952\/\" rel=\"nofollow noopener\" target=\"_blank\"><\/p>\n<p>    <img class=\"image__img lazyload\" itemprop=\"image\" title=\"Foto: Robert Reinlund \/ TV 2\" alt=\"John Northug hjemme p\u00e5 g\u00e5rden der Petter Northug vokste opp. Sammen med sin fjerde s\u00f8nn, William Foto: Robert Reinlund \/ TV 2\" width=\"587\" height=\"411\" bad-src=\"https:\/\/www.europesays.com\/no\/wp-content\/uploads\/2025\/12\/18414122.webp\" fetchpriority=\"auto\" \/><\/p>\n<p>            Pappatreneren: \u2013 Slipp rattet<\/p>\n<p>\n                TV 2 Play\n            <\/p>\n<p>    <\/a><\/p>\n<p>Der er ogs\u00e5 ferskeste eksemplar Northug.\u00a0<\/p>\n<p>Med stolthet i blikket sier pappa at yngstemann er en liten dansel\u00f8ve.<\/p>\n<p>\u2013 Hvis det kommer musikk p\u00e5 TV, s\u00e5 spretter han opp og danser. Han danser i takt.\u00a0<\/p>\n<p>Til n\u00e5 har det v\u00e6rt mest dobbeldans med ski p\u00e5 beina p\u00e5 g\u00e5rden.\u00a0<\/p>\n<p>\u2013 Aldri v\u00e6rt der vi er uten pappa<\/p>\n<p>William kommer ikke til \u00e5 vokse opp p\u00e5 samme g\u00e5rden som sine eldre br\u00f8dre. Han nyter de fleste av sine barnedager i Hardanger.\u00a0<\/p>\n<p>Men han vil f\u00e5 med seg kulturen Petter, Thomas og Even har vokst opp med.\u00a0<\/p>\n<p>\u2013 Jeg mener jo han har glede av \u00e5 v\u00e6re fysisk aktiv, sier John Northug.<\/p>\n<p>        <img class=\"image__img lazyload\" itemprop=\"image\" title=\"Foto: Robert Reinlund \/ TV 2\" alt=\"P\u00e5 bes\u00f8k p\u00e5 g\u00e5rden til hos John Northug. Foto: Robert Reinlund \/ TV 2\" width=\"675\" height=\"493\" bad-src=\"https:\/\/www.europesays.com\/no\/wp-content\/uploads\/2025\/12\/18371194.webp\" fetchpriority=\"auto\" \/><\/p>\n<p>      P\u00e5 bes\u00f8k p\u00e5 g\u00e5rden til hos John Northug.<br \/>\n         Foto: Robert Reinlund \/ TV 2<\/p>\n<p>Da John Northugs eldste s\u00f8nner vokste opp, ble forholdene ble lagt til rette for fysisk utfoldelse.\u00a0<\/p>\n<p>I l\u00e5ven ble det hengt opp stang for pull-ups, tau man kunne klatre i, og en trampoline for kveldsaktivitet.\u00a0<\/p>\n<p>        <img class=\"image__img lazyload\" itemprop=\"image\" title=\"Foto: Robert Reinlund \/ TV 2\" alt=\"HJEMME: John Northug sammen med sin fjerde s\u00f8nn, William Foto: Robert Reinlund \/ TV 2\" width=\"675\" height=\"500\" bad-src=\"https:\/\/www.europesays.com\/no\/wp-content\/uploads\/2025\/12\/18414310.webp\" fetchpriority=\"auto\" \/><\/p>\n<p>      HJEMME: John Northug sammen med sin fjerde s\u00f8nn, William<br \/>\n         Foto: Robert Reinlund \/ TV 2<\/p>\n<p>I 2013 fikk John fylkesordf\u00f8reren i Nord-Tr\u00f8ndelag til \u00e5 bla opp for \u00e5 asfaltere en grusvei der guttene trente. N\u00e5 kunne de ogs\u00e5 g\u00e5 p\u00e5 rulleski rett nedenfor g\u00e5rden.<\/p>\n<p>\u2013 Guttene trengte \u00e5 v\u00e6re aktive. Det var jo mye aktivitet inne. Men vi m\u00e5tte jo flytte aktiviteten ut, for det ble hardt \u00e5 v\u00e6re b\u00e5de gulv og m\u00f8bler, sier John og ler.\u00a0<\/p>\n<p>John Northug vet mye om hvordan det er \u00e5 kombinere rollen som far og trener. Han mener n\u00f8kkelen ligger i en variert og aktiv barndom.\u00a0<\/p>\n<p>        <img class=\"image__img lazyload\" itemprop=\"image\" title=\"\" alt=\"\" width=\"675\" height=\"493\" bad-src=\"https:\/\/www.europesays.com\/no\/wp-content\/uploads\/2025\/12\/18371345.webp\" fetchpriority=\"auto\" \/><\/p>\n<p>Petter beskriver en hverdag der g\u00e5rdsarbeid ble solgt inn som noe annet, for \u00e5 motivere.\u00a0<\/p>\n<p>\u2013 Jeg var mye oppe i siloen, og pappa sa det var trenings\u00f8kt, s\u00e5 da var det lange dager, fra morgen til kveld.<\/p>\n<p>        <img class=\"image__img lazyload\" itemprop=\"image\" title=\"Foto: Vegard Wivestad Gr\u00f8tt \/ NTB\" alt=\"NUMMER \u00c9N: Petter Northug var suveren i langrennssporet. Det takker han pappa John for. Foto: Vegard Wivestad Gr\u00f8tt \/ NTB\" width=\"675\" height=\"473\" bad-src=\"https:\/\/www.europesays.com\/no\/wp-content\/uploads\/2025\/12\/18370888.webp\" fetchpriority=\"auto\" \/><\/p>\n<p>      NUMMER \u00c9N: Petter Northug var suveren i langrennssporet. Det takker han pappa John for.<br \/>\n         Foto: Vegard Wivestad Gr\u00f8tt \/ NTB<\/p>\n<p>Petter er ikke i tvil n\u00e5r han beskriver John Northugs betydning for karrieren.\u00a0\u00a0<\/p>\n<p class=\"bold m-bold\" data-lab-font_weight=\"bold\">\u2013 Vi hadde aldri v\u00e6rt verdens beste skil\u00f8pere. Vi hadde aldri v\u00e6rt der vi har v\u00e6rt og hatt disse resultatene med Thomas og Even og meg, uten pappa, det kan jeg si.<\/p>\n<p>\u2013 Skal bidra, hvis han vil<\/p>\n<p>Petter Northug har tidligere fortalt TV 2 om at det ble kj\u00f8rt opp skil\u00f8ype\u00a0 rundt hus og l\u00e5ve.\u00a0\u00a0<\/p>\n<p>        <img class=\"image__img lazyload\" itemprop=\"image\" title=\"Foto: Privat\" alt=\"D\u00d8PT: I sommer ble William d\u00f8pt i Nidarosdomen. Her med mamma S\u00f8lvi K. Rosseland. Foto: Privat\" width=\"338\" height=\"230\" bad-src=\"https:\/\/www.europesays.com\/no\/wp-content\/uploads\/2025\/12\/18413987.webp\" fetchpriority=\"auto\" \/><\/p>\n<p>      D\u00d8PT: I sommer ble William d\u00f8pt i Nidarosdomen. Her med mamma S\u00f8lvi K. Rosseland.<br \/>\n         Foto: Privat<\/p>\n<p>N\u00e5 er det William som tr\u00e5kker i br\u00f8drenes fotspor n\u00e5r han er p\u00e5 bes\u00f8k hos pappa.\u00a0<\/p>\n<p>Petter Northug mener forholdene ligger godt til rette for minstemann.\u00a0<\/p>\n<p>\u2013 Pappa vet jo veldig godt hva som kreves i barndommen, s\u00e5 der har han en mentor i faren sin.\u00a0<\/p>\n<p>        <img class=\"image__img lazyload\" itemprop=\"image\" title=\"Foto: Robert Reinlund \/ TV 2\" alt=\"John Northug hjemme p\u00e5 g\u00e5rden der Petter Northug vokste opp. Sammen med sin fjerde s\u00f8nn, William Foto: Robert Reinlund \/ TV 2\" width=\"675\" height=\"540\" bad-src=\"https:\/\/www.europesays.com\/no\/wp-content\/uploads\/2025\/12\/18413985.webp\" fetchpriority=\"auto\" \/><\/p>\n<p>      John Northug hjemme p\u00e5 g\u00e5rden der Petter Northug vokste opp. Sammen med sin fjerde s\u00f8nn, William<br \/>\n         Foto: Robert Reinlund \/ TV 2<\/p>\n<p>Med 90 mesterskapsmedaljer (OL, VM og NM) fordelt p\u00e5 tre br\u00f8dre, skal det ikke st\u00e5 p\u00e5 kompetansen om William vil satse p\u00e5 langrenn.\u00a0<\/p>\n<p class=\"bold m-bold\" data-lab-font_weight=\"bold\">\u2013 Han har tre br\u00f8dre som har gjort det bra i langrennssporet, og en som fremdeles er p\u00e5 landslaget, s\u00e5 vi har mye kunnskap i familien, hvis han \u00f8nsker \u00e5 bli en skil\u00f8per, sier Petter Northug til TV 2.\u00a0<\/p>\n<p>John Northug kommer ikke til \u00e5 presse yngstemann inn i langrennssporet. For 68-\u00e5ringen er det \u00e5 legge til rette for et best mulig grunnlag som gjelder.\u00a0<\/p>\n<p>        <img class=\"image__img lazyload\" itemprop=\"image\" title=\"Foto: Robert Reinlund \/ TV 2\" alt=\"P\u00e5 bes\u00f8k p\u00e5 g\u00e5rden til  hos John Northug, opptak til programmet Pappatrener Foto: Robert Reinlund \/ TV 2\" width=\"675\" height=\"534\" bad-src=\"https:\/\/www.europesays.com\/no\/wp-content\/uploads\/2025\/12\/18371479.webp\" fetchpriority=\"auto\" \/><\/p>\n<p>\u2013 Jeg tror fortsatt at det \u00e5 vokse opp med fysisk aktivitet, uansett hvilket resultat du f\u00e5r, s\u00e5 er det noe som gj\u00f8r noe med livet ditt.<\/p>\n<p>\u2013 Det m\u00e5 skapes idrettsglede. Og s\u00e5 m\u00e5 du oppleve noe positivt ved \u00e5 holde p\u00e5 med idretten, sier John Northug.<\/p>\n<p>    <a href=\"https:\/\/play.tv2.no\/serier\/pappatreneren-m853vwck?utm_source=tv2.no&amp;utm_medium=promo&amp;utm_campaign=Pappatreneren&amp;utm_content=www.tv2.no\/sport\/pappa-northug-om-sonnen-han-danser-i-takt\/18367952\/\" rel=\"nofollow noopener\" target=\"_blank\"><\/p>\n<p>    <img class=\"image__img lazyload\" itemprop=\"image\" title=\"\" alt=\"\" width=\"978\" height=\"551\" bad-src=\"https:\/\/www.europesays.com\/no\/wp-content\/uploads\/2025\/12\/18414117.webp\" fetchpriority=\"auto\" \/><\/p>\n<p>    <\/a><\/p>\n","protected":false},"excerpt":{"rendered":"Det har v\u00e6rt fred og ro p\u00e5 familieg\u00e5rden Northug i noen \u00e5r.\u00a0 De tre s\u00f8nnene Petter, Thomas og&hellip;\n","protected":false},"author":2,"featured_media":122621,"comment_status":"","ping_status":"","sticky":false,"template":"","format":"standard","meta":{"footnotes":""},"categories":[59],"tags":[30,28,29,83,82],"class_list":{"0":"post-122620","1":"post","2":"type-post","3":"status-publish","4":"format-standard","5":"has-post-thumbnail","7":"category-sport","8":"tag-no","9":"tag-norge","10":"tag-norway","11":"tag-sport","12":"tag-sports"},"share_on_mastodon":{"url":"https:\/\/pubeurope.com\/@no\/115790347180092143","error":""},"_links":{"self":[{"href":"https:\/\/www.europesays.com\/no\/wp-json\/wp\/v2\/posts\/122620","targetHints":{"allow":["GET"]}}],"collection":[{"href":"https:\/\/www.europesays.com\/no\/wp-json\/wp\/v2\/posts"}],"about":[{"href":"https:\/\/www.europesays.com\/no\/wp-json\/wp\/v2\/types\/post"}],"author":[{"embeddable":true,"href":"https:\/\/www.europesays.com\/no\/wp-json\/wp\/v2\/users\/2"}],"replies":[{"embeddable":true,"href":"https:\/\/www.europesays.com\/no\/wp-json\/wp\/v2\/comments?post=122620"}],"version-history":[{"count":0,"href":"https:\/\/www.europesays.com\/no\/wp-json\/wp\/v2\/posts\/122620\/revisions"}],"wp:featuredmedia":[{"embeddable":true,"href":"https:\/\/www.europesays.com\/no\/wp-json\/wp\/v2\/media\/122621"}],"wp:attachment":[{"href":"https:\/\/www.europesays.com\/no\/wp-json\/wp\/v2\/media?parent=122620"}],"wp:term":[{"taxonomy":"category","embeddable":true,"href":"https:\/\/www.europesays.com\/no\/wp-json\/wp\/v2\/categories?post=122620"},{"taxonomy":"post_tag","embeddable":true,"href":"https:\/\/www.europesays.com\/no\/wp-json\/wp\/v2\/tags?post=122620"}],"curies":[{"name":"wp","href":"https:\/\/api.w.org\/{rel}","templated":true}]}}