{"id":122626,"date":"2025-12-27T07:32:08","date_gmt":"2025-12-27T07:32:08","guid":{"rendered":"https:\/\/www.europesays.com\/no\/122626\/"},"modified":"2025-12-27T07:32:08","modified_gmt":"2025-12-27T07:32:08","slug":"kraftig-uver-i-nord-garasje-tatt-av-vinden-nrk-norge-oversikt-over-nyheter-fra-ulike-deler-av-landet-2","status":"publish","type":"post","link":"https:\/\/www.europesays.com\/no\/122626\/","title":{"rendered":"Kraftig uv\u00ear i nord \u2013 garasje tatt av vinden \u2013 NRK Norge \u2013 Oversikt over nyheter fra ulike deler av landet"},"content":{"rendered":"<p>If\u00f8lge straumstanskartet til <a href=\"https:\/\/arva.no\/stromstans\" ec-id=\"https:\/\/arva.no\/stromstans\" ec-name=\"Arva\" rel=\"nofollow noopener\" target=\"_blank\">Arva<\/a> og <a href=\"https:\/\/www.linea.no\/no\/kunde\/strombruddskart\" ec-id=\"https:\/\/www.linea.no\/no\/kunde\/strombruddskart\" ec-name=\"Linea\" rel=\"nofollow noopener\" target=\"_blank\">Linea<\/a> er over 8000 kundar utan straum i Nordland ved 8-tida laurdag.<\/p>\n<p>Dette gjelder 70 i Vester\u00e5len, if\u00f8lge <a href=\"https:\/\/kart.trollfjordkraft.no\/stromstans\/\" ec-id=\"https:\/\/kart.trollfjordkraft.no\/stromstans\/\" ec-name=\"Noranett\" rel=\"nofollow noopener\" target=\"_blank\">Noranett<\/a>.<\/p>\n<p>Tidlegare laurdag morgon var det 2500 som var ramma.<\/p>\n<p>Tatt av vinden<\/p>\n<p>Tidleg laurdag morgon blei ein garasje tatt av vinden i Finneidfjord i Hemnes kommune p\u00e5 Helgeland.<\/p>\n<p>Ingen personar blei skadde. Garasjen ligg n\u00e5 over ein veg.<\/p>\n<p>Politiet i Nordland melde om saka like f\u00f8r klokka fem.<\/p>\n<p><img decoding=\"async\"   src=\"data:image\/gif;base64,R0lGODlhAQABAIAAAAAAAP\/\/\/yH5BAEAAAAALAAAAAABAAEAAAIBRAA7\" loading=\"eager\" alt=\"E6 Saltfjellet stengt\" title=\"Foto: Statens Vegvesen\"\/><\/p>\n<p class=\"\">UV\u00caR: P\u00e5 grunn av uv\u00earet som rammar blant anna Nordland, blei E6 over Saltfjellet natt til laurdag stengd. Det er usikkert n\u00e5r han kan opne igjen.<\/p>\n<p>Foto: Statens Vegvesen<\/p>\n<p>\u00c5tvarar om kraftige vindkast<\/p>\n<p>Det er sendt ut oransje farevarsel om kraftig vind. Det kan sj\u00e5 ut som det ligg verst an i Nordland og S\u00f8r-Troms.<\/p>\n<p>Vindkasta kan komme opp i 35\u201344 meter per sekund, if\u00f8lge <a href=\"https:\/\/www.varsom.no\/vaervarsling\/varsel\/150100\" ec-id=\"https:\/\/www.varsom.no\/vaervarsling\/varsel\/150100\" ec-name=\"varselet\" rel=\"nofollow noopener\" target=\"_blank\">varselet<\/a>.<\/p>\n<p>Ogs\u00e5 i delar av S\u00f8r-Noreg bl\u00e5ser det kraftig. Det er sendt ut farevarsel p\u00e5 gult niv\u00e5 om vindkast for Innlandet og Tr\u00f8ndelag.<\/p>\n<p>Oransje fareniv\u00e5<\/p>\n<p><img decoding=\"async\"   src=\"data:image\/gif;base64,R0lGODlhAQABAIAAAAAAAP\/\/\/yH5BAEAAAAALAAAAAABAAEAAAIBRAA7\" loading=\"eager\" alt=\"Oransje fareniv\u00e5\" title=\"\"\/><\/p>\n<p>Blir det meldt om oransje niv\u00e5 skal du ta det sv\u00e6rt alvorleg. Dette er ikkje noko som skjer ofte, og det betyr stor fare. F\u00f8rebu deg p\u00e5 alvorlege konsekvensar, og tenk deg om en gang til hvis du har planar om \u00e5 opphalde deg i det aktuelle omr\u00e5det.<\/p>\n<ul>\n<li>V\u00earet kan f\u00f8re til alvorlege skadar<\/li>\n<li>Konsekvensane blir store for mange<\/li>\n<li>Reell fare for at liv og verdiar kan g\u00e5 tapt<\/li>\n<li>Stengte vegar, innstilte b\u00e5tar, fly m.m.<\/li>\n<\/ul>\n<p>Fareniv\u00e5a for styrtregn blei innf\u00f8rt sommaren 2020. Det er relativt nytt, og det er derfor ikkje nok erfaring til \u00e5 ha eit raudt niv\u00e5. Raudt niv\u00e5 betyr ekstremv\u00ear, og styrtregn \u00e5leine varer gjerne over ei avgrensa periode p\u00e5 nokre timar og treff lokalt.<\/p>\n<p>Kjelde: yr.no. <\/p>\n<p><img decoding=\"async\"   src=\"data:image\/gif;base64,R0lGODlhAQABAIAAAAAAAP\/\/\/yH5BAEAAAAALAAAAAABAAEAAAIBRAA7\" loading=\"eager\" alt=\"Fare for sv\u00e6rt krafige vindkast\" title=\"Foto: Varsom.no\"\/><\/p>\n<p class=\"\">Det er sendt ut oransje farevarsel for Nordland og delar av Troms laurdag. <\/p>\n<p>Foto: Varsom.no<\/p>\n<p>Fly og ferjer innstilt<\/p>\n<p>Fleire flygingar i Nord- og Midt-Noreg er laurdag innstilte, s\u00e6rleg p\u00e5 rutene til og fr\u00e5 Bod\u00f8. <\/p>\n<p>Tidleg p\u00e5 morgonen viser at \u00e5tte avgangar er kansellerte s\u00e5 langt, if\u00f8lge NTB.<\/p>\n<p>Disse er innstilte ved 6-tiden:<\/p>\n<p>En gjennomgang ved 6-tiden viser at \u00e5tte flygninger s\u00e5 langt er kansellert:<\/p>\n<ul>\n<li>WF1302 Bod\u00f8\u2013Trondheim\u2013Bergen, avgang 7.30<\/li>\n<li>SK4107 Bod\u00f8\u2013Oslo, avgang 9.45<\/li>\n<li>WF862 And\u00f8ya\u2013Troms\u00f8, avgang 9.15<\/li>\n<li>WF873 Troms\u00f8\u2013Harstad\/Narvik\u2013Bod\u00f8, avgang 10.20<\/li>\n<li>WF703 Br\u00f8nn\u00f8ysund\u2013Trondheim, avgang 10.50<\/li>\n<li>WF721 Sandnessj\u00f8en\u2013Trondheim, avgang 10.50<\/li>\n<li>WF785 R\u00f8rvik\u2013Namsos\u2013Trondheim, avgang 11.00<\/li>\n<li>WF764 Mo i Rana\u2013Bod\u00f8, avgang 11.35<\/li>\n<\/ul>\n<p>(NTB)<\/p>\n<p>Ferjene p\u00e5 strekninga Bod\u00f8\u2013V\u00e6r\u00f8y\u2013R\u00f8st\u2013Moskenes (riksveg 80) er heilt innstilt. Fleire avgangar blei ogs\u00e5 innstilte fredag.<\/p>\n<p>Ferjeavgangane mellom Bognes og L\u00f8dingen (riksveg 85) ogs\u00e5 innstilte, i tillegg til strekningane For\u00f8y\u2013\u00c5gskardet (fylkesveg 17) og Festv\u00e5g \u2013 Misten (fylkesveg 834), som er sambandet til Kjerring\u00f8y.<\/p>\n<p>I Troms er ferjestrekninga Stangnes\u2013S\u00f8rrollnes (fylkesveg 848), som knyter saman Harstad og Rolla, stengt, if\u00f8lge NTB.<\/p>\n<p>E6 stengt over Saltfjellet<\/p>\n<p>P\u00e5 grunn av uv\u00earet blei E6 over Saltfjellet stengd for all trafikk natt til laurdag.<\/p>\n<p>Vegen er stengd mellom Bolna bom og S\u00f8relva bom, og det er usikkert n\u00e5r vegen kan opne igjen.<\/p>\n<p>I tillegg er ei rekke fly innstilt.<\/p>\n<p>P\u00e5 riksveg 7 over Hardangervidda blei det ved tretida natt til laurdag innf\u00f8rt kolonnek\u00f8yring for b\u00e5de sm\u00e5 og store k\u00f8yret\u00f8y.<\/p>\n<p>Den gjeld mellom bommen ved Leiro i vest og Haugast\u00f8l i aust.<\/p>\n<p>\nDin nettleser st\u00f8tter ikke innbygging av eksternt innhold\n<\/p>\n<p>Publisert<\/p>\n<p>27.12.2025, kl. 05.55<\/p>\n<p>Oppdatert<\/p>\n<p>27.12.2025, kl. 08.31<\/p>\n","protected":false},"excerpt":{"rendered":"If\u00f8lge straumstanskartet til Arva og Linea er over 8000 kundar utan straum i Nordland ved 8-tida laurdag. Dette&hellip;\n","protected":false},"author":2,"featured_media":122619,"comment_status":"","ping_status":"","sticky":false,"template":"","format":"standard","meta":{"footnotes":""},"categories":[5],"tags":[20,21,24,25,15,19,22,23,17,18,13,30,28,29,14,16,26,27],"class_list":{"0":"post-122626","1":"post","2":"type-post","3":"status-publish","4":"format-standard","5":"has-post-thumbnail","7":"category-overskrifter","8":"tag-breaking-news","9":"tag-breakingnews","10":"tag-featured-news","11":"tag-featurednews","12":"tag-headlines","13":"tag-hovedoppslag","14":"tag-latest-news","15":"tag-latestnews","16":"tag-main-news","17":"tag-mainnews","18":"tag-news","19":"tag-no","20":"tag-norge","21":"tag-norway","22":"tag-nyheter","23":"tag-overskrifter","24":"tag-top-stories","25":"tag-topstories"},"share_on_mastodon":{"url":"https:\/\/pubeurope.com\/@no\/115790370923005391","error":""},"_links":{"self":[{"href":"https:\/\/www.europesays.com\/no\/wp-json\/wp\/v2\/posts\/122626","targetHints":{"allow":["GET"]}}],"collection":[{"href":"https:\/\/www.europesays.com\/no\/wp-json\/wp\/v2\/posts"}],"about":[{"href":"https:\/\/www.europesays.com\/no\/wp-json\/wp\/v2\/types\/post"}],"author":[{"embeddable":true,"href":"https:\/\/www.europesays.com\/no\/wp-json\/wp\/v2\/users\/2"}],"replies":[{"embeddable":true,"href":"https:\/\/www.europesays.com\/no\/wp-json\/wp\/v2\/comments?post=122626"}],"version-history":[{"count":0,"href":"https:\/\/www.europesays.com\/no\/wp-json\/wp\/v2\/posts\/122626\/revisions"}],"wp:featuredmedia":[{"embeddable":true,"href":"https:\/\/www.europesays.com\/no\/wp-json\/wp\/v2\/media\/122619"}],"wp:attachment":[{"href":"https:\/\/www.europesays.com\/no\/wp-json\/wp\/v2\/media?parent=122626"}],"wp:term":[{"taxonomy":"category","embeddable":true,"href":"https:\/\/www.europesays.com\/no\/wp-json\/wp\/v2\/categories?post=122626"},{"taxonomy":"post_tag","embeddable":true,"href":"https:\/\/www.europesays.com\/no\/wp-json\/wp\/v2\/tags?post=122626"}],"curies":[{"name":"wp","href":"https:\/\/api.w.org\/{rel}","templated":true}]}}