{"id":122627,"date":"2025-12-27T07:33:12","date_gmt":"2025-12-27T07:33:12","guid":{"rendered":"https:\/\/www.europesays.com\/no\/122627\/"},"modified":"2025-12-27T07:33:12","modified_gmt":"2025-12-27T07:33:12","slug":"lars-bohinen-trend-lars-bohinen-advarer-trenden-har-kommet-til-norge","status":"publish","type":"post","link":"https:\/\/www.europesays.com\/no\/122627\/","title":{"rendered":"Lars Bohinen, Trend | Lars Bohinen advarer: \u2013 Trenden har kommet til Norge"},"content":{"rendered":"\n<p>OSLO (Nettavisen): Lars Bohinen har st\u00e5tt uten jobb etter at han ga seg som trener for Jerv i juni.<\/p>\n<p>Da Nettavisen nylig spurte den tidligere landslagsspilleren om planene for framtiden, kunne han avsl\u00f8re at det hadde tikket inn et tilbud i kj\u00f8lvannet av at han forlot jobben p\u00e5 S\u00f8rlandet, men at han ikke vurderte det som spesielt aktuelt og sa nei.<\/p>\n<p>Bohinen kunne fortelle at han i bunn og grunn er litt usikker p\u00e5 framtiden og veien videre som fotballtrener.<\/p>\n<p>\u2013 Det har egentlig v\u00e6rt ganske stille, innr\u00f8mmer han til Nettavisen.<\/p>\n<p>\u2013 Og det er ikke s\u00e5 rart, heller, slik jeg opplever det. Trenden i norsk fotball n\u00e5 er at folk fra min generasjon har v\u00e6rt med i fotballen s\u00e5 lenge at de fleste opplever at vi bare blir resirkulert inn i systemet igjen. Jeg opplever at klubbene vil finne noe nytt, sier han.<\/p>\n<p>Bohinen har ingen illusjoner om ny toppjobb<\/p>\n<p>Han tror at mange trenere som har v\u00e6rt i gamet lenge, ikke lenger er like attraktive for klubbene.<\/p>\n<p>\u2013 Det gj\u00f8r det vanskeligere for enkelte av oss \u00e5 f\u00e5 jobb p\u00e5 h\u00f8yt niv\u00e5 som trener, tror 56-\u00e5ringen.<\/p>\n<p><b>Les ogs\u00e5: <a rel=\"Follow nofollow noopener\" href=\"https:\/\/www.nettavisen.no\/sport\/lars-bohinen-56-fikk-sinte-nordmenn-pa-nakken-kan-hende-det-gar-en-grense\/f\/5-95-2664296\" target=\"_blank\">Bohinen (56) fikk sinte nordmenn p\u00e5 nakken: \u2013 Kan g\u00e5 en grense<\/a><\/b><\/p>\n<p>\u2013 Det er nesten s\u00e5 det er viktigere \u00e5 f\u00e5 inn noe nytt, enn \u00e5 se p\u00e5 CV og resultater. Ofte tror jeg klubbledere tenker: \u00abOi, han er det ingen som har tenkt p\u00e5, det er spennende\u00bb. Men det er ikke s\u00e5 ofte det lykkes, mener Bohinen.<\/p>\n<p>\u00abDrillos\u00bb-helten vil derfor bruke litt tid p\u00e5 tenke seg om, f\u00f8r han tar et valg om hva som blir neste oppgave.<\/p>\n<p>\u2013 Det er der trenden er. Jeg har ikke noe illusjoner om at jeg n\u00f8dvendigvis f\u00e5r noen ny toppjobb med det f\u00f8rste.<\/p>\n<p>   <img decoding=\"async\" width=\"4283\" height=\"2851\" fetchpriority=\"low\"  loading=\"lazy\"  src=\"https:\/\/www.europesays.com\/no\/wp-content\/uploads\/2025\/12\/BB200621BB963.jpg\" alt=\"Et bilde av Lars Bohinen\" class=\"brick-c-cFOWSL\" style=\"--brick-image-ratio: 4283 \/ 2851;\"\/><\/p>\n<p>      TRENER: Lars Bohinen har ledet fra benken i flere norske klubber etter at han selv la opp som fotballspiller.<br \/>\n      Foto: Marius Simensen (Bildbyr\u00e5n)\n    <\/p>\n<p>\u2013 Men det er andre jobber i fotballen, som for eksempel sportssjef, som jeg var b\u00e5de i V\u00e5lerenga og Stab\u00e6k, og lyktes bra med. Ogs\u00e5 er det selvsagt andre jobber i fotballen det g\u00e5r an \u00e5 se p\u00e5. I utgangspunktet sitter jeg litt p\u00e5 gjerdet og tenker.<\/p>\n<p>    Vil du se neste video?<\/p>\n<p>    <a href=\"https:\/\/www.nettavisen.no\/nyheter\/stripper-pa-string-showbar-i-oslo-avslorer-slik-far-jeg-mest-tips-i-trusa\/v\/5-95-2772941\" class=\"recommend-poster\" data-adp-clicklabel=\"video-recommend\" data-adp-clickvalue=\"poster\" rel=\"nofollow noopener\" target=\"_blank\"><br \/>\n      <img decoding=\"async\" width=\"200\" height=\"200\" loading=\"lazy\" src=\"https:\/\/www.europesays.com\/no\/wp-content\/uploads\/2025\/12\/Stripper+til+cue.jpg\" alt=\"\" class=\"brick-c-cFOWSL\" style=\"--brick-image-ratio: 200 \/ 200;\"\/><\/p>\n<p>Stripper avsl\u00f8rer: \u2013 Slik f\u00e5r jeg mest tips i trusa1:46<\/p>\n<p>    <\/a><\/p>\n<p>Klubber vil ha unge trenere: \u2013 G\u00e5r ofte galt<\/p>\n<p>I Fotball-Europa er det en tydelig trend: Klubbene ansetter stadig oftere unge trenere.<\/p>\n<p>I engelske Brighton er for eksempel manager Fabian H\u00fcrzeler bare 32 \u00e5r, mens Rosenborg i desember 2023 valgte \u00e5 g\u00e5 for den da 33 \u00e5r gamle Alfred Johansson (n\u00e5 35) da tr\u00f8nderne skulle ha ny trener. Bohinen tror alts\u00e5 veldig mange klubber tenker p\u00e5 alder.<\/p>\n<p><b>Les ogs\u00e5: <a rel=\"Follow nofollow noopener\" href=\"https:\/\/www.nettavisen.no\/sport\/kenneth-fredheim-59-var-en-bauta-pa-norsk-tv-privat-utspilte-det-seg-en-rystende-historie\/f\/5-95-2287548\" target=\"_blank\">Var en bauta p\u00e5 norsk TV: Privat utspilte det seg en grusom historie<\/a><\/b><\/p>\n<p>\u2013 S\u00e5 glemmer vi at i de st\u00f8rste klubbene, med enkelte unntak, s\u00e5 er det litt eldre folk med erfaring. Det \u00e5 lede en stor fotballklubb i dag, det er kanskje ikke noe du skal \u00f8ve p\u00e5, men heller noe du har erfart ved \u00e5 komme opp via en stige.<\/p>\n<p>\u2013 Du ser ofte at det g\u00e5r galt, n\u00e5r folk blir hentet inn i et slikt milj\u00f8 uten erfaring, selv om det ogs\u00e5 lykkes for noen, det er alltid unntak.<\/p>\n<p>   <img decoding=\"async\" width=\"6425\" height=\"4283\" fetchpriority=\"low\"  loading=\"lazy\"  src=\"https:\/\/www.europesays.com\/no\/wp-content\/uploads\/2025\/12\/NTB_29d1M5xw9xE.jpg\" alt=\"Et bilde av Alfred Johansson\" class=\"brick-c-cFOWSL\" style=\"--brick-image-ratio: 6425 \/ 4283;\"\/><\/p>\n<p>      UNG: Alfred Johansson var bare 33 \u00e5r da han ble ansatt som Rosenborg-trener.<br \/>\n      Foto: Annika Byrde (NTB)\n    <\/p>\n<p>56-\u00e5ringen minner om at det fortsatt er mange ringrever der ute som gj\u00f8r det skarpt.<\/p>\n<p>\u2013 Carlo Ancelotti leverte i mange \u00e5r, Antonio Conte er over 50 \u00e5r, Pep Guardiola er over 50 \u00e5r. Det er ingen som sier at de er d\u00e5rlige trenere. Men du er avhengig av \u00e5 ha resultater med deg, understreker Bohinen.<\/p>\n<p>\u2013 Men jeg mener at denne trenden ogs\u00e5 har kommet i Norge.<\/p>\n<p>Ikke bare fotballtrener: \u2013 Du er ogs\u00e5 leder<\/p>\n<p>Der trenere fra generasjonen til Bohinen stort sett kommer fra fotballmilj\u00f8et, og har erfaring fra h\u00f8yt niv\u00e5 som aktive, ser vi dag en tendens til at en mastergrad fra eksempelvis Portugal og en mer akademisk tiln\u00e6rming ogs\u00e5 blir h\u00f8yt ansett i fotballmilj\u00f8et.<\/p>\n<p>\u2013 Det er nok litt den veien det g\u00e5r, men det er noen klubber som har f\u00e5tt merke at det \u00e5 hente en trener som er ren akademiker ikke n\u00f8dvendigvis er n\u00f8kkelen til suksess. Det \u00e5 ha erfaringen er viktig.<\/p>\n<p><b>Les ogs\u00e5: <a rel=\"Follow nofollow noopener\" href=\"https:\/\/www.nettavisen.no\/sport\/nar-randi-gustad-48-ringer-moren-kan-hun-bli-mott-av-stemmen-til-sin-avdode-pappa\/f\/5-95-2468656\" target=\"_blank\">Randi Gustad f\u00e5r kl\u00f8e av trenden i Norge: \u2013 Kan g\u00e5 for langt<\/a><\/b><\/p>\n<p>\u2013 Det er ikke avgj\u00f8rende og alle trenere har ikke suksess, men jeg tror det er en fordel \u00e5 ha v\u00e6rt spiller p\u00e5 h\u00f8yt niv\u00e5.<\/p>\n<p>   <img decoding=\"async\" width=\"7008\" height=\"4672\" fetchpriority=\"low\"  loading=\"lazy\"  src=\"https:\/\/www.europesays.com\/no\/wp-content\/uploads\/2025\/12\/Lars+Bohinen-02.jpg\" alt=\"Lars Bohinen avbildet under intervju med Nettavisen f\u00f8r herrelandslagets VM-kvalifiseringskamp mot Israel p\u00e5 Ullevaal stadion.\" class=\"brick-c-cFOWSL\" style=\"--brick-image-ratio: 7008 \/ 4672;\"\/><\/p>\n<p>      INTERVJU: Lars Bohinen satt seg ned sammen med Nettavisen tidligere i h\u00f8st.<br \/>\n      Foto: H\u00e5vard Hjorthaug Vege (Nettavisen)\n    <\/p>\n<p>Bohinen peker p\u00e5 at det gir kjennskap til milj\u00f8, mekanismer og hvordan ting beveger seg i en spillergruppe og klubb.<\/p>\n<p>\u2013 Det \u00e5 lede et stort team er en egen gren. Trenerutdannelsen i dag fokuserer mest p\u00e5 det \u00e5 v\u00e6re leder, ikke bare fotballtrener. Det er mange som kan veldig mye om fotball, men som trener er du ogs\u00e5 leder, leder for en kompetansegruppe.<\/p>\n<p>\u2013 Det er ikke n\u00f8dvendigvis lett om du er 32 \u00e5r, nyutdannet og akkurat har f\u00e5tt Pro-lisensen din, mener Bohinen.<\/p>\n<p>Selv har Bohinen spilt for klubber som Lyn, V\u00e5lerenga, Viking, Young Boys i Sveits, Nottingham Forest, Derby og Blackburn i England, samt en periode i dansk fotball. Som trener har han v\u00e6rt i Sandefjord, Aalesund, Sarpsborg, Stab\u00e6k og n\u00e5 sist i Jerv.<\/p>\n","protected":false},"excerpt":{"rendered":"OSLO (Nettavisen): Lars Bohinen har st\u00e5tt uten jobb etter at han ga seg som trener for Jerv i&hellip;\n","protected":false},"author":2,"featured_media":122628,"comment_status":"","ping_status":"","sticky":false,"template":"","format":"standard","meta":{"footnotes":""},"categories":[59],"tags":[30,28,29,83,82],"class_list":{"0":"post-122627","1":"post","2":"type-post","3":"status-publish","4":"format-standard","5":"has-post-thumbnail","7":"category-sport","8":"tag-no","9":"tag-norge","10":"tag-norway","11":"tag-sport","12":"tag-sports"},"share_on_mastodon":{"url":"https:\/\/pubeurope.com\/@no\/115790374982573213","error":""},"_links":{"self":[{"href":"https:\/\/www.europesays.com\/no\/wp-json\/wp\/v2\/posts\/122627","targetHints":{"allow":["GET"]}}],"collection":[{"href":"https:\/\/www.europesays.com\/no\/wp-json\/wp\/v2\/posts"}],"about":[{"href":"https:\/\/www.europesays.com\/no\/wp-json\/wp\/v2\/types\/post"}],"author":[{"embeddable":true,"href":"https:\/\/www.europesays.com\/no\/wp-json\/wp\/v2\/users\/2"}],"replies":[{"embeddable":true,"href":"https:\/\/www.europesays.com\/no\/wp-json\/wp\/v2\/comments?post=122627"}],"version-history":[{"count":0,"href":"https:\/\/www.europesays.com\/no\/wp-json\/wp\/v2\/posts\/122627\/revisions"}],"wp:featuredmedia":[{"embeddable":true,"href":"https:\/\/www.europesays.com\/no\/wp-json\/wp\/v2\/media\/122628"}],"wp:attachment":[{"href":"https:\/\/www.europesays.com\/no\/wp-json\/wp\/v2\/media?parent=122627"}],"wp:term":[{"taxonomy":"category","embeddable":true,"href":"https:\/\/www.europesays.com\/no\/wp-json\/wp\/v2\/categories?post=122627"},{"taxonomy":"post_tag","embeddable":true,"href":"https:\/\/www.europesays.com\/no\/wp-json\/wp\/v2\/tags?post=122627"}],"curies":[{"name":"wp","href":"https:\/\/api.w.org\/{rel}","templated":true}]}}