{"id":122629,"date":"2025-12-27T07:38:08","date_gmt":"2025-12-27T07:38:08","guid":{"rendered":"https:\/\/www.europesays.com\/no\/122629\/"},"modified":"2025-12-27T07:38:08","modified_gmt":"2025-12-27T07:38:08","slug":"uvaer-vestvagoy-uvaeret-er-i-gang-bruer-stengt-pa-grunn-av-sterk-vind","status":"publish","type":"post","link":"https:\/\/www.europesays.com\/no\/122629\/","title":{"rendered":"Uv\u00e6r, Vestv\u00e5g\u00f8y | Uv\u00e6ret er i gang: \u2013 Bruer stengt p\u00e5 grunn av sterk vind"},"content":{"rendered":"\n<p>Meteorologene har sendt ut b\u00e5de gult og oransje farevarsel for mye vind i Lofoten l\u00f8rdag. Det er meldt sterk storm fra nordvest med vindkast p\u00e5 opptil 44 m\/s. Den sterkeste vinden er ventet p\u00e5 formiddagen og at vinden vil spakne utover ettermiddagen. L\u00f8rdag ettermiddag blir sn\u00f8byger som kan f\u00f8re til sn\u00f8fokk.<\/p>\n<p>I f\u00f8lge <a href=\"www.barentswatch.no\" rel=\"Follow\">Barentswatch.no <\/a>der det l\u00f8rdag formiddag eventet en maksimal b\u00f8lgeh\u00f8yde p\u00e5 22 meter p\u00e5 Yttersia. Den  b\u00f8lgeh\u00f8yde er ventet \u00e5 ligge p\u00e5 11,6 meter.<\/p>\n<p>Vei og bruer<\/p>\n<p><b>Klokken 06.00 melder Veitrafikksentralen at brua over Gims\u00f8ystraumen i V\u00e5gan og K\u00e5kern bru i Flakstad er stengt p\u00e5 grunn av sterk vind. P\u00e5 K\u00e5kern brua ble det klokken 0720 m\u00e5lt vindkast p\u00e5 36 m\/s, mens det klokkken 0730 ble m\u00e5lt hele 54,1 m\/s p\u00e5 Gims\u00f8ybrua. <\/b><\/p>\n<p>Tjeldsundbrua kan bli stengt p\u00e5 kort varsel p\u00e5 grunn av sterk vind.<\/p>\n<p>Klokken 07.19 melder VTS at fylkesvei 815 i Storfjorden p\u00e5 Vestv\u00e5g\u00f8y kan bli stengt p\u00e5 kort varsel p\u00e5 grunn tr\u00e6r og busker i veibanen.<\/p>\n<p>Vind<\/p>\n<p>Det har bl\u00e5st friskt mange steder i Lofoten natt til l\u00f8rdag og l\u00f8rdag morgen er vinden sv\u00e6rt kraftig flere steder.<\/p>\n<p>Klokken 06.20 ble det if\u00f8lge<a href=\"www.vindn%C3%A5.no\" rel=\"Follow\"> Vindn\u00e5.no <\/a>m\u00e5lt vindkast p\u00e5 41 m\/s p\u00e5 R\u00f8st, 44,9 m\/s p\u00e5 K\u00e5kern bru i Flakstad. Klokken 0720 ble det m\u00e5lt vindkast p\u00e5 48.7 m\/s p\u00e5 Gims\u00f8ysbrua.<\/p>\n<p>Fly<\/p>\n<p>Wider\u00f8e melder at flyet som skulle g\u00e5tt fra Bod\u00f8 til Leknes og R\u00f8st klokken 0810 er innstilt.<\/p>\n<p>Busser og ferger<\/p>\n<p>Det varslede v\u00e6ret ha f\u00f8rt til at det at det aller meste av kollektiv transport er innstilt utover l\u00f8rdag.<\/p>\n<p>Alt av busser i, og til og fra Lofoten er innstilt. Ny vurdering blir tatt l\u00f8rdag klokken 18.00.<\/p>\n<p>Fergesambandene Bod\u00f8-V\u00e6r\u00f8y-R\u00f8st. Moskenes, Skrova-Svolv\u00e6r, Melbu- Fiskeb\u00f8l og Bognes &#8211; L\u00f8dingen er innstilt inntil videre. <\/p>\n<p>  <a href=\"https:\/\/www.lofotposten.no\/5-29-883366\" class=\"related-teaser default-story-teaser article--c-eRUmMG article--c-eRUmMG-jKCPdD-design-default article--c-eRUmMG-kpKLOW-cv\" rel=\"nofollow noopener\" target=\"_blank\"><\/p>\n<p>\n            Les ogs\u00e5<\/p>\n<p>              Direkte: Slik ser det ut i trafikken n\u00e5\n        <\/p>\n<p>  <\/a><\/p>\n<p>Har du tips eller bilder s\u00e5 send de gjerne til oss. red@lofotposten.no eller 41554000.<\/p>\n<p><b>HUSK \u00e5 sette egen sikkerhet f\u00f8rst. Ikke ta noen sjanser!<\/b><\/p>\n","protected":false},"excerpt":{"rendered":"Meteorologene har sendt ut b\u00e5de gult og oransje farevarsel for mye vind i Lofoten l\u00f8rdag. Det er meldt&hellip;\n","protected":false},"author":2,"featured_media":9634,"comment_status":"","ping_status":"","sticky":false,"template":"","format":"standard","meta":{"footnotes":""},"categories":[10],"tags":[36,20,21,24,25,1186,15,22,23,1461,13,30,28,29,14,16,1463,1510,26,27,3230,1459,1462,1460],"class_list":{"0":"post-122629","1":"post","2":"type-post","3":"status-publish","4":"format-standard","5":"has-post-thumbnail","7":"category-norge","8":"tag-art","9":"tag-breaking-news","10":"tag-breakingnews","11":"tag-featured-news","12":"tag-featurednews","13":"tag-flakstad","14":"tag-headlines","15":"tag-latest-news","16":"tag-latestnews","17":"tag-moskenes","18":"tag-news","19":"tag-no","20":"tag-norge","21":"tag-norway","22":"tag-nyheter","23":"tag-overskrifter","24":"tag-rost","25":"tag-story","26":"tag-top-stories","27":"tag-topstories","28":"tag-uvaer","29":"tag-vagan","30":"tag-vaeroy","31":"tag-vestvagoy"},"share_on_mastodon":{"url":"https:\/\/pubeurope.com\/@no\/115790394370791930","error":""},"_links":{"self":[{"href":"https:\/\/www.europesays.com\/no\/wp-json\/wp\/v2\/posts\/122629","targetHints":{"allow":["GET"]}}],"collection":[{"href":"https:\/\/www.europesays.com\/no\/wp-json\/wp\/v2\/posts"}],"about":[{"href":"https:\/\/www.europesays.com\/no\/wp-json\/wp\/v2\/types\/post"}],"author":[{"embeddable":true,"href":"https:\/\/www.europesays.com\/no\/wp-json\/wp\/v2\/users\/2"}],"replies":[{"embeddable":true,"href":"https:\/\/www.europesays.com\/no\/wp-json\/wp\/v2\/comments?post=122629"}],"version-history":[{"count":0,"href":"https:\/\/www.europesays.com\/no\/wp-json\/wp\/v2\/posts\/122629\/revisions"}],"wp:featuredmedia":[{"embeddable":true,"href":"https:\/\/www.europesays.com\/no\/wp-json\/wp\/v2\/media\/9634"}],"wp:attachment":[{"href":"https:\/\/www.europesays.com\/no\/wp-json\/wp\/v2\/media?parent=122629"}],"wp:term":[{"taxonomy":"category","embeddable":true,"href":"https:\/\/www.europesays.com\/no\/wp-json\/wp\/v2\/categories?post=122629"},{"taxonomy":"post_tag","embeddable":true,"href":"https:\/\/www.europesays.com\/no\/wp-json\/wp\/v2\/tags?post=122629"}],"curies":[{"name":"wp","href":"https:\/\/api.w.org\/{rel}","templated":true}]}}