{"id":122630,"date":"2025-12-27T07:39:11","date_gmt":"2025-12-27T07:39:11","guid":{"rendered":"https:\/\/www.europesays.com\/no\/122630\/"},"modified":"2025-12-27T07:39:11","modified_gmt":"2025-12-27T07:39:11","slug":"politi-haugesund-fire-16-aringer-til-sykehus-etter-mopedbilulykke","status":"publish","type":"post","link":"https:\/\/www.europesays.com\/no\/122630\/","title":{"rendered":"Politi, Haugesund | Fire 16-\u00e5ringer til sykehus etter mopedbilulykke"},"content":{"rendered":"\n<p><b>HAUGESUND: <\/b>Natt til l\u00f8rdag rykket n\u00f8detatene ut til en trafikkulykke p\u00e5 Steinsfjellet. En mopedbil med fire ungdommer kj\u00f8rte av veien og havnet ned en skr\u00e5ning.<\/p>\n<p>Politiet ble varslet om ulykken klokka 00.44. Ved ankomst viste det seg at en mopedbil hadde kj\u00f8rt ut av veien, ned en skr\u00e5ning og truffet et fartsskilt. <\/p>\n<p>Kj\u00f8ret\u00f8yet er totalskadd etter hendelsen.<\/p>\n<p>Fraktet til akuttmottaket<\/p>\n<p>Fire 16 \u00e5r gamle gutter var involvert i ulykken. Da politiet og ambulanse ankom stedet, var samtlige ute av kj\u00f8ret\u00f8yet, men skadeomfanget var i utgangspunktet uvisst.<\/p>\n<p><b>\u2013 Alle de fire personene er kj\u00f8rt til akuttmottaket. Minst \u00e9n av de involverte hadde v\u00e6rt bevisstl\u00f8s, men var ved bevissthet da de ble fraktet til sykehuset, opplyser operasjonsleder Helene Strand i S\u00f8r-Vest politidistrikt i en oppdatering klokka 03.33.<\/b><\/p>\n<p>Mistenker at bilen var overlastet<\/p>\n<p>Mopedbiler er normalt registrert for maksimalt to personer \u2013 en f\u00f8rer og \u00e9n passasjer \u2013 en begrensning som ogs\u00e5 skal gjelde denne bilen.<\/p>\n<p>Politiet mistenker at alle de fire 16-\u00e5ringene befant seg inne i det lille kj\u00f8ret\u00f8yet da ulykken inntraff.<\/p>\n<p><b>\u2013 F\u00f8rer vil f\u00e5 sitt f\u00f8rerkort beslaglagt som f\u00f8lge av hendelsen, opplyser operasjonslederen.<\/b><\/p>\n<p>Ikke glatt p\u00e5 stedet<\/p>\n<p>Ulykken skjedde i en 30-sone. Selv om fartsgrenseskiltet ble meid ned under utforkj\u00f8ringen, er det forel\u00f8pig uvisst hvilken hastighet mopedbilen holdt.<\/p>\n<p>If\u00f8lge operasjonslederen var det ikke glatte veier p\u00e5 ulykkesstedet. Veien ble i en periode preget av trafikale utfordringer mens n\u00f8detatene arbeidet og kj\u00f8ret\u00f8yet ble sikret.<\/p>\n<p>Politiet har forel\u00f8pig ikke ytterligere informasjon om helsetilstanden til de fire guttene.<\/p>\n","protected":false},"excerpt":{"rendered":"HAUGESUND: Natt til l\u00f8rdag rykket n\u00f8detatene ut til en trafikkulykke p\u00e5 Steinsfjellet. En mopedbil med fire ungdommer kj\u00f8rte&hellip;\n","protected":false},"author":2,"featured_media":23205,"comment_status":"","ping_status":"","sticky":false,"template":"","format":"standard","meta":{"footnotes":""},"categories":[5],"tags":[36,20,21,24,25,1337,15,19,22,23,17,18,14542,13,30,28,29,14,16,254,1510,26,27,224,666],"class_list":{"0":"post-122630","1":"post","2":"type-post","3":"status-publish","4":"format-standard","5":"has-post-thumbnail","7":"category-overskrifter","8":"tag-art","9":"tag-breaking-news","10":"tag-breakingnews","11":"tag-featured-news","12":"tag-featurednews","13":"tag-haugesund","14":"tag-headlines","15":"tag-hovedoppslag","16":"tag-latest-news","17":"tag-latestnews","18":"tag-main-news","19":"tag-mainnews","20":"tag-mopedbil","21":"tag-news","22":"tag-no","23":"tag-norge","24":"tag-norway","25":"tag-nyheter","26":"tag-overskrifter","27":"tag-politi","28":"tag-story","29":"tag-top-stories","30":"tag-topstories","31":"tag-trafikk","32":"tag-trafikkulykke"},"share_on_mastodon":{"url":"https:\/\/pubeurope.com\/@no\/115790398245958405","error":""},"_links":{"self":[{"href":"https:\/\/www.europesays.com\/no\/wp-json\/wp\/v2\/posts\/122630","targetHints":{"allow":["GET"]}}],"collection":[{"href":"https:\/\/www.europesays.com\/no\/wp-json\/wp\/v2\/posts"}],"about":[{"href":"https:\/\/www.europesays.com\/no\/wp-json\/wp\/v2\/types\/post"}],"author":[{"embeddable":true,"href":"https:\/\/www.europesays.com\/no\/wp-json\/wp\/v2\/users\/2"}],"replies":[{"embeddable":true,"href":"https:\/\/www.europesays.com\/no\/wp-json\/wp\/v2\/comments?post=122630"}],"version-history":[{"count":0,"href":"https:\/\/www.europesays.com\/no\/wp-json\/wp\/v2\/posts\/122630\/revisions"}],"wp:featuredmedia":[{"embeddable":true,"href":"https:\/\/www.europesays.com\/no\/wp-json\/wp\/v2\/media\/23205"}],"wp:attachment":[{"href":"https:\/\/www.europesays.com\/no\/wp-json\/wp\/v2\/media?parent=122630"}],"wp:term":[{"taxonomy":"category","embeddable":true,"href":"https:\/\/www.europesays.com\/no\/wp-json\/wp\/v2\/categories?post=122630"},{"taxonomy":"post_tag","embeddable":true,"href":"https:\/\/www.europesays.com\/no\/wp-json\/wp\/v2\/tags?post=122630"}],"curies":[{"name":"wp","href":"https:\/\/api.w.org\/{rel}","templated":true}]}}