{"id":122631,"date":"2025-12-27T07:45:14","date_gmt":"2025-12-27T07:45:14","guid":{"rendered":"https:\/\/www.europesays.com\/no\/122631\/"},"modified":"2025-12-27T07:45:14","modified_gmt":"2025-12-27T07:45:14","slug":"brann-ulykker-og-hendelser-hus-overtent","status":"publish","type":"post","link":"https:\/\/www.europesays.com\/no\/122631\/","title":{"rendered":"Brann, Ulykker og hendelser | Hus overtent"},"content":{"rendered":"\n<p>Klokken 06.31 l\u00f8rdag morgen mottok politiet melding om en boligbrann p\u00e5 Rogne i \u00d8ystre Slidre. Oppdragsleder Tommy \u00d8kland opplyser at beboerne i huset er ute og i trygghet, men at boligen fremst\u00e5r som overtent. <\/p>\n<p>If\u00f8lge oppdragslederen f\u00f8rer vinden til at mye gnister flyr rundt. Mye sn\u00f8 p\u00e5 stedet minimerer spredningsfaren. <\/p>\n<p>Klokken 07.44 driver brannvesenet fremdeles med slukking. \u00d8kland opplyser til OA at slukningsarbeidet er krevende p\u00e5 grunn av vinden. <\/p>\n<p>Det er meldt om kraftig vind i store deler av Innlandet l\u00f8rdag. <\/p>\n<p>\u2013 Det var full overtenning da brannvesenet ankom stedet, sier \u00d8kland. <\/p>\n<p>OA oppdaterer saken. <\/p>\n","protected":false},"excerpt":{"rendered":"Klokken 06.31 l\u00f8rdag morgen mottok politiet melding om en boligbrann p\u00e5 Rogne i \u00d8ystre Slidre. Oppdragsleder Tommy \u00d8kland&hellip;\n","protected":false},"author":2,"featured_media":4217,"comment_status":"","ping_status":"","sticky":false,"template":"","format":"standard","meta":{"footnotes":""},"categories":[10],"tags":[36,367,20,21,24,25,15,22,23,13,30,28,29,14,16,1510,26,27,941,1646],"class_list":{"0":"post-122631","1":"post","2":"type-post","3":"status-publish","4":"format-standard","5":"has-post-thumbnail","7":"category-norge","8":"tag-art","9":"tag-brann","10":"tag-breaking-news","11":"tag-breakingnews","12":"tag-featured-news","13":"tag-featurednews","14":"tag-headlines","15":"tag-latest-news","16":"tag-latestnews","17":"tag-news","18":"tag-no","19":"tag-norge","20":"tag-norway","21":"tag-nyheter","22":"tag-overskrifter","23":"tag-story","24":"tag-top-stories","25":"tag-topstories","26":"tag-ulykker-og-hendelser","27":"tag-valdres"},"share_on_mastodon":{"url":"https:\/\/pubeurope.com\/@no\/115790421880494673","error":""},"_links":{"self":[{"href":"https:\/\/www.europesays.com\/no\/wp-json\/wp\/v2\/posts\/122631","targetHints":{"allow":["GET"]}}],"collection":[{"href":"https:\/\/www.europesays.com\/no\/wp-json\/wp\/v2\/posts"}],"about":[{"href":"https:\/\/www.europesays.com\/no\/wp-json\/wp\/v2\/types\/post"}],"author":[{"embeddable":true,"href":"https:\/\/www.europesays.com\/no\/wp-json\/wp\/v2\/users\/2"}],"replies":[{"embeddable":true,"href":"https:\/\/www.europesays.com\/no\/wp-json\/wp\/v2\/comments?post=122631"}],"version-history":[{"count":0,"href":"https:\/\/www.europesays.com\/no\/wp-json\/wp\/v2\/posts\/122631\/revisions"}],"wp:featuredmedia":[{"embeddable":true,"href":"https:\/\/www.europesays.com\/no\/wp-json\/wp\/v2\/media\/4217"}],"wp:attachment":[{"href":"https:\/\/www.europesays.com\/no\/wp-json\/wp\/v2\/media?parent=122631"}],"wp:term":[{"taxonomy":"category","embeddable":true,"href":"https:\/\/www.europesays.com\/no\/wp-json\/wp\/v2\/categories?post=122631"},{"taxonomy":"post_tag","embeddable":true,"href":"https:\/\/www.europesays.com\/no\/wp-json\/wp\/v2\/tags?post=122631"}],"curies":[{"name":"wp","href":"https:\/\/api.w.org\/{rel}","templated":true}]}}