{"id":122632,"date":"2025-12-27T07:46:17","date_gmt":"2025-12-27T07:46:17","guid":{"rendered":"https:\/\/www.europesays.com\/no\/122632\/"},"modified":"2025-12-27T07:46:17","modified_gmt":"2025-12-27T07:46:17","slug":"olkasting-og-slasskamp-ht-no","status":"publish","type":"post","link":"https:\/\/www.europesays.com\/no\/122632\/","title":{"rendered":"\u00d8lkasting og sl\u00e5sskamp &#8211; ht.no"},"content":{"rendered":"<p>Politiet m\u00e5tte tidlig natt til l\u00f8rdag gripe inn og ta kontroll p\u00e5 to gjester ved et av byens utesteder.<\/p>\n<p>To menn i 30-\u00e5rene skal ha havnet i sl\u00e5sskamp. Den ene av personene ble sl\u00e5tt til, if\u00f8lge politiets oppdaterte melding klokka 01.05.<\/p>\n<p>Det er forel\u00f8pig ikke kjent hva som l\u00e5 til grunn for uoverensstemmelsen, men begge omtales som berusede.<\/p>\n<p>Sl\u00e5sskampen var ikke det eneste de foretok seg.<\/p>\n<p>\u2013 Begge har kastet \u00f8l p\u00e5 hverandre, melder politiet.<\/p>\n<p>Politiet bortviste en av personene fra sentrum for resten av natten.<\/p>\n<p>Klokka 02.18 meldte politiet at en ung og beruset kvinne ble bortvist fra et utested i sentrum. Politiet ble tilkalt av vektere da vedkommende nektet \u00e5 forlate plassen frivillig.<\/p>\n","protected":false},"excerpt":{"rendered":"Politiet m\u00e5tte tidlig natt til l\u00f8rdag gripe inn og ta kontroll p\u00e5 to gjester ved et av byens&hellip;\n","protected":false},"author":2,"featured_media":16542,"comment_status":"","ping_status":"","sticky":false,"template":"","format":"standard","meta":{"footnotes":""},"categories":[5],"tags":[20,21,24,25,370,15,19,22,23,17,18,13,30,28,29,14,16,254,26,27,3119],"class_list":{"0":"post-122632","1":"post","2":"type-post","3":"status-publish","4":"format-standard","5":"has-post-thumbnail","7":"category-overskrifter","8":"tag-breaking-news","9":"tag-breakingnews","10":"tag-featured-news","11":"tag-featurednews","12":"tag-harstad","13":"tag-headlines","14":"tag-hovedoppslag","15":"tag-latest-news","16":"tag-latestnews","17":"tag-main-news","18":"tag-mainnews","19":"tag-news","20":"tag-no","21":"tag-norge","22":"tag-norway","23":"tag-nyheter","24":"tag-overskrifter","25":"tag-politi","26":"tag-top-stories","27":"tag-topstories","28":"tag-uteliv"},"share_on_mastodon":{"url":"https:\/\/pubeurope.com\/@no\/115790425790253732","error":""},"_links":{"self":[{"href":"https:\/\/www.europesays.com\/no\/wp-json\/wp\/v2\/posts\/122632","targetHints":{"allow":["GET"]}}],"collection":[{"href":"https:\/\/www.europesays.com\/no\/wp-json\/wp\/v2\/posts"}],"about":[{"href":"https:\/\/www.europesays.com\/no\/wp-json\/wp\/v2\/types\/post"}],"author":[{"embeddable":true,"href":"https:\/\/www.europesays.com\/no\/wp-json\/wp\/v2\/users\/2"}],"replies":[{"embeddable":true,"href":"https:\/\/www.europesays.com\/no\/wp-json\/wp\/v2\/comments?post=122632"}],"version-history":[{"count":0,"href":"https:\/\/www.europesays.com\/no\/wp-json\/wp\/v2\/posts\/122632\/revisions"}],"wp:featuredmedia":[{"embeddable":true,"href":"https:\/\/www.europesays.com\/no\/wp-json\/wp\/v2\/media\/16542"}],"wp:attachment":[{"href":"https:\/\/www.europesays.com\/no\/wp-json\/wp\/v2\/media?parent=122632"}],"wp:term":[{"taxonomy":"category","embeddable":true,"href":"https:\/\/www.europesays.com\/no\/wp-json\/wp\/v2\/categories?post=122632"},{"taxonomy":"post_tag","embeddable":true,"href":"https:\/\/www.europesays.com\/no\/wp-json\/wp\/v2\/tags?post=122632"}],"curies":[{"name":"wp","href":"https:\/\/api.w.org\/{rel}","templated":true}]}}