{"id":122634,"date":"2025-12-27T07:52:15","date_gmt":"2025-12-27T07:52:15","guid":{"rendered":"https:\/\/www.europesays.com\/no\/122634\/"},"modified":"2025-12-27T07:52:15","modified_gmt":"2025-12-27T07:52:15","slug":"sport-sporten-fikk-sparken","status":"publish","type":"post","link":"https:\/\/www.europesays.com\/no\/122634\/","title":{"rendered":"Sport, Sporten | Fikk sparken"},"content":{"rendered":"\n<p>Tom Gulliksen vil ikke snakke for mye om det som skjedde og har skjedd. Han har for lengst lagt det bak seg og g\u00e5tt videre. Han styrte bevisst unna tusenvis av kommentarer p\u00e5 nettet, og tok til seg det han fikk av st\u00f8tte fra alt fra presten til hovedperson nummer to, Camilla Herrem, og hennes trener-ektemann Steffen Stegavik.<\/p>\n<p>Gulliksen var i kontakt med begge, og de godtok unnskyldningen direkte og hadde et h\u00e5p om at saken hadde stoppet der, og ikke endt med at <a href=\"https:\/\/www.ta.no\/gjerpen-gir-gulliksen-sparken-etter-den-upassende-kommentaren\/s\/5-50-2211377\" rel=\"Follow nofollow noopener\" target=\"_blank\">Gulliksen fikk fyken som Gjerpen-speaker &#8211; en jobb han gjorde gratis, p\u00e5 dugnad.<\/a><\/p>\n<p>N\u00e5 er han alts\u00e5 tilbake p\u00e5 et vis.<\/p>\n<p>\u2013 Jeg har aldri \u00abfrysi<\/p>\n<p>Denne romjulsdagen treffer vi Tom Gulliksen i Gjerpen-garderoben i fritidsparken. <a href=\"https:\/\/www.ta.no\/na-skjer-det-mye-bak-denne-dora-dette-er-planene-for-oppussingen\/s\/5-50-2235735\" rel=\"Follow nofollow noopener\" target=\"_blank\">Jentene tok selv initiativ til \u00e5 pusse opp denne garderoben og male den Gjerpen-r\u00f8d. <\/a><\/p>\n<p>Det var da telefonen kom fra spillerne til Tom Gulliksen. Sp\u00f8rsm\u00e5let var om han kunne hjelpe dem med \u00e5 f\u00e5 p\u00e5 plass Gjerpen IFs logo p\u00e5 gulvet.<\/p>\n<p>\u2013 Du er tilbake i varmen igjen?<\/p>\n<p>\u2013 Du vet, jeg har aldri \u00abfrysi\u00bb, sier Tom Gulliksen p\u00e5 bred grenlandsdialekt og med et stort smil.<\/p>\n<p>\u2013 Jeg har f\u00f8lt at jeg bare har smilt og gitt noen en god klem p\u00e5 veien, og s\u00e5 kan det hende at noen synes det er g\u00f8y med en kommentar, mens andre synes det er s\u00e5rende. Men poenget var bare \u00e5 gi en god klem og lykke til videre p\u00e5 veien, s\u00e5 kom den uheldige kommentaren &#8211; noe jeg har beklaget, fortsetter skiensmannen der han sitter ved det nye og store gulvmerket, som m\u00e5ler 150 ganger 200 centimeter.<\/p>\n<p>St\u00f8tte etter sparken<\/p>\n<p>Det var etter kampen mot Sola 21. oktober det ble kjent at Gjerpen h\u00e5ndball valgte \u00e5 sparke Tom Gulliksen etter halvannet \u00e5r som frivillig speaker. Gulliksen <a href=\"https:\/\/www.nettavisen.no\/sport\/kom-med-kreft-kommentar-mot-camilla-herrem-na-beklager-gjerpen-handball\/s\/5-95-2686237\" rel=\"Follow nofollow noopener\" target=\"_blank\">sp\u00f8kte om h\u00e5rsveisen til kreftsyke Camilla Herrem<\/a>, og sa, i det som egentlig bare skulle v\u00e6re en hyllest, at hun ikke trengte h\u00e5rf\u00f8ner. Gulliksen la seg s\u00e5 flat han kunne, beklaget og var tydelig p\u00e5 at det var en d\u00e5rlig sp\u00f8k som glapp ut av ham. <a href=\"https:\/\/www.ta.no\/kritisk-til-sparking-av-speaker-en-overreaksjon\/s\/5-50-2212954\" rel=\"Follow nofollow noopener\" target=\"_blank\">I ettertid fikk han ogs\u00e5 mye st\u00f8tte fra flere som mente at det var en for voldsom reaksjon \u00e5 avslutte samarbeidet.<\/a><\/p>\n<p>  <a href=\"https:\/\/www.ta.no\/5-50-2210904\" class=\"related-teaser has-image default-story-teaser article--c-eRUmMG article--c-eRUmMG-jKCPdD-design-default\" rel=\"nofollow noopener\" target=\"_blank\"><\/p>\n<p>    <img decoding=\"async\" loading=\"lazy\"  src=\"https:\/\/www.europesays.com\/no\/wp-content\/uploads\/2025\/12\/Tom+Gulliksen.jpg\" alt=\"\" class=\"brick-c-cFOWSL\" style=\"\"\/><\/p>\n<p>\n            Les ogs\u00e5<\/p>\n<p>              Tom Gulliksen &#8211; fra ildsjel til folkefiende\n        <\/p>\n<p>  <\/a><\/p>\n<p>\u2013 Jeg skr\u00f8t vilt og uhemmet av Camilla. Hun er en av de t\u00f8ffeste idrettsjentene jeg vet om. Det er veldig viktig for meg \u00e5 f\u00e5 sagt det. Og s\u00e5 forst\u00e5r jeg at humoren min er d\u00e5rlig. Jeg ber om unnskyldning for det, og jeg beklager veldig, sa Gulliksen til TA da.<\/p>\n<p>\u00c5pner for comeback<\/p>\n<p>Tilbake til n\u00e5tid og Tom Gulliksen i Gjerpen-garderoben.<\/p>\n<p>\u2013 Det har blitt s\u00e5 flott her. Jeg f\u00f8ler at jeg kan levere det jeg er god p\u00e5; synlighet og tydelighet. Og her hadde Gjerpen-jentene pusset opp garderoben sin, og dette er en gladsak &#8211; sammen med mange andre glade og gode historier etter den d\u00e5rlige hendelsen i h\u00f8st. Jeg fikk lov til \u00e5 montere dette gulvmerket i ordentlig kvalitet i Gjerpen-garderoben. S\u00e5 hver gang jentene skal spille kamp, s\u00e5 er jeg p\u00e5 gulvet, sier han og ler godt.<\/p>\n<p>\u2013 Var du i tvil om \u00e5 svare ja da jentene ringte og spurte?<\/p>\n<p>\u2013 Nei, nei. Vi pratet sammen, jeg ga dem gode r\u00e5d og de fikk en pris som, for \u00e5 si det rett ut, ikke finansierte julebordet mitt. Det er fint \u00e5 kunne hjelpe til, svarer Gulliksen og smiler igjen.<\/p>\n<p>\u2013 Hvis du hadde blitt spurt om \u00e5 bli speaker p\u00e5 Gjerpens kamper igjen, hva hadde du svart da?<\/p>\n<p>\u2013 Selvf\u00f8lgelig ja. Jeg er alltid klar til \u00e5 bidra, og etter hva jeg har lest er vel frivillighet noe som trengs, svarer Tom Gulliksen og lar det henge litt der.<\/p>\n<p>Skienskaren vil helst legge det bak seg, men han beskriver deler av det som kom etter Herrem-kommentaren som et slags karakterdrap.<\/p>\n<p>\u2013 Jeg synes ikke jeg har hatt det s\u00e5 vanskelig i tiden som har v\u00e6rt, for det har v\u00e6rt s\u00e5 mange positive opplevelser etterp\u00e5. Jeg har blitt fortalt at det var 15 millioner klikk og 300 000 kommentarer, men jeg har ikke lest disse, for der er alle nettrollene. Jeg har v\u00e6rt med p\u00e5 dette s\u00e5 lenge at jeg skj\u00f8nte hvor det bar n\u00e5r noen gjorde mer ut av dette enn det var &#8211; og brettet det ut. Det kom p\u00e5 riksdekkende nyheter i Norge, Sverige, Danmark og Finland. Jeg visste at man aldri kan forklare seg i en slik situasjon, s\u00e5 da klarte jeg for en gangs skyld \u00e5 holde kjeft, forteller Gulliksen og fortsetter:<\/p>\n<p>\u2013 Da snudde dette, og mange tusen, spesielt i Grenland, visste at jeg ikke er s\u00e5nn som mange nettroll p\u00e5sto. Derfor sov jeg godt om natta, og jeg har f\u00e5tt masse positivt tilbake. Jeg har aldri v\u00e6rt ute i kulda og jeg har aldri frysi, jeg har aldri hatt s\u00e5 mye \u00e5 gj\u00f8re som n\u00e5 &#8211; og jeg smiler og gleder meg til 2026.<\/p>\n<p>\u2013 Og hvis Gjerpen vil komme \u00e5 ta meg i h\u00e5nda, og gj\u00f8re dette til noe helt annet enn det det har blitt, tror jeg det er Gjerpen som vil vinne p\u00e5 det.<\/p>\n<p>   <img decoding=\"async\" width=\"1179\" height=\"2049\" fetchpriority=\"low\"  loading=\"lazy\"  src=\"https:\/\/www.europesays.com\/no\/wp-content\/uploads\/2025\/12\/IMG_3628.jpg\" alt=\"\" class=\"brick-c-cFOWSL\" style=\"--brick-image-ratio: 1179 \/ 2049;\"\/><\/p>\n<p>      FORN\u00d8YDE: Gjerpen-jentene ba Tom Gulliksen og hjelp &#8211; og fikk det.<br \/>\n      Foto: Skjermdump fra Facebook\n    <\/p>\n<p>  \u2013 En fantastisk gest<\/p>\n<p>Christen Knudsen, styreleder i Gjerpen, vil ikke snakke om det som har skjedd, eller et mulig Gulliksen-comeback som speaker, men han vil takke Tom Gulliksen for det han n\u00e5 har gjort:<\/p>\n<p>\u2013 Dette synes jeg er veldig hyggelig og flott gjort av ham, og dette gj\u00f8r at garderoben blir enda finere etter at jentene hadde pusset den opp. Tom Gulliksen har bidratt til \u00e5 sette prikken over i-en. Jeg synes det var en fantastisk gest av Tom, sier Christen Knudsen.<\/p>\n<p>\u2013 Glimt i \u00f8yet og smil om munnen<\/p>\n<p>\u2013 Jeg har i 30 \u00e5r jobbet med \u00e5 kommunisere, lage aktiviteter og synliggj\u00f8re ting, og jeg har snart v\u00e6rt med p\u00e5 lede 900 arrangement i Norges land. Jeg har hatt motivasjonskurs i hele mitt liv, og det er faktisk mennesker som har v\u00e6rt p\u00e5 disse kursene som har sagt at \u00abdet er bra du ikke har menighet, Gulliksen, for da hadde vi blitt med\u00bb. Jeg holder meg til det jeg kan, og det har jeg gjort hele tiden. Og jeg har f\u00e5tt mye mer \u00e5 gj\u00f8re etter dette, for de aller fleste skj\u00f8nner at jeg er en snill og koselig mann, med glimt i \u00f8yet og smil om munnen som sto bak dette. Og det tror jeg ogs\u00e5 Gjerpen-jentene skj\u00f8nte, og det gj\u00f8r at vi i dag kan sitte her i garderoben, nyoppusset, med emblem fra Gulliksen p\u00e5 gulvet, avslutter Tom Gulliksen.<\/p>\n<p>   <img decoding=\"async\" width=\"3024\" height=\"4032\" fetchpriority=\"low\"  loading=\"lazy\"  src=\"https:\/\/www.europesays.com\/no\/wp-content\/uploads\/2025\/12\/1766821935_689_IMG_3716.jpg\" alt=\"\" class=\"brick-c-cFOWSL\" style=\"--brick-image-ratio: 3024 \/ 4032;\"\/><\/p>\n","protected":false},"excerpt":{"rendered":"Tom Gulliksen vil ikke snakke for mye om det som skjedde og har skjedd. Han har for lengst&hellip;\n","protected":false},"author":2,"featured_media":122635,"comment_status":"","ping_status":"","sticky":false,"template":"","format":"standard","meta":{"footnotes":""},"categories":[10],"tags":[36,20,21,24,25,14544,105,15,22,23,13,30,28,29,14,16,393,83,1273,1510,9442,14543,26,27],"class_list":{"0":"post-122634","1":"post","2":"type-post","3":"status-publish","4":"format-standard","5":"has-post-thumbnail","7":"category-norge","8":"tag-art","9":"tag-breaking-news","10":"tag-breakingnews","11":"tag-featured-news","12":"tag-featurednews","13":"tag-gjerpen","14":"tag-handball","15":"tag-headlines","16":"tag-latest-news","17":"tag-latestnews","18":"tag-news","19":"tag-no","20":"tag-norge","21":"tag-norway","22":"tag-nyheter","23":"tag-overskrifter","24":"tag-skien","25":"tag-sport","26":"tag-sporten","27":"tag-story","28":"tag-ta-sporten","29":"tag-tom-gulliksen","30":"tag-top-stories","31":"tag-topstories"},"share_on_mastodon":{"url":"https:\/\/pubeurope.com\/@no\/115790449720239847","error":""},"_links":{"self":[{"href":"https:\/\/www.europesays.com\/no\/wp-json\/wp\/v2\/posts\/122634","targetHints":{"allow":["GET"]}}],"collection":[{"href":"https:\/\/www.europesays.com\/no\/wp-json\/wp\/v2\/posts"}],"about":[{"href":"https:\/\/www.europesays.com\/no\/wp-json\/wp\/v2\/types\/post"}],"author":[{"embeddable":true,"href":"https:\/\/www.europesays.com\/no\/wp-json\/wp\/v2\/users\/2"}],"replies":[{"embeddable":true,"href":"https:\/\/www.europesays.com\/no\/wp-json\/wp\/v2\/comments?post=122634"}],"version-history":[{"count":0,"href":"https:\/\/www.europesays.com\/no\/wp-json\/wp\/v2\/posts\/122634\/revisions"}],"wp:featuredmedia":[{"embeddable":true,"href":"https:\/\/www.europesays.com\/no\/wp-json\/wp\/v2\/media\/122635"}],"wp:attachment":[{"href":"https:\/\/www.europesays.com\/no\/wp-json\/wp\/v2\/media?parent=122634"}],"wp:term":[{"taxonomy":"category","embeddable":true,"href":"https:\/\/www.europesays.com\/no\/wp-json\/wp\/v2\/categories?post=122634"},{"taxonomy":"post_tag","embeddable":true,"href":"https:\/\/www.europesays.com\/no\/wp-json\/wp\/v2\/tags?post=122634"}],"curies":[{"name":"wp","href":"https:\/\/api.w.org\/{rel}","templated":true}]}}