{"id":122636,"date":"2025-12-27T07:53:27","date_gmt":"2025-12-27T07:53:27","guid":{"rendered":"https:\/\/www.europesays.com\/no\/122636\/"},"modified":"2025-12-27T07:53:27","modified_gmt":"2025-12-27T07:53:27","slug":"jul-frihet-og-ansvar-sett-fra-barns-side","status":"publish","type":"post","link":"https:\/\/www.europesays.com\/no\/122636\/","title":{"rendered":"Jul, frihet og ansvar \u2013 sett fra barns side"},"content":{"rendered":"<p>For barn handler jula sjelden om perfeksjon. Den handler om trygghet. Om voksne som er der, som er gjenkjennelige, rolige og til stede. Nettopp derfor stiller jula ogs\u00e5 litt st\u00f8rre krav til oss som voksne enn resten av \u00e5ret.<\/p>\n<p>Jeg er opptatt av personlig frihet. Voksne mennesker m\u00e5 f\u00e5 ta egne valg i egne liv, ogs\u00e5 n\u00e5r det gjelder alkohol. Jeg har stor respekt for at folk feirer jul p\u00e5 ulike m\u00e5ter, og for mange h\u00f8rer et glass vin eller \u00f8l naturlig med til maten og fellesskapet. Et samfunn med tillit fungerer bedre enn et samfunn med forbud og pekefingre. Dette er grunnleggende verdier for meg \u2013 og for H\u00f8yre.<\/p>\n<p>Samtidig vet vi at frihet alltid henger sammen med ansvar. Valgene vi tar, p\u00e5virker ikke bare oss selv, men ogs\u00e5 dem som er rundt oss. I jula blir dette ekstra tydelig, fordi barna er tettere p\u00e5 oss enn ellers. De er mer hjemme, mer observante og mer f\u00f8lsomme for stemninger. Ofte mer enn vi voksne tror.<\/p>\n<p><a href=\"https:\/\/www.fvn.no\/mening\/debattinnlegg\/i\/q6nWxz\/barn-trenger-en-hvit-jul\" rel=\"nofollow noopener\" target=\"_blank\"> <img decoding=\"async\" src=\"data:image\/gif;base64,R0lGODlhEAAJAIAAAP\/\/\/wAAACH5BAEAAAAALAAAAAAQAAkAAAIKhI+py+0Po5yUFQA7\" alt=\"\"\/>   Barn trenger en hvit jul  <\/a> <\/p>\n<p>\u00c5pen <\/p>\n<p>Barn legger merke til sm\u00e5 endringer. En stemme som blir litt h\u00f8yere. En voksen som blir litt mindre t\u00e5lmodig. En stemning som skifter. For voksne kan dette oppleves ubetydelig eller forbig\u00e5ende, men for barn kan det skape usikkerhet og uro \u2013 s\u00e6rlig n\u00e5r det skjer i det som skal v\u00e6re \u00e5rets tryggeste dager.<\/p>\n<p>Tall fra Folkehelseinstituttet viser at nesten \u00e9n av ti barn i Norge vokser opp i et hjem der mor eller far drikker for mye alkohol. Det er mange barn. Bak disse tallene finnes det helt vanlige familier, der barn ofte tilpasser seg mer enn de burde, tar ansvar de ikke skal ha, eller l\u00e6rer seg \u00e5 v\u00e6re ekstra \u00e5rv\u00e5kne. For noen setter dette spor som varer langt inn i voksenlivet.<\/p>\n<p>N\u00e5r Sandra Borch har v\u00e6rt \u00e5pen om egne alkoholutfordringer, opplever jeg det som b\u00e5de modig og viktig. Ikke fordi hun er en offentlig person, men fordi hun er et menneske som setter ord p\u00e5 noe mange kjenner p\u00e5, men f\u00e5 snakker h\u00f8yt om. Alkoholproblemer oppst\u00e5r sjelden over natten. Ofte skjer det gradvis, i situasjoner som kan ligne hverdagen til mange av oss.<\/p>\n<p><a href=\"https:\/\/www.fvn.no\/norgeogverden\/i\/QJogQV\/sandra-borch-innroemmer-alkoholproblem-legges-inn-paa-institusjon\" rel=\"nofollow noopener\" target=\"_blank\"> <img decoding=\"async\" src=\"data:image\/gif;base64,R0lGODlhEAAJAIAAAP\/\/\/wAAACH5BAEAAAAALAAAAAAQAAkAAAIKhI+py+0Po5yUFQA7\" alt=\"\"\/>   Sandra Borch innr\u00f8m\u00admer alko\u00adhol\u00adpro\u00adblem \u2013 legges inn p\u00e5 insti\u00adtusjon  <\/a> <\/p>\n<p>\u00c5pen <\/p>\n<p>Det betyr ikke at alkohol er et problem for alle. Men det betyr at vi b\u00f8r v\u00e6re \u00e6rlige om at barn ofte merker konsekvensene f\u00f8rst. Lenge f\u00f8r voksne selv opplever at noe er i ferd med \u00e5 g\u00e5 galt.<\/p>\n<p>Derfor mener jeg at jula er et riktig tidspunkt for \u00e5 minne hverandre p\u00e5 m\u00e5tehold. Ikke som et krav, men som en p\u00e5minnelse. N\u00e5r barn er til stede, b\u00f8r hensynet til deres trygghet veie tungt. De trenger voksne som er mentalt til stede, som er forutsigbare, og som gir rom for ro og n\u00e6rhet.<\/p>\n<p>\u00c5 drikke med m\u00e5te i jula handler ikke om \u00e5 gi avkall p\u00e5 frihet. Det handler om \u00e5 bruke friheten klokt. Om hvilke rammer vi skaper rundt barna i noen f\u00e5, men sv\u00e6rt betydningsfulle dager. Jula varer kort, men minnene varer lenge \u2013 og det er vi voksne som har ansvaret for hvilke minner som f\u00e5r feste seg.<\/p>\n","protected":false},"excerpt":{"rendered":"For barn handler jula sjelden om perfeksjon. Den handler om trygghet. Om voksne som er der, som er&hellip;\n","protected":false},"author":2,"featured_media":122637,"comment_status":"","ping_status":"","sticky":false,"template":"","format":"standard","meta":{"footnotes":""},"categories":[5],"tags":[1095,1301,20,21,525,24,25,15,19,13184,5593,22,23,17,18,13,30,28,29,14,16,26,27],"class_list":{"0":"post-122636","1":"post","2":"type-post","3":"status-publish","4":"format-standard","5":"has-post-thumbnail","7":"category-overskrifter","8":"tag-alkohol","9":"tag-barn","10":"tag-breaking-news","11":"tag-breakingnews","12":"tag-familie","13":"tag-featured-news","14":"tag-featurednews","15":"tag-headlines","16":"tag-hovedoppslag","17":"tag-hoytider","18":"tag-jul","19":"tag-latest-news","20":"tag-latestnews","21":"tag-main-news","22":"tag-mainnews","23":"tag-news","24":"tag-no","25":"tag-norge","26":"tag-norway","27":"tag-nyheter","28":"tag-overskrifter","29":"tag-top-stories","30":"tag-topstories"},"share_on_mastodon":{"url":"https:\/\/pubeurope.com\/@no\/115790453368593160","error":""},"_links":{"self":[{"href":"https:\/\/www.europesays.com\/no\/wp-json\/wp\/v2\/posts\/122636","targetHints":{"allow":["GET"]}}],"collection":[{"href":"https:\/\/www.europesays.com\/no\/wp-json\/wp\/v2\/posts"}],"about":[{"href":"https:\/\/www.europesays.com\/no\/wp-json\/wp\/v2\/types\/post"}],"author":[{"embeddable":true,"href":"https:\/\/www.europesays.com\/no\/wp-json\/wp\/v2\/users\/2"}],"replies":[{"embeddable":true,"href":"https:\/\/www.europesays.com\/no\/wp-json\/wp\/v2\/comments?post=122636"}],"version-history":[{"count":0,"href":"https:\/\/www.europesays.com\/no\/wp-json\/wp\/v2\/posts\/122636\/revisions"}],"wp:featuredmedia":[{"embeddable":true,"href":"https:\/\/www.europesays.com\/no\/wp-json\/wp\/v2\/media\/122637"}],"wp:attachment":[{"href":"https:\/\/www.europesays.com\/no\/wp-json\/wp\/v2\/media?parent=122636"}],"wp:term":[{"taxonomy":"category","embeddable":true,"href":"https:\/\/www.europesays.com\/no\/wp-json\/wp\/v2\/categories?post=122636"},{"taxonomy":"post_tag","embeddable":true,"href":"https:\/\/www.europesays.com\/no\/wp-json\/wp\/v2\/tags?post=122636"}],"curies":[{"name":"wp","href":"https:\/\/api.w.org\/{rel}","templated":true}]}}