{"id":122640,"date":"2025-12-27T07:59:16","date_gmt":"2025-12-27T07:59:16","guid":{"rendered":"https:\/\/www.europesays.com\/no\/122640\/"},"modified":"2025-12-27T07:59:16","modified_gmt":"2025-12-27T07:59:16","slug":"vestvagoy-flakstad-3000-uten-strom-plater-fyker-rundt","status":"publish","type":"post","link":"https:\/\/www.europesays.com\/no\/122640\/","title":{"rendered":"Vestv\u00e5g\u00f8y, Flakstad | 3000 uten str\u00f8m \u2013 plater fyker rundt"},"content":{"rendered":"\n<p><a href=\"https:\/\/www.lofotposten.no\/uvaret-er-i-gang-bruer-stengt-pa-grunn-av-sterk-vind\/s\/5-29-1264392\" rel=\"Follow nofollow noopener\" target=\"_blank\">Det varslede uv\u00e6ret har sl\u00e5tt til for fullt i Lofoten. Det er m\u00e5lt vindkast p\u00e5 opptil 54 m\/s.<\/a><\/p>\n<p>-Hold dere inne!<\/p>\n<p>Politiet i Nordland melder at de har f\u00e5tt mange henvendelser om tak som er l\u00f8snet, tr\u00e6r som er veltet over veier og l\u00f8se eiendeler som flyr i lufta.<\/p>\n<p>&#8211; Politiet anbefaler folk om \u00e5 holde seg inne dersom det ikke er n\u00f8dvendig \u00e5 v\u00e6re ute. Det bl\u00e5ser gjenstander rundt i hele Nordland som kan v\u00e6re fare for at personer kan bli skadet. Avvent \u00e5 g\u00e5 utend\u00f8rs til vinden har roet seg. Det er ikke meldt om personskader. opplyser operasjonsleder Ina Kristian Selfors.<\/p>\n<p>L\u00f8se plater<\/p>\n<p>Rundt klokken 8 begynte vinden \u00e5 rive p\u00e5 takplatene p\u00e5 UL \u00d8rnen i Sj\u00f8veien p\u00e5 Leknes. Politiet er varslet.<\/p>\n<p>Politiet melder klokken 0700 at de har f\u00e5tt melding om l\u00f8se isoporplater fra en byggeplass p\u00e5 Fygle. Entrepren\u00f8r er varslet for \u00e5 f\u00e5 sikret platene.<\/p>\n<p>En tipser forteller om l\u00f8se takplater p\u00e5 Innersand p\u00e5 Fredvang.<\/p>\n<p>Str\u00f8ml\u00f8st<\/p>\n<p>Elmea forteller klokken 0836 om flere str\u00f8mbrudd p\u00e5 Vestv\u00e5g\u00f8y, Flakstad og Moskenes. Det er til sammen 2923 abonnenter som er str\u00f8ml\u00f8se. Det gjelder kunder i Moskenes, Flakstad, Vestv\u00e5g\u00f8y og V\u00e5gan.<\/p>\n<p>Uv\u00e6ret gj\u00f8r arbeidsforholdene for mont\u00f8rene sv\u00e6rt utfordrende, men forel\u00f8pig rettetid er satt til 10.00.<\/p>\n<p>Tips oss<\/p>\n<p>Har du tips eller bilder s\u00e5 send de gjerne til oss. red@lofotposten.no eller 41554000.<\/p>\n<p><b>HUSK \u00e5 sette egen sikkerhet f\u00f8rst. Ikke ta noen sjanser!<\/b><\/p>\n<p>  <a href=\"https:\/\/www.lofotposten.no\/5-29-1264392\" class=\"related-teaser default-story-teaser article--c-eRUmMG article--c-eRUmMG-jKCPdD-design-default article--c-eRUmMG-kpKLOW-cv\" rel=\"nofollow noopener\" target=\"_blank\"><\/p>\n<p>\n            Les ogs\u00e5<\/p>\n<p>              Uv\u00e6ret er i gang: \u2013 Bruer stengt p\u00e5 grunn av sterk vind\n        <\/p>\n<p>  <\/a><\/p>\n","protected":false},"excerpt":{"rendered":"Det varslede uv\u00e6ret har sl\u00e5tt til for fullt i Lofoten. Det er m\u00e5lt vindkast p\u00e5 opptil 54 m\/s.&hellip;\n","protected":false},"author":2,"featured_media":122641,"comment_status":"","ping_status":"","sticky":false,"template":"","format":"standard","meta":{"footnotes":""},"categories":[10],"tags":[36,20,21,14547,24,25,1186,15,22,23,1461,13,30,28,29,14,16,1510,26,27,1460],"class_list":{"0":"post-122640","1":"post","2":"type-post","3":"status-publish","4":"format-standard","5":"has-post-thumbnail","7":"category-norge","8":"tag-art","9":"tag-breaking-news","10":"tag-breakingnews","11":"tag-elmea","12":"tag-featured-news","13":"tag-featurednews","14":"tag-flakstad","15":"tag-headlines","16":"tag-latest-news","17":"tag-latestnews","18":"tag-moskenes","19":"tag-news","20":"tag-no","21":"tag-norge","22":"tag-norway","23":"tag-nyheter","24":"tag-overskrifter","25":"tag-story","26":"tag-top-stories","27":"tag-topstories","28":"tag-vestvagoy"},"share_on_mastodon":{"url":"https:\/\/pubeurope.com\/@no\/115790476964921891","error":""},"_links":{"self":[{"href":"https:\/\/www.europesays.com\/no\/wp-json\/wp\/v2\/posts\/122640","targetHints":{"allow":["GET"]}}],"collection":[{"href":"https:\/\/www.europesays.com\/no\/wp-json\/wp\/v2\/posts"}],"about":[{"href":"https:\/\/www.europesays.com\/no\/wp-json\/wp\/v2\/types\/post"}],"author":[{"embeddable":true,"href":"https:\/\/www.europesays.com\/no\/wp-json\/wp\/v2\/users\/2"}],"replies":[{"embeddable":true,"href":"https:\/\/www.europesays.com\/no\/wp-json\/wp\/v2\/comments?post=122640"}],"version-history":[{"count":0,"href":"https:\/\/www.europesays.com\/no\/wp-json\/wp\/v2\/posts\/122640\/revisions"}],"wp:featuredmedia":[{"embeddable":true,"href":"https:\/\/www.europesays.com\/no\/wp-json\/wp\/v2\/media\/122641"}],"wp:attachment":[{"href":"https:\/\/www.europesays.com\/no\/wp-json\/wp\/v2\/media?parent=122640"}],"wp:term":[{"taxonomy":"category","embeddable":true,"href":"https:\/\/www.europesays.com\/no\/wp-json\/wp\/v2\/categories?post=122640"},{"taxonomy":"post_tag","embeddable":true,"href":"https:\/\/www.europesays.com\/no\/wp-json\/wp\/v2\/tags?post=122640"}],"curies":[{"name":"wp","href":"https:\/\/api.w.org\/{rel}","templated":true}]}}