{"id":122642,"date":"2025-12-27T08:06:36","date_gmt":"2025-12-27T08:06:36","guid":{"rendered":"https:\/\/www.europesays.com\/no\/122642\/"},"modified":"2025-12-27T08:06:36","modified_gmt":"2025-12-27T08:06:36","slug":"klar-beskjed-la-bilen-sta","status":"publish","type":"post","link":"https:\/\/www.europesays.com\/no\/122642\/","title":{"rendered":"Klar beskjed: La bilen st\u00e5"},"content":{"rendered":"<p>Han har forsvart Nokas-ranere, politikere p\u00e5 kanten, kjendiser i krise og idrettsprofiler i fritt fall.<\/p>\n<p>John Christian Elden (58) er advokaten som alltid dukker opp der det brenner som mest &#8211; med dressen presset, stemmen rolig og kameraene tett p\u00e5.<\/p>\n<p class=\"font-weight-bold m-font-weight-bold\" data-lab-font_weight=\"font-weight-bold\">Bare i \u00e5r alene har han st\u00e5tt i sentrum for noen av landets mest omtalte rettsdramaer. Det var knapt falt dom i <a href=\"https:\/\/www.dagbladet.no\/nyheter\/dommes-til-betinget-fengsel\/83210386\" target=\"_blank\" rel=\"nofollow noopener\">Ingebrigtsen-saken<\/a> f\u00f8r viraken rundt <a href=\"https:\/\/www.dagbladet.no\/nyheter\/dette-er-forsvarets-vitner\/83817293\" target=\"_blank\" rel=\"nofollow noopener\">kronprinsesse Mette-Marits eldste s\u00f8nn<\/a> fant veien til Eldens saksarkiv.<\/p>\n<p>Hvis vi legger til <a href=\"https:\/\/www.dagbladet.no\/nyheter\/slar-tilbake-basert-pa-spekulasjoner\/83821224\" target=\"_blank\" rel=\"nofollow noopener\">Arfan Bhatti<\/a> og <a href=\"https:\/\/www.dagbladet.no\/kjendis\/saken-ferdig-etterforsket\/83648366\" target=\"_blank\" rel=\"nofollow noopener\">antasting-anklaget TV-profil<\/a>, s\u00e5 har vi fortsatt bare skrapt litt i overflaten.<\/p>\n<p>    <a itemprop=\"url\" href=\"https:\/\/www.dagbladet.no\/kjendis\/vampyr-sjokk-i-slekta-visste-ingenting\/83959628\" rel=\"nofollow noopener\" target=\"_blank\"><\/p>\n<p>        <img loading=\"lazy\" decoding=\"async\" src=\"https:\/\/www.europesays.com\/no\/wp-content\/uploads\/2025\/12\/1766822771_664_83961409.webp\" width=\"980\" height=\"441\" title=\"Vampyr-sjokk i slekta: - Visste ingenting\" alt=\"\" class=\"lazyload\" style=\"--aspect-ratio-image: 2.22; \"\/><\/p>\n<p>        Vampyr-sjokk i slekta: &#8211; Visste ingenting<\/p>\n<p>    <\/a><\/p>\n<p>Etter at vi har satt oss ned med hver v\u00e5r kaffekopp p\u00e5 et m\u00f8terom i niende etasje hos Advokatfirmaet Elden, sp\u00f8r jeg ham om hvordan han har det akkurat n\u00e5.<\/p>\n<p class=\"font-weight-bold m-font-weight-bold\" data-lab-font_weight=\"font-weight-bold\">&#8211; Det er snart jul og det er veldig bra. Det har v\u00e6rt et tungt semester, synes jeg. Det er greit at det n\u00e6rmer seg en avslutning p\u00e5 det, svarer han smilende.<\/p>\n<p>        <img loading=\"lazy\" decoding=\"async\" src=\"https:\/\/www.europesays.com\/no\/wp-content\/uploads\/2025\/12\/83987294.webp\" width=\"980\" height=\"481\" title=\"P\u00c5 FARTA: Etter tre ti\u00e5r i rettssalene har Elden sett det meste, men sier han fortsatt drives av nysgjerrighet p\u00e5 menneskene bak sakene.&#10;Foto: J\u00f8rn H. Moen \/ Dagbladet\" alt=\"\" class=\"\" style=\"--aspect-ratio-image: 2.04; \"\/><\/p>\n<p>\n        P\u00c5 FARTA: Etter tre ti\u00e5r i rettssalene har Elden sett det meste, men sier han fortsatt drives av nysgjerrighet p\u00e5 menneskene bak sakene.<br \/>\nFoto: J\u00f8rn H. Moen \/ Dagbladet\n    <\/p>\n<p>Han avsl\u00f8rer at han og kona Sol skal feire jul i Marbella i Spania der de har en leilighet. Familien har ikke noe fast sted der de feirer jula &#8211; enten har det v\u00e6rt hjemme, p\u00e5 hytta i Hemsdal eller under varm sydensol.<\/p>\n<p>&#8211; Det har skiftet litt fra \u00e5r til \u00e5r mellom de tre alternativene. N\u00e5 har jeg jo ogs\u00e5 noen s\u00e5pass gamle barn som synes det bare er fint at vi stikker av litt ogs\u00e5, s\u00e5nn at de kan ha fest hjemme i huset.<\/p>\n<p>&#8211; Derfor er det g\u00f8y<\/p>\n<p>Han er en av landets mest profilerte advokater. Noen har kanskje et inntrykk av ham som en<br \/>\ntruende person, et image han <a href=\"https:\/\/www.dagbladet.no\/magasinet\/eldens-private-samlivs-kode\/83301429\" target=\"_blank\" rel=\"nofollow noopener\">tidligere har uttalt<\/a> at folk gjerne m\u00e5 ha ham. Det<br \/>\ner i alle fall ingen tegn til det i dag.<\/p>\n<p>Praten g\u00e5r lett.\u00a0Den sv\u00e6rt s\u00e5 medievante Elden svarer b\u00e5de raskt og engasjert som et maskingev\u00e6r, ikke minst n\u00e5r tema dreier seg om advokatyrket hans. <\/p>\n<p>    <a itemprop=\"url\" href=\"https:\/\/www.dagbladet.no\/nyheter\/ufore-alexander-fryser-ikke-rad\/83936840\" rel=\"nofollow noopener\" target=\"_blank\"><\/p>\n<p>        <img loading=\"lazy\" decoding=\"async\" src=\"https:\/\/www.europesays.com\/no\/wp-content\/uploads\/2025\/12\/83942113.webp\" width=\"980\" height=\"441\" title=\"Uf\u00f8re Alexander fryser: - Ikke r\u00e5d\" alt=\"\" class=\"lazyload\" style=\"--aspect-ratio-image: 2.22; \"\/><\/p>\n<p>        Uf\u00f8re Alexander fryser: &#8211; Ikke r\u00e5d<\/p>\n<p>    <\/a><\/p>\n<p>Dagbladet sp\u00f8r ham om \u00e5 beskrive seg selv med tre ord.<\/p>\n<p class=\"font-weight-bold m-font-weight-bold\" data-lab-font_weight=\"font-weight-bold\">&#8211; Jeg tror nok at \u00abenergisk\u00bb ville v\u00e6re blant dem. Og jeg h\u00e5per \u00abengasjert\u00bb ogs\u00e5 ville v\u00e6re der. Da har jeg i hvert fall valgt to.<\/p>\n<p class=\"italic m-italic\" data-lab-italic=\"italic\">&#8211; Og s\u00e5 er det opp til andre hva som skulle bli det tredje?<\/p>\n<p>&#8211; Ja, det var det da. Jeg h\u00e5per jo at du putter inn \u00abempatisk\u00bb. Jeg engasjere meg i det jeg holder p\u00e5 med. Det er derfor det er g\u00f8y. Det er jo ikke bare en jobb det jeg gj\u00f8r &#8211; det er en livsstil.<\/p>\n<p>&#8211; Jeg er nok litt avhengig<\/p>\n<p>For Elden er det jobb som st\u00e5r foran i pannebrasken fra han st\u00e5r opp tidlig om morgenen &#8211; til han legger hodet p\u00e5 puta rundt midnatt.<\/p>\n<p>&#8211; All tida imellom der er p\u00e5 en eller annen m\u00e5te knyttet til jobb. Det kan for eksempel v\u00e6re at jeg g\u00e5r en runde rund Sognsvann og tenker en prosedyre. Eller at jeg sitter i sofaen og lar ting kverne, eller sitter og leser p\u00e5 papirer, forteller han og fortsetter:<\/p>\n<p class=\"font-weight-bold m-font-weight-bold\" data-lab-font_weight=\"font-weight-bold\">&#8211; Det er noe som tar tid, og da m\u00e5 du ha glede av \u00e5 gj\u00f8re det. Hvis ikke s\u00e5 hadde det blitt kjedelig, og da hadde jeg antagelig ikke giddet mer.<\/p>\n<p class=\"italic m-italic\" data-lab-italic=\"italic\">&#8211; Men hva tror du folk ville blitt overrasket over deg hvis de s\u00e5 deg hjemme p\u00e5 privaten?<\/p>\n<p>&#8211; Kanskje nettopp det at jeg gj\u00f8r ingenting &#8211; at jeg ser p\u00e5 d\u00f8de tv-serier som ikke gir meg noe annet enn \u00e5 v\u00e6re tidsfordriv. Og jeg er nok blitt flinkere til \u00e5 gj\u00f8re nettopp det n\u00e5r jeg f\u00f8rst setter meg ned &#8211; jeg tar ikke s\u00e5 ofte med meg jobben hjem i form av papirer, PC og s\u00e5nne ting.<\/p>\n<p>        <img loading=\"lazy\" decoding=\"async\" src=\"https:\/\/www.europesays.com\/no\/wp-content\/uploads\/2025\/12\/83987305.webp\" width=\"980\" height=\"481\" title=\"ALDRI HELT \u00abOFF\u00bb: - Jeg er nok litt avhengig av \u00e5 v\u00e6re tilgjengelig, sier Elden, som sjelden legger fra seg mobilen.&#10;Foto: J\u00f8rn H. Moen \/ Dagbladet\" alt=\"\" class=\"\" style=\"--aspect-ratio-image: 2.04; \"\/><\/p>\n<p>\n        ALDRI HELT \u00abOFF\u00bb: &#8211; Jeg er nok litt avhengig av \u00e5 v\u00e6re tilgjengelig, sier Elden, som sjelden legger fra seg mobilen.<br \/>\nFoto: J\u00f8rn H. Moen \/ Dagbladet\n    <\/p>\n<p class=\"italic m-italic\" data-lab-italic=\"italic\">&#8211; Klarer du da \u00e5 legge mobilen fra deg da? Jeg ser det er flere som nevner at du er mye p\u00e5 mobilen din og at den sjelden er langt unna.<\/p>\n<p>&#8211; Ja, det er visst jo noen som klager p\u00e5 det, smiler han lurt f\u00f8r han fortsetter:<\/p>\n<p class=\"font-weight-bold m-font-weight-bold\" data-lab-font_weight=\"font-weight-bold\">&#8211; Jeg er nok litt avhengig av \u00e5 v\u00e6re tilgjengelig, men samtidig ikke tilgjengelig i den forstand at jeg for eksempel aldri har lyd p\u00e5 telefonen.<\/p>\n<p>    <a itemprop=\"url\" href=\"https:\/\/www.dagbladet.no\/nyheter\/utroskap-pa-julebordet-ikke-fortell\/83939988\" rel=\"nofollow noopener\" target=\"_blank\"><\/p>\n<p>        <img loading=\"lazy\" decoding=\"async\" src=\"https:\/\/www.europesays.com\/no\/wp-content\/uploads\/2025\/12\/83941226.webp\" width=\"980\" height=\"441\" title=\"Utroskap p\u00e5 julebordet: - Ikke fortell\" alt=\"\" class=\"lazyload\" style=\"--aspect-ratio-image: 2.22; \"\/><\/p>\n<p>        Utroskap p\u00e5 julebordet: &#8211; Ikke fortell<\/p>\n<p>    <\/a><\/p>\n<p>Han r\u00f8per at det er dels fordi den ville forstyrret ham i retten, fordi han annenhver gang ville glemt \u00e5 sette den p\u00e5 lydl\u00f8s.<\/p>\n<p>&#8211; Men ogs\u00e5 fordi det er s\u00e5 mange som tar kontakt. Da er det veldig greit at de fleste blir koblet over til kontoret og at det h\u00e5ndteres derfra.<\/p>\n<p>Unng\u00e5r \u00e5 gj\u00f8re dette<\/p>\n<p>I over 30 \u00e5r har Elden v\u00e6rt n\u00e6rmest fast inventar i noen av landets mest eksplosive rettssaler.<\/p>\n<p>Han har forsvart alt fra <a href=\"https:\/\/no.wikipedia.org\/wiki\/Fritz_Moen\" target=\"_blank\" rel=\"nofollow noopener\">Fritz Moen<\/a>, <a href=\"https:\/\/no.wikipedia.org\/wiki\/Erling_Havn%C3%A5\" target=\"_blank\" rel=\"nofollow noopener\">Erling Havn\u00e5<\/a> og <a href=\"https:\/\/no.wikipedia.org\/wiki\/Varg_Vikernes\" target=\"_blank\" rel=\"nofollow noopener\">Varg \u00abGreven\u00bb Vikernes<\/a> til <a href=\"https:\/\/www.dagbladet.no\/nyheter\/eirik-jensen-om-elden-vrakingen\/73557511\" target=\"_blank\" rel=\"nofollow noopener\">Eirik Jensen<\/a>, <a href=\"https:\/\/www.dagbladet.no\/nyheter\/kilder---pst-tror-hun-star-bak-elden-brevene\/74179460\" target=\"_blank\" rel=\"nofollow noopener\">Laila Bertheussen<\/a> og <a href=\"https:\/\/www.dagbladet.no\/nyheter\/hardt-ut-svaert-uheldig\/81638955\" target=\"_blank\" rel=\"nofollow noopener\">Zaniar Matapour<\/a> &#8211; navn som alene forteller hvor tett han har st\u00e5tt p\u00e5 nyere norsk kriminalhistorie.<\/p>\n<p>        <img loading=\"lazy\" decoding=\"async\" src=\"https:\/\/www.europesays.com\/no\/wp-content\/uploads\/2025\/12\/83987394.webp\" width=\"980\" height=\"559\" title=\"JUSTISMORD: I 2004 ble Fritz Moen frikjent for drapet p\u00e5 Sigrid Heggheim, som han hadde sittet 18 \u00e5r i fengsel for. Her er Moen flankert av Tore Sandberg (t.v.) og Elden i Borgarting lagmannsrett. Foto: Heiko Junge \/ NTB\" alt=\"\" class=\"\" style=\"--aspect-ratio-image: 1.75; \"\/><\/p>\n<p>\n        JUSTISMORD: I 2004 ble Fritz Moen frikjent for drapet p\u00e5 Sigrid Heggheim, som han hadde sittet 18 \u00e5r i fengsel for. Her er Moen flankert av Tore Sandberg (t.v.) og Elden i Borgarting lagmannsrett. Foto: Heiko Junge \/ NTB\n    <\/p>\n<p>Den lange karrieren hans har ogs\u00e5 v\u00e6rt preget av alvorstunge saker som rommer rystende bilder, obduksjonsrapporter og voldsomme detaljer.<\/p>\n<p class=\"font-weight-bold m-font-weight-bold\" data-lab-font_weight=\"font-weight-bold\">Elden forteller at han i det aller lengste unng\u00e5r \u00e5 se p\u00e5 bilder fra \u00e5steder.<\/p>\n<p>    <a itemprop=\"url\" href=\"https:\/\/www.dagbladet.no\/kjendis\/blir-skremt\/83874244\" rel=\"nofollow noopener\" target=\"_blank\"><\/p>\n<p>        <img loading=\"lazy\" decoding=\"async\" src=\"https:\/\/www.europesays.com\/no\/wp-content\/uploads\/2025\/12\/1766822781_698_83874416.webp\" width=\"980\" height=\"441\" title=\"- Blir skremt\" alt=\"\" class=\"lazyload\" style=\"--aspect-ratio-image: 2.22; \"\/><\/p>\n<p>        &#8211; Blir skremt<\/p>\n<p>    <\/a><\/p>\n<p>&#8211; Det skal v\u00e6re en veldig god grunn til at jeg \u00e5pner den mappa. Da skal det v\u00e6re tvil om at vedkommende er d\u00f8d eller noe slikt. Det m\u00e5tte ha en betydning for \u00e5 se det, og ikke bare det at p\u00e5taler gjerne vil vise at \u00abher er det ille bilder av en som er drept\u00bb.<\/p>\n<p class=\"italic m-italic\" data-lab-italic=\"italic\">&#8211; S\u00e5 du pr\u00f8ver \u00e5 unng\u00e5 den biten?<\/p>\n<p class=\"font-weight-bold m-font-weight-bold\" data-lab-font_weight=\"font-weight-bold\">&#8211; Visuelle inntrykk er s\u00e5 mye mer enn det skriftlige. Jeg har ikke noe problem \u00e5 lese om knivstikk i en obduksjonsrapport. Men jeg beh\u00f8ver ikke se bildene av hvor de knivstikkene er i forhold til hjertet og s\u00e5nt. Det visuelle setter seg p\u00e5 en helt annen m\u00e5te.<\/p>\n<p>        <img loading=\"lazy\" decoding=\"async\" src=\"https:\/\/www.europesays.com\/no\/wp-content\/uploads\/2025\/12\/83987304.webp\" width=\"980\" height=\"481\" title=\"HJEM NUMMER TO: John Christian Elden har tilbrakt store deler av karrieren i landets rettssaler - her p\u00e5 vei ut av Borgarting lagmannsrett.&#10;Foto: J\u00f8rn H. Moen \/ Dagbladet\" alt=\"\" class=\"\" style=\"--aspect-ratio-image: 2.04; \"\/><\/p>\n<p>\n        HJEM NUMMER TO: John Christian Elden har tilbrakt store deler av karrieren i landets rettssaler &#8211; her p\u00e5 vei ut av Borgarting lagmannsrett.<br \/>\nFoto: J\u00f8rn H. Moen \/ Dagbladet\n    <\/p>\n<p>Allerede p\u00e5 90-tallet bestemte han seg for \u00e5 slutte \u00e5 se p\u00e5 bilder i \u00e5stedsrapporter hvis det ikke var absolutt tvingende n\u00f8dvendig.<\/p>\n<p>&#8211; Jeg sitter jo fortsatt med noen av bildene jeg s\u00e5 p\u00e5 netthinna, 25-30 \u00e5r seinere. Det er sterke visuelle inntrykk som man blir utsatt for.<\/p>\n<p>Legens advarsel<\/p>\n<p>Elden sier han aldri har v\u00e6rt typen som trenger \u00e5tte timers s\u00f8vn for \u00e5 fungere. Han liker \u00e5 f\u00e5 mest mulig ut av d\u00f8gnets 24 timer, selv om det tidvis g\u00e5r p\u00e5 bekostning av nattes\u00f8vnen. For rundt 20 \u00e5r sa kroppen tydelig ifra.<\/p>\n<p>    <a itemprop=\"url\" href=\"https:\/\/www.dagbladet.no\/kjendis\/advart-mot-overgriper-alle-visste\/83887733\" rel=\"nofollow noopener\" target=\"_blank\"><\/p>\n<p>        <img loading=\"lazy\" decoding=\"async\" src=\"https:\/\/www.europesays.com\/no\/wp-content\/uploads\/2025\/12\/1766822784_762_83887740.webp\" width=\"980\" height=\"441\" title=\"Advart mot overgriper: - Alle visste\" alt=\"\" class=\"lazyload\" style=\"--aspect-ratio-image: 2.22; \"\/><\/p>\n<p>        Advart mot overgriper: &#8211; Alle visste<\/p>\n<p>    <\/a><\/p>\n<p>Han hadde g\u00e5tt og hanglet en stund og trodde det bare var en seig forkj\u00f8lelse.<\/p>\n<p class=\"font-weight-bold m-font-weight-bold\" data-lab-font_weight=\"font-weight-bold\">Legen s\u00e5 noe annet: fullstendig utmattelse. Beskjeden var klar &#8211; fortsetter du slik, treffer du veggen. Snart.<\/p>\n<p class=\"italic m-italic\" data-lab-italic=\"italic\">&#8211; Hva l\u00e6rte du av den opplevelsen?<\/p>\n<p>&#8211; Blant annet \u00e5 g\u00e5 til leger tidsnok. Det var vel en holdning som de fleste i 40-\u00e5ra har: At man ikke trenger \u00e5 g\u00e5 til lege, at det g\u00e5r veldig greit &#8211; helt til det ikke gj\u00f8r det.<\/p>\n<p>        <img loading=\"lazy\" decoding=\"async\" src=\"https:\/\/www.europesays.com\/no\/wp-content\/uploads\/2025\/12\/83987301.webp\" width=\"980\" height=\"559\" title=\"TRAVELT \u00c5R: Forsvarsadvokat John Christian Elden har st\u00e5tt midt i noen av \u00e5rets mest omtalte rettssaker. Han innr\u00f8mmer at han sjelden klarer \u00e5 koble helt av.&#10;Foto: J\u00f8rn H. Moen \/ Dagbladet\" alt=\"\" class=\"\" style=\"--aspect-ratio-image: 1.75; \"\/><\/p>\n<p>\n        TRAVELT \u00c5R: Forsvarsadvokat John Christian Elden har st\u00e5tt midt i noen av \u00e5rets mest omtalte rettssaker. Han innr\u00f8mmer at han sjelden klarer \u00e5 koble helt av.<br \/>\nFoto: J\u00f8rn H. Moen \/ Dagbladet\n    <\/p>\n<p class=\"italic m-italic\" data-lab-italic=\"italic\">&#8211; Menn har kanskje ogs\u00e5 noe overdreven tro p\u00e5 kroppens evne til \u00e5 helbrede seg selv?<\/p>\n<p>&#8211; Ja, vi trenger jo ikke hjelp fra andre, for dette styrer vi godt selv. Men legen min ga meg klar beskjed om at det gjorde jeg ikke, og har samtidig blitt flinkere til \u00e5 beordre meg til \u00e5 ta unders\u00f8kelser og passe p\u00e5 hjertet og kroppen.<\/p>\n<p>M\u00f8tte kona i rettssalen<\/p>\n<p>John Christian har v\u00e6rt gift med advokaten Sol (50) siden 2010, og sammen har de dattera Lykke (19). I tillegg har han tre barn fra et tidligere ekteskap.<\/p>\n<p class=\"font-weight-bold m-font-weight-bold\" data-lab-font_weight=\"font-weight-bold\">F\u00f8rste gang han og Sol m\u00f8ttes, var &#8211; treffende nok &#8211; i en rettssal. Han forsvarte en mor, hun s\u00f8nnen som var tatt med narkotika p\u00e5 gutterommet.<\/p>\n<p>&#8211; Et sted m\u00e5 man jo treffes, og hvis du ikke er s\u00e5 mye ute p\u00e5 byen s\u00e5 er vel jobben sted nummer to for de aller fleste. Eventuelt treningssenter for de som trener, men jeg skal ikke p\u00e5st\u00e5 at jeg kunne ha truffet noen der.<\/p>\n<p>        <img loading=\"lazy\" decoding=\"async\" src=\"https:\/\/www.europesays.com\/no\/wp-content\/uploads\/2025\/12\/83987309.webp\" width=\"980\" height=\"481\" title=\"ADVOKAT-TOSPANN: Ekteparet John Christian og Sol Elden ankommer f\u00f8rpremieren p\u00e5 den norske storfilmen \u00abKrigsseileren\u00bb p\u00e5 Akershus festning i august 2022. Foto: Heiko Junge \/ NTB\" alt=\"\" class=\"\" style=\"--aspect-ratio-image: 2.04; \"\/><\/p>\n<p>\n        ADVOKAT-TOSPANN: Ekteparet John Christian og Sol Elden ankommer f\u00f8rpremieren p\u00e5 den norske storfilmen \u00abKrigsseileren\u00bb p\u00e5 Akershus festning i august 2022. Foto: Heiko Junge \/ NTB\n    <\/p>\n<p>Siden 2011 har ekteparet ogs\u00e5 v\u00e6rt gode kolleger i Advokatfirmaet Elden, der Sol er en ettertraktet advokat.<\/p>\n<p class=\"italic m-italic\" data-lab-italic=\"italic\">&#8211; Hva har Sol l\u00e6rt deg?<\/p>\n<p> &#8211; Kanskje nettopp det \u00e5 kunne slappe av litt mer, svarer Elden &#8211; og forklarer:<\/p>\n<p>&#8211; Det sies jo at du kan ikke hjelpe alle. For \u00e5 kunne hjelpe noen, s\u00e5 er du n\u00f8dt til \u00e5 sette noen grenser. Da hjelper det at vi er s\u00e5pass mange p\u00e5 kontoret at vi alltid har noen som kan hjelpe til, som kan bist\u00e5 og som kan ta over. Jeg trenger ikke m\u00e5tte gj\u00f8re alt. <\/p>\n<p>R\u00f8rt av datteras melding<\/p>\n<p>Den anerkjente forsvarsadvokaten har alltid vernet om sitt privatliv for offentligheten, og har sjelden delt detaljer om familien i media. Men da dattera Marie giftet seg i august, var det en tydelig stolt pappa som delte noen ord med <a href=\"https:\/\/www.dagbladet.no\/kjendis\/kjempestolt-og-glad\/83527523\" target=\"_blank\" rel=\"nofollow noopener\">Dagbladet<\/a>.<\/p>\n<p class=\"font-weight-bold m-font-weight-bold\" data-lab-font_weight=\"font-weight-bold\">&#8211; Intet er mer r\u00f8rende enn \u00e5 se fuglungen sin p\u00e5begynne sitt eget rede. Kjempestolt og glad og masse lykke til, skrev han i en tekstmelding.<\/p>\n<p>    <a itemprop=\"url\" href=\"https:\/\/www.dagbladet.no\/nyheter\/gisper-av-funnene-ganske-sjokkert\/83859714\" rel=\"nofollow noopener\" target=\"_blank\"><\/p>\n<p>        <img loading=\"lazy\" decoding=\"async\" src=\"https:\/\/www.europesays.com\/no\/wp-content\/uploads\/2025\/12\/1766822789_979_83859768.webp\" width=\"980\" height=\"441\" title=\"Gisper av funnene: - Ganske sjokkert\" alt=\"\" class=\"lazyload\" style=\"--aspect-ratio-image: 2.22; \"\/><\/p>\n<p>        Gisper av funnene: &#8211; Ganske sjokkert<\/p>\n<p>    <\/a><\/p>\n<p>Han forteller at de fire barna hans er veldig flinke til \u00e5 holde ham trygt nede p\u00e5 landjorda.<\/p>\n<p>&#8211; De minne meg p\u00e5 at jeg er deres pappa, og at jeg er der for \u00e5 kunne kj\u00f8re dem til avtaler, trening og fester. Jeg kan ikke unnskylde meg med at jeg for eksempel skal til statsministeren hele tida. De holder meg p\u00e5 jorda, og det er sunt.<\/p>\n<p class=\"italic m-italic\" data-lab-italic=\"italic\">&#8211; Jeg s\u00e5 ogs\u00e5 at Lykke i et intervju beskrev deg som <a href=\"https:\/\/www.seher.no\/kjendis\/legen-ga-meg-siste-advarsel\/83688701\" target=\"_blank\" rel=\"nofollow noopener\">den mest omsorgsfulle personen<\/a> hun vet om. Hva gj\u00f8r det med deg \u00e5 h\u00f8re det?<\/p>\n<p class=\"font-weight-bold m-font-weight-bold\" data-lab-font_weight=\"font-weight-bold\">&#8211; Det gjorde meg veldig r\u00f8rt. Vi er ikke flinke noen av oss til \u00e5 si s\u00e5nt til hverandre, s\u00e5 det var veldig r\u00f8rende. Det ble plusspoeng i margen.<\/p>\n<p>Lever p\u00e5 skjult adresse<\/p>\n<p>I dag bor John Christian Elden og kona Sol sammen med dattera Lykke i en enebolig p\u00e5 Oslo vest. Hvis du lurer p\u00e5 hvorfor du har til gode \u00e5 lese en \u00abhjemme hos The Eldens\u00bb-artikkel, skyldes det en spesifikk grunn.<\/p>\n<p class=\"font-weight-bold m-font-weight-bold\" data-lab-font_weight=\"font-weight-bold\">For etter mange \u00e5r med drapstrusler, lever familien p\u00e5 skjult adresse.<\/p>\n<p>&#8211; Det er \u00e9n av grunnene, og s\u00e5 fikk jeg klar beskjed fra Olav Hestnes p\u00e5 90-tallet om \u00e5 aldri si ja til \u00abhjemme hos\u00bb-reportasje i Se &amp; H\u00f8r. Jeg er en offentlig person og jeg har saker der det er forventet at jeg uttaler meg offentlig, forklarer Elden f\u00f8r han fortsetter:<\/p>\n<p class=\"font-weight-bold m-font-weight-bold\" data-lab-font_weight=\"font-weight-bold\">&#8211; Men da m\u00e5 jeg passe p\u00e5 \u00e5 bevare heimen som frisone. Jeg har pr\u00f8vd \u00e5 leve ganske godt etter \u00e5 ikke v\u00e6re kjent for \u00e5 v\u00e6re kjent, men v\u00e6re kjent for \u00e5 v\u00e6re flink advokat.<\/p>\n<p>        <img loading=\"lazy\" decoding=\"async\" src=\"https:\/\/www.europesays.com\/no\/wp-content\/uploads\/2025\/12\/83987346.webp\" width=\"980\" height=\"559\" title=\"OMRINGET: John Christian Elden ankommer S\u00f8r-Rogaland tingrett i forbindelse med straffesaken mot Gjert Arne Ingebrigtsen. Foto: Carina Johansen \/ NTB\" alt=\"\" class=\"\" style=\"--aspect-ratio-image: 1.75; \"\/><\/p>\n<p>\n        OMRINGET: John Christian Elden ankommer S\u00f8r-Rogaland tingrett i forbindelse med straffesaken mot Gjert Arne Ingebrigtsen. Foto: Carina Johansen \/ NTB\n    <\/p>\n<p class=\"italic m-italic\" data-lab-italic=\"italic\">&#8211; Men hvilke tanker gj\u00f8r du deg om at du m\u00e5 ta grep fordi du f\u00e5r drapstrusler?<\/p>\n<p class=\"font-weight-bold m-font-weight-bold\" data-lab-font_weight=\"font-weight-bold\">&#8211; Det er noe som jeg &#8211; helt \u00e5penbart &#8211; helst skulle ha v\u00e6rt foruten. Av og til veier jeg hvorvidt det er verdt \u00e5 fortsette med den jobben jeg holder p\u00e5 med, for \u00e5 beskytte folk, hvis konsekvensen er at du blir utsatt for drapstrusler tilbake. Det er ikke alltid like greit.<\/p>\n<p>Han forteller at han har v\u00e6rt inne p\u00e5 tanken om \u00e5 legge fra seg forsvarerkappa og begynne med noe annet, at han ikke orker mer.<\/p>\n<p class=\"font-weight-normal m-font-weight-normal\" data-lab-font_weight=\"font-weight-normal\">&#8211; Samtidig er rettssikkerhetstankegangen og behovet for \u00e5 hjelpe og beskytte folk en del av mitt DNA. Da er det ikke bare \u00e5 si at \u00abnei, n\u00e5 skriver jeg kontrakter i stedet\u00bb. Jobben inneb\u00e6rer en omkostning, og der st\u00e5r det for meg.<\/p>\n<p>&#8211; Kler meg ikke<\/p>\n<p>De siste \u00e5ra har John Christian Elden satt seg p\u00e5 flyet til leiligheten i Spania n\u00e5r det er tid for full avkobling.<\/p>\n<p class=\"font-weight-bold m-font-weight-bold\" data-lab-font_weight=\"font-weight-bold\">&#8211; Det viktigste er \u00e5 kunne komme seg noen timer unna, og vite at du ikke m\u00e5 sitte i avh\u00f8r p\u00e5 politihuset p\u00e5 Gr\u00f8nland om en time fordi det er noe som haster.<\/p>\n<p>        <img loading=\"lazy\" decoding=\"async\" src=\"https:\/\/www.europesays.com\/no\/wp-content\/uploads\/2025\/12\/83987297.webp\" width=\"980\" height=\"559\" title=\"ST\u00d8DIG: - Jeg pr\u00f8ver \u00e5 ikke henge meg opp i saker, sier Elden, som har st\u00e5tt i sentrum for flere av \u00e5rets mest omtalte rettsdramaer. Foto: J\u00f8rn H. Moen \/ Dagbladet\" alt=\"\" class=\"\" style=\"--aspect-ratio-image: 1.75; \"\/><\/p>\n<p>\n        ST\u00d8DIG: &#8211; Jeg pr\u00f8ver \u00e5 ikke henge meg opp i saker, sier Elden, som har st\u00e5tt i sentrum for flere av \u00e5rets mest omtalte rettsdramaer. Foto: J\u00f8rn H. Moen \/ Dagbladet\n    <\/p>\n<p>Likevel er han if\u00f8lge sine egne ord ikke i stand til \u00e5 v\u00e6re utilgjengelig.<\/p>\n<p>&#8211; Da vil jeg f\u00f8le meg helt handikappet, utilgjengelighet kler meg ikke. Men jeg er ganske flink til \u00e5 kunne slappe av selv om jeg er tilgjengelig.<\/p>\n<p class=\"italic m-italic\" data-lab-italic=\"italic\">&#8211; N\u00e5r du er hjemme og slapper helt av med hjerned\u00f8de TV-serier, kommer da joggebuksa fram fra skapet?<\/p>\n<p>    <a itemprop=\"url\" href=\"https:\/\/www.dagbladet.no\/nyheter\/rort-til-tarer-1\/83783088\" rel=\"nofollow noopener\" target=\"_blank\"><\/p>\n<p>        <img loading=\"lazy\" decoding=\"async\" src=\"https:\/\/www.europesays.com\/no\/wp-content\/uploads\/2025\/12\/1766822794_550_83795366.webp\" width=\"980\" height=\"441\" title=\"R\u00f8rt til t\u00e5rer\" alt=\"\" class=\"lazyload\" style=\"--aspect-ratio-image: 2.22; \"\/><\/p>\n<p>        R\u00f8rt til t\u00e5rer<\/p>\n<p>    <\/a><\/p>\n<p class=\"font-weight-bold m-font-weight-bold\" data-lab-font_weight=\"font-weight-bold\">&#8211; Nei, jeg har aldri skiftet til joggebukse, avsl\u00f8rer han f\u00f8r han f\u00f8lger opp:<\/p>\n<p>&#8211; Men jeg sitter heller ikke i dress, for \u00e5 si det s\u00e5nn. Kona er veldig flink til det, hun skifter over til joggebukse hjemme i sofaen. Jeg er nok oftere i de samme kl\u00e6rne, men da ikke n\u00f8dvendigvis i dress og slips. Det er ikke kl\u00e6rne det kommer an p\u00e5, det handler mer om \u00e5 kunne koble ut.<\/p>\n<p>&#8211; Nei, det kan du ikke<\/p>\n<p>Etter et mildt sagt begivenhetsrikt \u00e5r i jussens tjeneste, ser John Christian Elden fram til \u00e5 kunne ta en lang juleferie. Planen er v\u00e6re i Spania til utp\u00e5 ny\u00e5ret, slik at han og kona kan feire b\u00e5de jul og nytt\u00e5r sammen i sydensola.<\/p>\n<p class=\"font-weight-bold m-font-weight-bold\" data-lab-font_weight=\"font-weight-bold\">&#8211; Vi tar morgenflyet ned til Marbella, og innen klokka er blitt 12 s\u00e5 sitter jeg p\u00e5 den lokale restauranten med beina p\u00e5 bordet og et glass champagne eller en mojito. Da kjenner jeg at \u00abn\u00e5 er det ferie\u00bb.<\/p>\n<p>        <img loading=\"lazy\" decoding=\"async\" src=\"https:\/\/www.europesays.com\/no\/wp-content\/uploads\/2025\/12\/83987308.webp\" width=\"980\" height=\"559\" title=\"JUL I SOLA: Etter et hektisk \u00e5r setter Elden kursen mot Marbella for \u00e5 feire jul og nytt\u00e5r med kona Sol.&#10;Foto: J\u00f8rn H. Moen \/ Dagbladet\" alt=\"\" class=\"\" style=\"--aspect-ratio-image: 1.75; \"\/><\/p>\n<p>\n        JUL I SOLA: Etter et hektisk \u00e5r setter Elden kursen mot Marbella for \u00e5 feire jul og nytt\u00e5r med kona Sol.<br \/>\nFoto: J\u00f8rn H. Moen \/ Dagbladet\n    <\/p>\n<p>Tross i at Elden beskriver seg som en mann som verner om privatlivet og familien, har han ikke holdt igjen under intervjuet. Vi benytter anledningen og fyrer av g\u00e5rde et ekstra sp\u00f8rsm\u00e5l helt p\u00e5 tampen:<\/p>\n<p class=\"italic m-italic font-weight-bold m-font-weight-bold\" data-lab-italic=\"italic\" data-lab-font_weight=\"font-weight-bold\">&#8211; Kan jeg forresten sp\u00f8rre deg om hva som er det mest romantiske du har gjort for Sol?<\/p>\n<p>    <a itemprop=\"url\" href=\"https:\/\/www.dagbladet.no\/nyheter\/dodsdomt-prest-ser-ham-ofte\/83782685\" rel=\"nofollow noopener\" target=\"_blank\"><\/p>\n<p>        <img loading=\"lazy\" decoding=\"async\" src=\"https:\/\/www.europesays.com\/no\/wp-content\/uploads\/2025\/12\/83793042.webp\" width=\"147\" height=\"98\" title=\"D\u00f8dsd\u00f8mt prest: Her fant de ham\" alt=\"\" class=\"lazyload\" style=\"--aspect-ratio-image: 1.50; \"\/><\/p>\n<p>        D\u00f8dsd\u00f8mt prest: Her fant de ham<\/p>\n<p>    <\/a><\/p>\n<p>Svaret kommer kontant fra et steinansikt p\u00e5 andre sida av bordet:<\/p>\n<p>&#8211; Nei, det kan du ikke.<\/p>\n<p>Han bryter opp i et smil.<\/p>\n<p class=\"font-weight-bold m-font-weight-bold\" data-lab-font_weight=\"font-weight-bold\">&#8211; Hun har minnet meg p\u00e5 at jeg ga henne blomster for 20 \u00e5r siden.\u00a0<\/p>\n<p class=\"font-weight-bold m-font-weight-bold\" data-lab-font_weight=\"font-weight-bold\">Dagbladet foresl\u00e5r forsiktig at det kanskje kunne passe \u00e5 komme hjem med en ny bukett.<\/p>\n<p class=\"font-weight-normal m-font-weight-normal\" data-lab-font_weight=\"font-weight-normal\">&#8211; Jeg f\u00e5r tenke p\u00e5 det. Kanskje jeg skal gj\u00f8re det n\u00e5r jeg legger opp.<\/p>\n","protected":false},"excerpt":{"rendered":"Han har forsvart Nokas-ranere, politikere p\u00e5 kanten, kjendiser i krise og idrettsprofiler i fritt fall. John Christian Elden&hellip;\n","protected":false},"author":2,"featured_media":122643,"comment_status":"","ping_status":"","sticky":false,"template":"","format":"standard","meta":{"footnotes":""},"categories":[10],"tags":[20,21,24,25,15,2539,22,23,13,30,28,29,14,16,26,27,553],"class_list":{"0":"post-122642","1":"post","2":"type-post","3":"status-publish","4":"format-standard","5":"has-post-thumbnail","7":"category-norge","8":"tag-breaking-news","9":"tag-breakingnews","10":"tag-featured-news","11":"tag-featurednews","12":"tag-headlines","13":"tag-innenriks","14":"tag-latest-news","15":"tag-latestnews","16":"tag-news","17":"tag-no","18":"tag-norge","19":"tag-norway","20":"tag-nyheter","21":"tag-overskrifter","22":"tag-top-stories","23":"tag-topstories","24":"tag-vaer"},"share_on_mastodon":{"url":"https:\/\/pubeurope.com\/@no\/115790505468428162","error":""},"_links":{"self":[{"href":"https:\/\/www.europesays.com\/no\/wp-json\/wp\/v2\/posts\/122642","targetHints":{"allow":["GET"]}}],"collection":[{"href":"https:\/\/www.europesays.com\/no\/wp-json\/wp\/v2\/posts"}],"about":[{"href":"https:\/\/www.europesays.com\/no\/wp-json\/wp\/v2\/types\/post"}],"author":[{"embeddable":true,"href":"https:\/\/www.europesays.com\/no\/wp-json\/wp\/v2\/users\/2"}],"replies":[{"embeddable":true,"href":"https:\/\/www.europesays.com\/no\/wp-json\/wp\/v2\/comments?post=122642"}],"version-history":[{"count":0,"href":"https:\/\/www.europesays.com\/no\/wp-json\/wp\/v2\/posts\/122642\/revisions"}],"wp:featuredmedia":[{"embeddable":true,"href":"https:\/\/www.europesays.com\/no\/wp-json\/wp\/v2\/media\/122643"}],"wp:attachment":[{"href":"https:\/\/www.europesays.com\/no\/wp-json\/wp\/v2\/media?parent=122642"}],"wp:term":[{"taxonomy":"category","embeddable":true,"href":"https:\/\/www.europesays.com\/no\/wp-json\/wp\/v2\/categories?post=122642"},{"taxonomy":"post_tag","embeddable":true,"href":"https:\/\/www.europesays.com\/no\/wp-json\/wp\/v2\/tags?post=122642"}],"curies":[{"name":"wp","href":"https:\/\/api.w.org\/{rel}","templated":true}]}}