{"id":122647,"date":"2025-12-27T08:12:09","date_gmt":"2025-12-27T08:12:09","guid":{"rendered":"https:\/\/www.europesays.com\/no\/122647\/"},"modified":"2025-12-27T08:12:09","modified_gmt":"2025-12-27T08:12:09","slug":"kina-taiwan-kina-med-sanksjoner-mot-amerikanske-selskaper-etter-vapensalg","status":"publish","type":"post","link":"https:\/\/www.europesays.com\/no\/122647\/","title":{"rendered":"Kina, Taiwan | Kina med sanksjoner mot amerikanske selskaper etter v\u00e5pensalg"},"content":{"rendered":"\n<p>De nye sanksjonene ble kunngjort fredag og inkluderer blant annet et Boeing-datterselskap, Northrop Grumman og flere andre. Selskapene har tilsynelatende liten eller ingen aktivitet i Kina, og enkelte av dem har ogs\u00e5 tidligere blitt ilagt sanksjoner.<\/p>\n<p>De nye restriksjonene inneb\u00e6rer at kinesiske virksomheter ikke kan jobbe eller handle med selskapene p\u00e5 sanksjonslisten. Eventuelle midler selskapene har i Kina, vil bli sperret.<\/p>\n<p>USA har lenge v\u00e6rt den viktigste leverand\u00f8ren av v\u00e5pen til Taiwan, tross Kinas misn\u00f8ye.<\/p>\n<p>\u2013 V\u00e5pensalget er i strid med prinsippet om ett Kina og gj\u00f8r betydelig skade p\u00e5 Kinas suverenitet og integritet, sier Kinas utenriksdepartement i en uttalelse.<\/p>\n<p>Kina ser p\u00e5 den selvstyrte, demokratiske \u00f8ya som sitt territorium og vil utelukke bruken av makt for \u00e5 f\u00e5 kontroll over Taiwan.<\/p>\n<p>(\u00a9NTB)<\/p>\n","protected":false},"excerpt":{"rendered":"De nye sanksjonene ble kunngjort fredag og inkluderer blant annet et Boeing-datterselskap, Northrop Grumman og flere andre. Selskapene&hellip;\n","protected":false},"author":2,"featured_media":3844,"comment_status":"","ping_status":"","sticky":false,"template":"","format":"standard","meta":{"footnotes":""},"categories":[12],"tags":[20,21,24,25,15,22,23,13,30,28,29,14,16,26,27,42,43,44,45],"class_list":{"0":"post-122647","1":"post","2":"type-post","3":"status-publish","4":"format-standard","5":"has-post-thumbnail","7":"category-verden","8":"tag-breaking-news","9":"tag-breakingnews","10":"tag-featured-news","11":"tag-featurednews","12":"tag-headlines","13":"tag-latest-news","14":"tag-latestnews","15":"tag-news","16":"tag-no","17":"tag-norge","18":"tag-norway","19":"tag-nyheter","20":"tag-overskrifter","21":"tag-top-stories","22":"tag-topstories","23":"tag-verden","24":"tag-world","25":"tag-world-news","26":"tag-worldnews"},"share_on_mastodon":{"url":"https:\/\/pubeurope.com\/@no\/115790528120446345","error":""},"_links":{"self":[{"href":"https:\/\/www.europesays.com\/no\/wp-json\/wp\/v2\/posts\/122647","targetHints":{"allow":["GET"]}}],"collection":[{"href":"https:\/\/www.europesays.com\/no\/wp-json\/wp\/v2\/posts"}],"about":[{"href":"https:\/\/www.europesays.com\/no\/wp-json\/wp\/v2\/types\/post"}],"author":[{"embeddable":true,"href":"https:\/\/www.europesays.com\/no\/wp-json\/wp\/v2\/users\/2"}],"replies":[{"embeddable":true,"href":"https:\/\/www.europesays.com\/no\/wp-json\/wp\/v2\/comments?post=122647"}],"version-history":[{"count":0,"href":"https:\/\/www.europesays.com\/no\/wp-json\/wp\/v2\/posts\/122647\/revisions"}],"wp:featuredmedia":[{"embeddable":true,"href":"https:\/\/www.europesays.com\/no\/wp-json\/wp\/v2\/media\/3844"}],"wp:attachment":[{"href":"https:\/\/www.europesays.com\/no\/wp-json\/wp\/v2\/media?parent=122647"}],"wp:term":[{"taxonomy":"category","embeddable":true,"href":"https:\/\/www.europesays.com\/no\/wp-json\/wp\/v2\/categories?post=122647"},{"taxonomy":"post_tag","embeddable":true,"href":"https:\/\/www.europesays.com\/no\/wp-json\/wp\/v2\/tags?post=122647"}],"curies":[{"name":"wp","href":"https:\/\/api.w.org\/{rel}","templated":true}]}}