{"id":122648,"date":"2025-12-27T08:13:12","date_gmt":"2025-12-27T08:13:12","guid":{"rendered":"https:\/\/www.europesays.com\/no\/122648\/"},"modified":"2025-12-27T08:13:12","modified_gmt":"2025-12-27T08:13:12","slug":"melkebil-osteroy-melkebil-har-sklidd-av-veien-ekstremt-glatte-veier","status":"publish","type":"post","link":"https:\/\/www.europesays.com\/no\/122648\/","title":{"rendered":"Melkebil, Oster\u00f8y | Melkebil har sklidd av veien: \u2013 Ekstremt glatte veier"},"content":{"rendered":"\n<p>\u2013 En melkebil har sklidd av veibanen og inn i en lyktestolpe, sier operasjonsleder i politiet, Tatjana Knappen til BA.<\/p>\n<p>Ulykken skjedde p\u00e5 Fotlandsvegen nord for Lonev\u00e5g p\u00e5 Oster\u00f8y.<\/p>\n<p>To personer var i bilen som veltet. De skal v\u00e6re uskadet.<\/p>\n<p><b>\u2013 Det er ekstremt glatte veier i distriktene. Brannvesenet har kj\u00f8rt ut, sier Knappen.<\/b><\/p>\n<p>De m\u00e5tte kj\u00f8re i 20 kilometer i timen p\u00e5 grunn av forholdene.<\/p>\n<p>Speilglatt<\/p>\n<p><b>\u2013 Vi hentet melk. Det var ikke glatt p\u00e5 vei opp, men ned igjen, sier sj\u00e5f\u00f8ren til BA mens han sakte tripper langs veien som er speilglatt.<\/b><\/p>\n<p>Tankbilen kunne kj\u00f8re videre igjen 0845, men m\u00f8tte kort tid etter p\u00e5 en str\u00f8mledning som blokkerte veien.<\/p>\n<p>Med hjelp fra BA ble den l\u00f8ftet h\u00f8yt nok til at melkebilen kunne passere og gj\u00f8re sine oppdrag.<\/p>\n<p>Sj\u00e5f\u00f8ren tok uhellet med godt hum\u00f8r, og frykter ikke for at det g\u00e5r utover dagens leveranser til tross utsettelsen.<\/p>\n<p>\u2013 Vi har godt med rom \u00e5 spille p\u00e5! S\u00e5nn forholdene er n\u00e5, s\u00e5 hjelper det nesten ikke \u00e5 ta det med ro engang.<\/p>\n<p>Over 1000 uten str\u00f8m<\/p>\n<p>BKK meldte om et str\u00f8mbrudd i 07-tiden.<\/p>\n<p>\u00c5rsaken var alts\u00e5 melkebilen, etter at det skal ha begynt \u00e5 brenne i en trafo.<\/p>\n<p>\u2013 Str\u00f8mmen er tatt bevisst.<\/p>\n<p>If\u00f8lge BKK var det 1472 ber\u00f8rte kunder. Litt etter klokken 08 var antallet redusert til 66.<\/p>\n<p>   <img decoding=\"async\" width=\"964\" height=\"744\" fetchpriority=\"low\"  loading=\"lazy\"  src=\"https:\/\/www.europesays.com\/no\/wp-content\/uploads\/2025\/12\/Skjermbilde.PNG\" alt=\"\" class=\"brick-c-cFOWSL\" style=\"--brick-image-ratio: 964 \/ 744;\"\/><\/p>\n<p>If\u00f8lge vaktkommand\u00f8r ved 110-vest, Jostein Steinsland-Hauge, s\u00e5 blir veien trolig stengt en stund fremover av sikkerhetsmessige \u00e5rsaker.<\/p>\n<p>Masten ligger knekt over veibanen.<\/p>\n<p>Vi oppdaterer saken.<\/p>\n","protected":false},"excerpt":{"rendered":"\u2013 En melkebil har sklidd av veibanen og inn i en lyktestolpe, sier operasjonsleder i politiet, Tatjana Knappen&hellip;\n","protected":false},"author":2,"featured_media":1615,"comment_status":"","ping_status":"","sticky":false,"template":"","format":"standard","meta":{"footnotes":""},"categories":[10],"tags":[36,14549,20,21,24,25,15,22,23,14548,13,30,28,29,14,533,16,1510,26,27],"class_list":{"0":"post-122648","1":"post","2":"type-post","3":"status-publish","4":"format-standard","5":"has-post-thumbnail","7":"category-norge","8":"tag-art","9":"tag-bkk","10":"tag-breaking-news","11":"tag-breakingnews","12":"tag-featured-news","13":"tag-featurednews","14":"tag-headlines","15":"tag-latest-news","16":"tag-latestnews","17":"tag-melkebil","18":"tag-news","19":"tag-no","20":"tag-norge","21":"tag-norway","22":"tag-nyheter","23":"tag-osteroy","24":"tag-overskrifter","25":"tag-story","26":"tag-top-stories","27":"tag-topstories"},"share_on_mastodon":{"url":"https:\/\/pubeurope.com\/@no\/115790532408899188","error":""},"_links":{"self":[{"href":"https:\/\/www.europesays.com\/no\/wp-json\/wp\/v2\/posts\/122648","targetHints":{"allow":["GET"]}}],"collection":[{"href":"https:\/\/www.europesays.com\/no\/wp-json\/wp\/v2\/posts"}],"about":[{"href":"https:\/\/www.europesays.com\/no\/wp-json\/wp\/v2\/types\/post"}],"author":[{"embeddable":true,"href":"https:\/\/www.europesays.com\/no\/wp-json\/wp\/v2\/users\/2"}],"replies":[{"embeddable":true,"href":"https:\/\/www.europesays.com\/no\/wp-json\/wp\/v2\/comments?post=122648"}],"version-history":[{"count":0,"href":"https:\/\/www.europesays.com\/no\/wp-json\/wp\/v2\/posts\/122648\/revisions"}],"wp:featuredmedia":[{"embeddable":true,"href":"https:\/\/www.europesays.com\/no\/wp-json\/wp\/v2\/media\/1615"}],"wp:attachment":[{"href":"https:\/\/www.europesays.com\/no\/wp-json\/wp\/v2\/media?parent=122648"}],"wp:term":[{"taxonomy":"category","embeddable":true,"href":"https:\/\/www.europesays.com\/no\/wp-json\/wp\/v2\/categories?post=122648"},{"taxonomy":"post_tag","embeddable":true,"href":"https:\/\/www.europesays.com\/no\/wp-json\/wp\/v2\/tags?post=122648"}],"curies":[{"name":"wp","href":"https:\/\/api.w.org\/{rel}","templated":true}]}}