{"id":122649,"date":"2025-12-27T08:14:17","date_gmt":"2025-12-27T08:14:17","guid":{"rendered":"https:\/\/www.europesays.com\/no\/122649\/"},"modified":"2025-12-27T08:14:17","modified_gmt":"2025-12-27T08:14:17","slug":"politiet-i-nordland-ber-folk-holde-seg-inne-lose-eiendeler-flyr","status":"publish","type":"post","link":"https:\/\/www.europesays.com\/no\/122649\/","title":{"rendered":"Politiet i Nordland ber folk holde seg inne: \u2013 L\u00f8se eiendeler flyr"},"content":{"rendered":"<p class=\"extendedContent hyperion-css-eyn926\" data-test-tag=\"lead-text\">E6 over Saltfjellet er stengt. Flere enn 17.000 husholdninger er uten str\u00f8m. 3. juledag er det ventet voldsomme vindkast i deler av Norge.<\/p>\n<p><img decoding=\"async\" class=\"image-asset hyperion-css-1dqxazh\" data-test-tag=\"image-asset\" src=\"https:\/\/www.europesays.com\/no\/wp-content\/uploads\/2025\/12\/eeaa40ad-b906-4c77-ba34-ba5dba65efe9\"  alt=\"Fra farevarselet. Kartet viser Nordland og deler av S\u00f8r-Troms.\"  loading=\"eager\" fetchpriority=\"high\" style=\"aspect-ratio:1111 \/ 628\"\/>Fra farevarselet. Kartet viser Nordland og deler av S\u00f8r-Troms. Foto: Varsom.no<\/p>\n<p class=\"paywall hyperion-css-1j42uic\">Flere steder i Norge har opplevd kraftig uv\u00e6r fredag og l\u00f8rdag. Aller verst er vinden i Nord-Norge.<\/p>\n<p class=\"paywall hyperion-css-1j42uic\">Nordland politidistrikt f\u00e5r mange henvendelser:<\/p>\n<p class=\"paywall hyperion-css-1j42uic\">\u2013 Det er varslet om tak som l\u00f8sner, tr\u00e6r som er veltet over vei, trampoliner og l\u00f8se eiendeler som flyr, skriver operasjonsleder Ina Kristin Selfors i politiloggen.<\/p>\n<p class=\"paywall hyperion-css-1j42uic\">Hun anbefaler folk \u00e5 \u00abavvente \u00e5 g\u00e5 utend\u00f8rs til vinden har roet seg\u00bb.<\/p>\n<p class=\"paywall hyperion-css-1j42uic\">\u2013 Det bl\u00e5ser gjenstander rundt i hele Nordland. Det kan v\u00e6re fare for at personer blir skadet.<\/p>\n<p class=\"paywall hyperion-css-1j42uic\">E6 over Saltfjellet ble stengt for all trafikk natt til l\u00f8rdag. \u00c5rsaken er uv\u00e6ret.<\/p>\n<p class=\"paywall hyperion-css-1j42uic\">If\u00f8lge NTB var \u00e5tte flyvninger, i Nord- og Midt-Norge, allerede kansellert ved 6-tiden.<\/p>\n<p>Garasje tatt av vinden<\/p>\n<p class=\"paywall hyperion-css-1j42uic\">Kystomr\u00e5der i Nordland er spesielt hardt rammet. <\/p>\n<p><img decoding=\"async\" class=\"image-asset hyperion-css-vsgflo\" data-test-tag=\"image-asset\" src=\"https:\/\/www.europesays.com\/no\/wp-content\/uploads\/2025\/12\/99bf2380-3f52-47ff-b471-9f8d57bc685a\"  alt=\"Slik s\u00e5 det ut p\u00e5 E6 ved S\u00f8relva i morgentimene l\u00f8rdag.\"  loading=\"eager\" fetchpriority=\"high\" style=\"aspect-ratio:800 \/ 600\"\/>Slik s\u00e5 det ut p\u00e5 E6 ved S\u00f8relva i morgentimene l\u00f8rdag. Foto: Statens vegvesen<\/p>\n<p class=\"paywall hyperion-css-1j42uic\">I Hemnes ble en garasje tatt av vinden i natt, slik at den sperret noe av en vei. Politiet har ikke meldt om personskader.<\/p>\n<p class=\"paywall hyperion-css-1j42uic\">Fredag (2. juledag) ble det sendt ut oransje farevarsel om kraftig vind. \u00abDet ventes lokalt sv\u00e6rt kraftige vindkast p\u00e5 35\u201344 m\/s fra nordvest og nordlig retning\u00bb, skriver varsom.novarsom.noDrives av Norges vassdrags- og energidirektorat (NVE) i samarbeid med Meteorologisk institutt, Statens vegvesen og Bane Nor i sitt <a aria-label=\"farevarsel\" class=\"breaking-short hyperion-css-1raymq9\" href=\"https:\/\/www.varsom.no\/vaervarsling\/varsel\/150100\" target=\"_blank\" rel=\"noopener nofollow noreferrer\" data-test-tag=\"external-link\">farevarsel<\/a>.<\/p>\n<p class=\"paywall hyperion-css-1j42uic\">De melder ogs\u00e5 at det \u00abkan hende\u00bb det blir orkan. Den sterkeste vinden skal komme i Lofoten, Vester\u00e5len og Salten.<\/p>\n<p>Kansellerte flygninger<\/p>\n<p class=\"hyperion-css-ffjyk2\">Ved seks tiden var f\u00f8lgende flygninger kansellert, if\u00f8lge NTB:<\/p>\n<p>Vis mer\u2013 Vurder konsekvensene av \u00e5 reise<\/p>\n<p class=\"paywall hyperion-css-1j42uic\">I 9-tiden var flere enn 17.000 husholdninger uten str\u00f8m i Nordland, if\u00f8lge str\u00f8mstanskartene til <a aria-label=\"Arva \" class=\"breaking-short hyperion-css-1raymq9\" href=\"https:\/\/arva.no\/stromstans\" target=\"_blank\" rel=\"noopener nofollow noreferrer\" data-test-tag=\"external-link\">Arva <\/a>og <a aria-label=\"Linea.\" class=\"breaking-short hyperion-css-1raymq9\" href=\"https:\/\/www.linea.no\/no\/kunde\/strombruddskart\" target=\"_blank\" rel=\"noopener nofollow noreferrer\" data-test-tag=\"external-link\">Linea.<\/a><\/p>\n<p class=\"paywall hyperion-css-1j42uic\">Uv\u00e6ret f\u00e5r ogs\u00e5 store konsekvenser for trafikken.<\/p>\n<p class=\"paywall hyperion-css-1j42uic\">Fergeavganger, veier og broer vil kunne bli stengt p\u00e5 kort varsel. Alle ferjer fra Bod\u00f8, R\u00f8st, V\u00e6r\u00f8y og Moskenes er innstilt l\u00f8rdag. I tillegg er alts\u00e5 E6 over Saltfjellet stengt.<\/p>\n<p class=\"paywall hyperion-css-1j42uic\">Statens vegvesen oppfordrer alle til \u00e5 respektere r\u00f8dt lys og stengte veier, fordi det er fare for liv og helse om man ikke gj\u00f8r det.<\/p>\n<p class=\"paywall hyperion-css-1j42uic\">\u2013 Vurder konsekvensene av \u00e5 reise og sjekk forholdene p\u00e5 Vegvesen trafikk hvis du m\u00e5 ut p\u00e5 tur, advarer avdelingsdirekt\u00f8r for drift og vedlikehold nord Oddbj\u00f8rg Mikkelsen p\u00e5 <a aria-label=\"vegvesen.no\" class=\"breaking-short hyperion-css-1raymq9\" href=\"https:\/\/www.vegvesen.no\/om-oss\/presse\/aktuelt\/2025\/12\/uvar-i-nord2\/\" target=\"_blank\" rel=\"noopener nofollow noreferrer\" data-test-tag=\"external-link\">vegvesen.no<\/a>.<\/p>\n","protected":false},"excerpt":{"rendered":"E6 over Saltfjellet er stengt. Flere enn 17.000 husholdninger er uten str\u00f8m. 3. juledag er det ventet voldsomme&hellip;\n","protected":false},"author":2,"featured_media":122650,"comment_status":"","ping_status":"","sticky":false,"template":"","format":"standard","meta":{"footnotes":""},"categories":[5],"tags":[20,21,24,25,15,19,22,23,17,18,13,30,28,29,14,16,26,27],"class_list":{"0":"post-122649","1":"post","2":"type-post","3":"status-publish","4":"format-standard","5":"has-post-thumbnail","7":"category-overskrifter","8":"tag-breaking-news","9":"tag-breakingnews","10":"tag-featured-news","11":"tag-featurednews","12":"tag-headlines","13":"tag-hovedoppslag","14":"tag-latest-news","15":"tag-latestnews","16":"tag-main-news","17":"tag-mainnews","18":"tag-news","19":"tag-no","20":"tag-norge","21":"tag-norway","22":"tag-nyheter","23":"tag-overskrifter","24":"tag-top-stories","25":"tag-topstories"},"share_on_mastodon":{"url":"https:\/\/pubeurope.com\/@no\/115790536244294137","error":""},"_links":{"self":[{"href":"https:\/\/www.europesays.com\/no\/wp-json\/wp\/v2\/posts\/122649","targetHints":{"allow":["GET"]}}],"collection":[{"href":"https:\/\/www.europesays.com\/no\/wp-json\/wp\/v2\/posts"}],"about":[{"href":"https:\/\/www.europesays.com\/no\/wp-json\/wp\/v2\/types\/post"}],"author":[{"embeddable":true,"href":"https:\/\/www.europesays.com\/no\/wp-json\/wp\/v2\/users\/2"}],"replies":[{"embeddable":true,"href":"https:\/\/www.europesays.com\/no\/wp-json\/wp\/v2\/comments?post=122649"}],"version-history":[{"count":0,"href":"https:\/\/www.europesays.com\/no\/wp-json\/wp\/v2\/posts\/122649\/revisions"}],"wp:featuredmedia":[{"embeddable":true,"href":"https:\/\/www.europesays.com\/no\/wp-json\/wp\/v2\/media\/122650"}],"wp:attachment":[{"href":"https:\/\/www.europesays.com\/no\/wp-json\/wp\/v2\/media?parent=122649"}],"wp:term":[{"taxonomy":"category","embeddable":true,"href":"https:\/\/www.europesays.com\/no\/wp-json\/wp\/v2\/categories?post=122649"},{"taxonomy":"post_tag","embeddable":true,"href":"https:\/\/www.europesays.com\/no\/wp-json\/wp\/v2\/tags?post=122649"}],"curies":[{"name":"wp","href":"https:\/\/api.w.org\/{rel}","templated":true}]}}